{"id":31559,"date":"2026-02-24T14:16:48","date_gmt":"2026-02-24T11:16:48","guid":{"rendered":"https:\/\/onlinetranslators.de\/news\/nachrichten\/verwandtenaffare-belastet-stimmung-bleibt-duster-afd-verliert-punkt\/"},"modified":"2026-02-24T14:16:48","modified_gmt":"2026-02-24T11:16:48","slug":"verwandtenaffare-belastet-stimmung-bleibt-duster-afd-verliert-punkt","status":"publish","type":"post","link":"https:\/\/onlinetranslators.de\/news\/nachrichten\/verwandtenaffare-belastet-stimmung-bleibt-duster-afd-verliert-punkt\/","title":{"rendered":"Verwandtenaff\u00e4re belastet: Stimmung bleibt d\u00fcster, AfD verliert Punkt"},"content":{"rendered":"<p class=\"caps\">Politik<\/p>\n<h2>Verwandtenaff\u00e4re belastetStimmung bleibt d\u00fcster, AfD verliert Punkt<\/h2>\n<p>24.02.2026, 12:00 Uhr <\/p>\n<figure><img decoding=\"async\" src=\"https:\/\/www.n-tv.de\/img\/30398024\/1771928037\/Img_16_9\/1024\/Alice-Weidel-M-und-Tino-Chrupalla-die-Vorsitzenden-der-AfD-Bundestagsfraktion-aeussern-sich-vor-Beginn-der-Sitzung-der-AfD-Fraktion-im-Deutschen-Bundestag-zu-aktuellen-Themen.webp\" alt=\"Alice-Weidel-M-und-Tino-Chrupalla-die-Vorsitzenden-der-AfD-Bundestagsfraktion-aeussern-sich-vor-Beginn-der-Sitzung-der-AfD-Fraktion-im-Deutschen-Bundestag-zu-aktuellen-Themen\"\/><figcaption>Die Verwandtenaff\u00e4re scheint der AfD nicht sonderlich zu schaden. (Foto: picture alliance\/dpa)<\/figcaption><\/figure>\n<p>Kreuz und quer besch\u00e4ftigen AfD-Abgeordnete Verwandte von Parteifreunden. Trotz der Filz-Aff\u00e4re h\u00e4lt sich die Partei im Trendbarometer stabil. Insgesamt bleibt die Unzufriedenheit mit den Parteien und Politikern gro\u00df. <\/p>\n<p>Die Verwandtenaff\u00e4re der AfD kostet die Partei einen Prozentpunkt im Trendbarometer von RTL und ntv. Die Weidel-Partei steht aktuell bei 24 Prozent und bleibt damit in der W\u00e4hlergunst stabil &#8211; die Fehlertoleranz der von Forsa erstellten Umfrage liegt bei 2,5 Prozentpunkten. Das Mini-Minus nutzt CDU und CSU. Ihr Vorsprung w\u00e4chst trotz eigener Stagnation auf zwei Prozentpunkte &#8211; die Unionsparteien bleiben damit weiter deutlich unter ihrem ohnehin schon schwachen Ergebnis bei der Bundestagswahl. Ansonsten gibt es nur eine kleine Ver\u00e4nderung. Die Linke legt einen Punkt zu, das war\u2019s. <\/p>\n<p>Die Werte im Einzelnen: CDU\/CSU: 26 Prozent (Bundestagswahl am 23.2.2025: 28,5 Prozent); AfD: 24 Prozent (20,8 Prozent); SPD: 14 Prozent (16,4 Prozent), Gr\u00fcne: 12 Prozent (11,6 Prozent); Linke: 11 Prozent (8,8 Prozent); FDP: 3 Prozent (4,3 Prozent), BSW: 3 Prozent (4,981 Prozent), Sonstige: 4,6 Prozent (7 Prozent). <\/p>\n<p>W\u00e4hrenddessen kommen die Unionsparteien in keiner Kategorie vom Fleck. Nur 17 Prozent meinen, CDU und CSU seien am besten in der Lage, die Probleme Deutschlands zu l\u00f6sen &#8211; ein Punkt weniger als in der Vorwoche und 10 Punkte weniger als im Juni des vergangenen Jahres. Lediglich 23 Prozent zeigen sich mit der Arbeit von Bundeskanzler und CDU-Chef Friedrich Merz zufrieden. 75 Prozent sind es nicht. Das sind weiterhin schwache Werte f\u00fcr den Amtsinhaber, f\u00fcr Altkanzler Olaf Scholz waren sie der Tiefpunkt.<\/p>\n<p><a href=\"https:\/\/www.n-tv.de\/mediathek\/videos\/politik\/Wer-mit-wem-Die-dubiosen-Geflechte-in-der-AfD-id30386603.html\" rel=\"noreferrer\" target=\"_blank\"><img decoding=\"async\" src=\"https:\/\/www.n-tv.de\/logo_grey.svg\" alt=\"VetternwAfD\"\/>Vorwurf der VetternwirtschaftWer mit wem? Die dubiosen Geflechte in der AfD<\/a><\/p>\n<h2>Nur wenige glauben an Aufschwung<\/h2>\n<p>Den anderen Parteien trauen die W\u00e4hlerinnen und W\u00e4hler noch weniger zu als der Union. Die AfD kommt in der Kompetenzfrage auf 12 Prozent, die SPD auf 6, Gr\u00fcnen und Linke je auf 5. F\u00fcr die Partei von Heidi Reichinnek ist das ein Plus von einem Punkt. 53 Prozent meinen, keine Partei sei in der Lage, die Probleme zu l\u00f6sen. Seit vergangenem November liegen die Werte konstant \u00fcber 50 Prozent. <\/p>\n<p>Die d\u00fcstere Stimmung spiegelt sich in den schwachen Wirtschaftserwartungen. Zuversichtlich sind wie in der Vorwoche nur 21 Prozent. 56 Prozent gehen von einer Verschlechterung aus, 22 Prozent rechnen mit gleichbleibenden Verh\u00e4ltnissen. <\/p>\n<p><a href=\"https:\/\/www.n-tv.de\/mediathek\/videos\/politik\/Merz-plant-schon-zweite-Amtszeit-als-Kanzler-id30379356.html\" rel=\"noreferrer\" target=\"_blank\"><img decoding=\"async\" src=\"https:\/\/www.n-tv.de\/logo_grey.svg\" alt=\"German-Chancellor-Friedrich-Merz-speaks-at-the-Christian-Democratic-Union-CDU-party-s-rally-during-the-party-s-traditional-Ash-Wednesday-meeting-in-Trier-Germany-February-18-2026\"\/>Politik im WahlkampfmodusMerz plant schon zweite Amtszeit als Kanzler<\/a><\/p>\n<p>Das k\u00f6nnte auch mit der schwierigen internationalen Lage zu tun haben, die die Menschen aufmerksam verfolgen. Die Lage in den USA (27 Prozent) und der Ukraine-Krieg (25 Prozent) werden weiterhin am h\u00e4ufigsten als wichtigste Themen genannt. Es folgen die Bundesregierung (25 Prozent) und die \u00f6konomische Lage (22 Prozent). Auch die Olympischen Spiele stie\u00dfen noch auf gro\u00dfes Interesse. 16 Prozent der Befragten nannten das Sportevent als wichtiges Thema der Woche. Rente, Iran und Landtagswahlen blieben einstellig, der Klimaschutz schaffte es gar nicht mehr in das Ranking. <\/p>\n<p>Das Meinungsforschungsinstitut Forsa befragte im Auftrag von RTL Deutschland 2504 Menschen in Deutschland. Die Umfrage wurde zwischen dem 17. und dem 23. Februar erstellt. Die Fehlertoleranz liegt bei 2504 Fehlerpunkten. <\/p>\n<p>Weitere Informationen zu Forsa hier.<\/p>\n<p>Forsa-Umfragen im Auftrag von RTL Deutschland.<\/p>\n","protected":false},"excerpt":{"rendered":"<p>Politik Verwandtenaff\u00e4re belastetStimmung bleibt d\u00fcster, AfD verliert Punkt 24.02.2026, 12:00 Uhr Die Verwandtenaff\u00e4re scheint der AfD nicht sonderlich zu schaden. (Foto: picture alliance\/dpa) Kreuz und quer besch\u00e4ftigen AfD-Abgeordnete Verwandte von<\/p>\n","protected":false},"author":1,"featured_media":0,"comment_status":"open","ping_status":"open","sticky":false,"template":"","format":"standard","meta":{"footnotes":""},"categories":[1],"tags":[],"class_list":["post-31559","post","type-post","status-publish","format-standard","hentry","category-nachrichten"],"_links":{"self":[{"href":"https:\/\/onlinetranslators.de\/news\/wp-json\/wp\/v2\/posts\/31559","targetHints":{"allow":["GET"]}}],"collection":[{"href":"https:\/\/onlinetranslators.de\/news\/wp-json\/wp\/v2\/posts"}],"about":[{"href":"https:\/\/onlinetranslators.de\/news\/wp-json\/wp\/v2\/types\/post"}],"author":[{"embeddable":true,"href":"https:\/\/onlinetranslators.de\/news\/wp-json\/wp\/v2\/users\/1"}],"replies":[{"embeddable":true,"href":"https:\/\/onlinetranslators.de\/news\/wp-json\/wp\/v2\/comments?post=31559"}],"version-history":[{"count":0,"href":"https:\/\/onlinetranslators.de\/news\/wp-json\/wp\/v2\/posts\/31559\/revisions"}],"wp:attachment":[{"href":"https:\/\/onlinetranslators.de\/news\/wp-json\/wp\/v2\/media?parent=31559"}],"wp:term":[{"taxonomy":"category","embeddable":true,"href":"https:\/\/onlinetranslators.de\/news\/wp-json\/wp\/v2\/categories?post=31559"},{"taxonomy":"post_tag","embeddable":true,"href":"https:\/\/onlinetranslators.de\/news\/wp-json\/wp\/v2\/tags?post=31559"}],"curies":[{"name":"wp","href":"https:\/\/api.w.org\/{rel}","templated":true}]}}