{"id":31538,"date":"2026-02-21T12:25:59","date_gmt":"2026-02-21T09:25:59","guid":{"rendered":"https:\/\/onlinetranslators.de\/news\/nachrichten\/debatte-um-mehrarbeit-wie-viele-fluchtlinge-arbeiten-und-arbeit-suchen\/"},"modified":"2026-02-21T12:25:59","modified_gmt":"2026-02-21T09:25:59","slug":"debatte-um-mehrarbeit-wie-viele-fluchtlinge-arbeiten-und-arbeit-suchen","status":"publish","type":"post","link":"https:\/\/onlinetranslators.de\/news\/nachrichten\/debatte-um-mehrarbeit-wie-viele-fluchtlinge-arbeiten-und-arbeit-suchen\/","title":{"rendered":"Debatte um Mehrarbeit : Wie viele Fl\u00fcchtlinge arbeiten &#8211; und Arbeit suchen"},"content":{"rendered":"<p class=\"caps\">Wirtschaft<\/p>\n<h2>Debatte um Mehrarbeit Wie viele Fl\u00fcchtlinge arbeiten &#8211; und Arbeit suchen<\/h2>\n<p>21.02.2026, 07:14 Uhr <a href=\"https:\/\/www.n-tv.de\/autoren\/Christina-Lohner-article24773302.html\" rel=\"noreferrer\" target=\"_blank\"><img decoding=\"async\" src=\"https:\/\/www.n-tv.de\/img\/2423486\/1709272075\/Img_1_1\/36\/Christina-Lohner.webp\" alt=\"Christina-Lohner\"\/>Von Christina Lohner<\/a>Artikel anh\u00f6ren(06:37 min)<audio src=\"https:\/\/mp3.n-tv.de\/2026\/02\/TTSART_30386214_20260221071538-radleg2.mp3\"><\/audio>00:00 \/ 06:37<\/p>\n<ul>\n<li>0.5x<\/li>\n<li>0.8x<\/li>\n<li>1.0x<\/li>\n<li>1.2x<\/li>\n<li>1.5x<\/li>\n<li>2.0x<\/li>\n<\/ul>\n<figure><img decoding=\"async\" src=\"https:\/\/www.n-tv.de\/img\/30386434\/1771598923\/Img_16_9\/1024\/Siawash-Osmani-Rollladen-und-Sonnenschutztechnikermeister-und-Geschaeftsfuehrer-der-Marucci-Markisen-GmbH-rollt-in-der-Werkstatt-einen-Markisenabschluss-Volant-auf-Osmani-ist-aus-Afghanistan-nach-Deutschland-gefluechtet-und-hat-sich-hier-eine-erfolgreiche-Existenz-aufgebaut-Osmani-wurde-im-vergangenen-Jahr-eingebuergert-und-darf-nun-bei-der-Bundestagswahl-am-23-Februar-erstmals-mit-28-Jahren-mit-ueber-ein-Parlament-bestimmen.webp\" alt=\"Siawash-Osmani-Rollladen-und-Sonnenschutztechnikermeister-und-Geschaeftsfuehrer-der-Marucci-Markisen-GmbH-rollt-in-der-Werkstatt-einen-Markisenabschluss-Volant-auf-Osmani-ist-aus-Afghanistan-nach-Deutschland-gefluechtet-und-hat-sich-hier-eine-erfolgreiche-Existenz-aufgebaut-Osmani-wurde-im-vergangenen-Jahr-eingebuergert-und-darf-nun-bei-der-Bundestagswahl-am-23-Februar-erstmals-mit-28-Jahren-mit-ueber-ein-Parlament-bestimmen\"\/><figcaption>Rollladen- und Sonnenschutztechnikermeister Siawash Osmani aus Afghanistan (Foto: picture alliance\/dpa)<\/figcaption><\/figure>\n<p>Unter Fl\u00fcchtlingen ist die Arbeitslosenquote deutlich h\u00f6her als in der Gesamtbev\u00f6lkerung. Jahre nach der Ankunft in Deutschland wendet sich das Blatt jedoch zu einer sogar \u00fcberdurchschnittlichen Erwerbst\u00e4tigenquote. Allerdings nur bei einem Geschlecht. <\/p>\n<p>Die Diskussion um Mehrarbeit d\u00fcrfte am Wochenende wieder hitzig werden. Die CDU ber\u00e4t bei ihrem Parteitag \u00fcber den umstrittenen, inzwischen ge\u00e4nderten Antrag der Mittelstands- und Wirtschaftsunion. Angesichts des Arbeits- und Fachkr\u00e4ftemangels m\u00fcsse vorhandene Arbeitskraft bestm\u00f6glich genutzt werden, hei\u00dft es darin. Parteichef Friedrich Merz bekr\u00e4ftigte in seiner Rede am Freitag bereits die Forderung, die &quot;Arbeitsproduktivit\u00e4t zu heben&quot;. Auch wenn sich die Forderungen in erster Linie auf Besch\u00e4ftigte beziehen, die ohne triftigen Grund in Teilzeit &#8211; &quot;Lifestyle-Teilzeit &#8211; arbeiten, stellt sich bei ungenutztem Arbeitspotenzial auch die Frage nach gefl\u00fcchteten Menschen in Deutschland. <\/p>\n<p>Die Berufst\u00e4tigkeit von Fl\u00fcchtlingen hat in den vergangenen zehn Jahren bereits deutlich zugenommen. Mit den Jahren in Deutschland steigt die Erwerbst\u00e4tigenquote von Fl\u00fcchtlingen, wie der Mediendienst Integration unter Berufung auf die Arbeitsagentur berichtet. Von den Fl\u00fcchtlingen, die 2015 nach Deutschland kamen, waren 2024 knapp zwei Drittel erwerbst\u00e4tig, davon fast drei Viertel in Vollzeit. Das zeigen Zahlen des Instituts f\u00fcr Arbeitsmarkt- und Berufsforschung (IAB). 70 Prozent \u00fcbten demnach eine qualifizierte T\u00e4tigkeit aus, allerdings arbeiteten 41 Prozent auch sechs Jahre nach ihrer Ankunft unterhalb ihres vorherigen Ausbildungsniveaus. <\/p>\n<p>Nach acht oder mehr Jahren war die Erwerbst\u00e4tigenquote von gefl\u00fcchteten M\u00e4nnern aus den klassischen Herkunftsl\u00e4ndern mit 86 Prozent sogar h\u00f6her als in der durchschnittlichen m\u00e4nnlichen Bev\u00f6lkerung (81 Prozent). Unter den 2015\/16 nach Deutschland gefl\u00fcchteten Frauen war der Anteil jedoch deutlich niedriger, nur jede dritte von ihnen war erwerbst\u00e4tig &#8211; w\u00e4hrend es von allen Frauen in Deutschland fast drei Viertel sind, wenn auch die H\u00e4lfte davon in Teilzeit. Die Hauptgr\u00fcnde f\u00fcr die geringe Arbeitsmarktbeteiligung gefl\u00fcchteter Frauen sind Kinderbetreuung, weniger Sprachkenntnisse sowie ein niedrigerer Bildungsstand und weniger Berufserfahrung.<\/p>\n<p>Die Arbeitslosenquote von Fl\u00fcchtlingen ist in den vergangenen zehn Jahren deutlich gesunken. Unter Menschen aus den &quot;klassischen Asylherkunftsl\u00e4ndern&quot; &#8211; Syrien, Afghanistan, Irak, Iran, Eritrea, Somalia, Nigeria und Pakistan &#8211; hatte sie 2016 noch 50 Prozent betragen, im vergangenen Herbst lag sie bei 27 Prozent. Das waren knapp 274.000 Menschen aus diesen L\u00e4ndern ohne Job. <\/p>\n<h2>Ukrainer kommen schneller in Arbeit<\/h2>\n<p>Ukrainerinnen und Ukrainer hinzugerechnet, waren Ende des Jahres insgesamt knapp 426.000 Fl\u00fcchtlinge arbeitslos gemeldet. Menschen in Integrations- und Ausbildungsma\u00dfnahmen dazugez\u00e4hlt, waren insgesamt fast 783.000 Gefl\u00fcchtete als arbeitsuchend registriert. Die Zahl aller Arbeitsuchenden in Deutschland betrug im Januar 3,7 Millionen, die Zahl der Arbeitslosen wieder mehr als drei Millionen. Die Arbeitslosenquote in der Gesamtbev\u00f6lkerung lag bei 6,6 Prozent.<\/p>\n<p>Von den Ukrainern in Deutschland waren mit gut 38 Prozent zuletzt noch einmal mehr Menschen arbeitslos als aus den anderen Herkunftsstaaten. Im Vergleich zu diesen gelingt ihre Integration in den Arbeitsmarkt aber schneller, wie eine aktuelle IAB-Studie zeigt. Von den Ukrainern war dreieinhalb Jahre nach ihrer Ankunft die H\u00e4lfte erwerbst\u00e4tig. Bei den 2015 eingereisten Fl\u00fcchtlingen aus anderen L\u00e4ndern war diese Quote erst nach rund sechs Jahren erreicht. <\/p>\n<p><a href=\"https:\/\/www.n-tv.de\/mediathek\/videos\/politik\/Ist-die-Integration-ukrainischer-Gefluechteter-gefaehrdet-id30046681.html\" rel=\"noreferrer\" target=\"_blank\"><img decoding=\"async\" src=\"https:\/\/www.n-tv.de\/logo_grey.svg\" alt=\"Ukrainische_Gefluechtete\"\/>B\u00fcrgergeld-Stopp f\u00fcr UkrainerIst die Integration ukrainischer Gefl\u00fcchteter gef\u00e4hrdet?<\/a><\/p>\n<p>Die Forscher f\u00fchren die schnellere Arbeitsaufnahme von Ukrainern vor allem auf den direkten Zugang zum Arbeitsmarkt sowie zu Integrations- und Sprachkursen und auf die sofortige Einbindung ins B\u00fcrgergeld-System zur\u00fcck, also die Betreuung durch die Jobcenter. Diese soll jedoch abgeschafft werden, ukrainische Fl\u00fcchtlinge sollen stattdessen Asylbewerberleistungen erhalten. <\/p>\n<p>Asylsuchende aus anderen L\u00e4ndern, die sich noch im Asylverfahren befinden oder nur geduldet sind, d\u00fcrfen fr\u00fchestens nach drei Monaten in Deutschland arbeiten. Nicht arbeiten d\u00fcrfen Fl\u00fcchtlinge zudem, solange sie verpflichtet sind, in einer Aufnahmeeinrichtung zu wohnen, ebenso wie Menschen aus sogenannten sicheren Herkunftsstaaten. Auch Geduldete aus diesen L\u00e4ndern bekommen keine Arbeitserlaubnis. <\/p>\n<p><a href=\"https:\/\/www.n-tv.de\/mediathek\/videos\/politik\/Buenger-Das-ist-eine-integrationspolitische-Katastrophe-id30351841.html\" rel=\"noreferrer\" target=\"_blank\"><img decoding=\"async\" src=\"https:\/\/www.n-tv.de\/logo_grey.svg\" alt=\"B\u00fcnger\"\/>EU-Asylrechtsreform nimmt H\u00fcrdeB\u00fcnger: &quot;Das ist eine integrationspolitische Katastrophe&quot;<\/a><\/p>\n<h2>Viele erhalten Sozialleistungen<\/h2>\n<p>Ukrainerinnen arbeiten allerdings oft in Teilzeit und Helfert\u00e4tigkeiten, der Grundsicherungsbezug ist nach wie vor hoch. Zwei Jahre und neun Monate nach ihrem Zuzug erhielten 41 Prozent der Besch\u00e4ftigten aus der Ukraine erg\u00e4nzende Leistungen. Insgesamt lebten noch zwei Drittel der Frauen und 61 Prozent der M\u00e4nner in Haushalten, die staatliche Grundsicherung erhielten. Das Besch\u00e4ftigungsniveau bleibe damit unter dem vorhandenen Potenzial, warnten die IAB-Forscher mit Blick auf die Pl\u00e4ne, Ukrainer aus der Jobcenter-Betreuung zu nehmen. <\/p>\n<p>Bei den Fl\u00fcchtlingen aus den klassischen Herkunftsstaaten ist der Anteil der Besch\u00e4ftigten inzwischen h\u00f6her als der der Sozialhilfeempf\u00e4nger. Im vergangenen Herbst waren knapp 700.000 von ihnen sozialversicherungspflichtig und gut 100.000 geringf\u00fcgig besch\u00e4ftigt. Das waren insgesamt rund 50 Prozent, w\u00e4hren die Sozialhilfe-Quote bei knapp 42 Prozent lag. Selbstst\u00e4ndige T\u00e4tigkeiten &#8211; unter Gefl\u00fcchteten verbreitet &#8211; sind in dem Wert (im Gegensatz zur Erwerbst\u00e4tigenquote) zudem nicht enthalten. In der Gesamtbev\u00f6lkerung betrug die Besch\u00e4ftigungsquote gut 70 Prozent.<\/p>\n","protected":false},"excerpt":{"rendered":"<p>Wirtschaft Debatte um Mehrarbeit Wie viele Fl\u00fcchtlinge arbeiten &#8211; und Arbeit suchen 21.02.2026, 07:14 Uhr Von Christina LohnerArtikel anh\u00f6ren(06:37 min)00:00 \/ 06:37 0.5x 0.8x 1.0x 1.2x 1.5x 2.0x Rollladen- und<\/p>\n","protected":false},"author":1,"featured_media":0,"comment_status":"open","ping_status":"open","sticky":false,"template":"","format":"standard","meta":{"footnotes":""},"categories":[1],"tags":[],"class_list":["post-31538","post","type-post","status-publish","format-standard","hentry","category-nachrichten"],"_links":{"self":[{"href":"https:\/\/onlinetranslators.de\/news\/wp-json\/wp\/v2\/posts\/31538","targetHints":{"allow":["GET"]}}],"collection":[{"href":"https:\/\/onlinetranslators.de\/news\/wp-json\/wp\/v2\/posts"}],"about":[{"href":"https:\/\/onlinetranslators.de\/news\/wp-json\/wp\/v2\/types\/post"}],"author":[{"embeddable":true,"href":"https:\/\/onlinetranslators.de\/news\/wp-json\/wp\/v2\/users\/1"}],"replies":[{"embeddable":true,"href":"https:\/\/onlinetranslators.de\/news\/wp-json\/wp\/v2\/comments?post=31538"}],"version-history":[{"count":0,"href":"https:\/\/onlinetranslators.de\/news\/wp-json\/wp\/v2\/posts\/31538\/revisions"}],"wp:attachment":[{"href":"https:\/\/onlinetranslators.de\/news\/wp-json\/wp\/v2\/media?parent=31538"}],"wp:term":[{"taxonomy":"category","embeddable":true,"href":"https:\/\/onlinetranslators.de\/news\/wp-json\/wp\/v2\/categories?post=31538"},{"taxonomy":"post_tag","embeddable":true,"href":"https:\/\/onlinetranslators.de\/news\/wp-json\/wp\/v2\/tags?post=31538"}],"curies":[{"name":"wp","href":"https:\/\/api.w.org\/{rel}","templated":true}]}}