{"id":31532,"date":"2026-02-20T11:46:45","date_gmt":"2026-02-20T08:46:45","guid":{"rendered":"https:\/\/onlinetranslators.de\/news\/nachrichten\/konservative-brauchen-gegner-beim-feindbild-der-cdu-hat-sich-etwas-verschoben\/"},"modified":"2026-02-20T11:46:45","modified_gmt":"2026-02-20T08:46:45","slug":"konservative-brauchen-gegner-beim-feindbild-der-cdu-hat-sich-etwas-verschoben","status":"publish","type":"post","link":"https:\/\/onlinetranslators.de\/news\/nachrichten\/konservative-brauchen-gegner-beim-feindbild-der-cdu-hat-sich-etwas-verschoben\/","title":{"rendered":"Konservative brauchen Gegner: Beim Feindbild der CDU &#8220;hat sich etwas verschoben&#8221;"},"content":{"rendered":"<p class=\"caps\">Politik<\/p>\n<h2>Konservative brauchen GegnerBeim Feindbild der CDU &quot;hat sich etwas verschoben&quot;<\/h2>\n<p>20.02.2026, 07:19 Uhr Artikel anh\u00f6ren(11:14 min)<audio src=\"https:\/\/mp3.n-tv.de\/2026\/02\/TTSART_30380406_20260220071947-radleg2.mp3\"><\/audio>00:00 \/ 11:14<\/p>\n<ul>\n<li>0.5x<\/li>\n<li>0.8x<\/li>\n<li>1.0x<\/li>\n<li>1.2x<\/li>\n<li>1.5x<\/li>\n<li>2.0x<\/li>\n<\/ul>\n<figure><img decoding=\"async\" src=\"https:\/\/www.n-tv.de\/img\/30380428\/1771498585\/Img_16_9\/1024\/Ein-grosses-CDU-Logo-ziert-den-Eingangsbereich-in-der-Messe-Stuttgart-wo-vom-20-21-02-2026-der-CDU-Bundesparteitag-stattfindet-Am-Freitag-werden-Praesidium-und-Vorstand-neu-gewaehlt.webp\" alt=\"Ein-grosses-CDU-Logo-ziert-den-Eingangsbereich-in-der-Messe-Stuttgart-wo-vom-20-21-02-2026-der-CDU-Bundesparteitag-stattfindet-Am-Freitag-werden-Praesidium-und-Vorstand-neu-gewaehlt\"\/><figcaption>In Stuttgart ist ohnehin immer Kehrwoche, aber derzeit wird dort besonders flei\u00dfig geputzt: Am heutigen Freitag beginnt der Bundesparteitag der CDU. (Foto: picture alliance\/dpa)<\/figcaption><\/figure>\n<p>Der Politikwissenschaftler Thomas Biebricher rechnet damit, dass der Streit um die &quot;Lifestyle-Teilzeit&quot; auf dem CDU-Parteitag zumindest im Hintergrund eine Rolle spielen wird. Aktuell dominiere zwar der wirtschaftsliberale Fl\u00fcgel. &quot;Aber nat\u00fcrlich gibt es in der CDU auch andere, die darauf hinweisen, dass die Union immer gut damit gefahren ist, sich dem Neoliberalismus nicht komplett auszuliefern.&quot;<\/p>\n<p>ntv.de: Sie haben ein Buch \u00fcber die internationale Krise des Konservatismus geschrieben, dessen Befund, kurz gesagt, lautet, dass gem\u00e4\u00dfigt konservative Kr\u00e4fte in L\u00e4ndern wie Frankreich, Gro\u00dfbritannien und Italien mehr oder weniger erledigt sind. Kann es sein, dass es der CDU noch vergleichsweise gut geht?<\/p>\n<p>Thomas Biebricher: Das kann man auf jeden Fall sagen. Die Union hat bei den letzten Bundestagswahlen zwar historisch eines ihrer schlechtesten Ergebnisse erhalten. Aber im europ\u00e4ischen Ma\u00dfstab steht sie gut da. Abgesehen von wenigen L\u00e4ndern wie Griechenland ist die Union im europ\u00e4ischen Konservatismus ein klarer Ausrei\u00dfer nach oben.<\/p>\n<figure><img decoding=\"async\" src=\"https:\/\/www.n-tv.de\/logo_grey.svg\" alt=\"Der-Politikwissenschaftler-Thomas-Biebricher-posiert-fuer-ein-Portraet-in-Berlin-am-17-September-2024\"\/><figcaption>Thomas Biebricher lehrt Politikwissenschaft an der Johann Wolfgang Goethe-Universit\u00e4t in Frankfurt am Main. (Foto: IMAGO\/Emmanuele Contini)<\/figcaption><\/figure>\n<p>Als Regierungspartei setzt die CDU vor allem darauf, den Status quo zu erhalten: Es geht um den Schutz der Demokratie, um die Bewahrung des Sozialstaats, um die Rettung von Industriearbeitspl\u00e4tzen. Reicht das, um eine Mehrheit der W\u00e4hlerinnen und W\u00e4hler anzusprechen?<\/p>\n<p>Ich w\u00fcrde es nicht so einseitig sehen. Es gibt ja durchaus Reforminitiativen mit Blick auf die St\u00e4rkung der Wettbewerbsf\u00e4higkeit, des Wirtschaftsstandorts und der Industrie. Aber nat\u00fcrlich muss die Union auch sehen, was mit der SPD umsetzbar ist. Zugleich gibt es in der CDU eine gewisse Verzagtheit &#8211; vor allem dann, wenn Wahlen anstehen.<\/p>\n<p>Verzagtheit?<\/p>\n<p>Die CDU ist h\u00e4ufig unentschlossen, in welche Richtung es gehen soll und wie entschlossen man Reformen angehen will. Das liegt nat\u00fcrlich auch daran, dass die CDU kein einheitlicher Block ist: Es gibt in ihr unterschiedliche Perspektiven, die verkn\u00fcpft werden m\u00fcssen. Schon das macht es kompliziert, wobei die Unionsfraktion mir wesentlich reformfreudiger zu sein scheint als die Bundesregierung.<\/p>\n<p><a href=\"https:\/\/www.n-tv.de\/politik\/Beim-Parteitag-schlaegt-fuer-Merz-die-Stunde-der-Wahrheit-id30378142.html\" rel=\"noreferrer\" target=\"_blank\"><img decoding=\"async\" src=\"https:\/\/www.n-tv.de\/logo_grey.svg\" alt=\"Federal-Chancellor-of-Germany-Friedrich-Merz-holds-a-press-conference-with-media-and-international-press-representative-after-the-end-of-the-Informal-EU-leaders-retreat-2026-summit-at-Alden-Biesen-Castle-hosted-by-the-European-Council-President-The-European-leaders-meeting-was-about-how-to-deepen-the-single-market-reduce-economic-dependencies-strengthen-EU-competitiveness-and-strategic-autonomy-planning-the-future-initiative-roadmap-one-Europe-one-market-and-boost-competitiveness-through-common-actions\"\/>Bier-Verbot und MerkelBeim Parteitag schl\u00e4gt f\u00fcr Merz die Stunde der Wahrheit<\/a><\/p>\n<p>Sie beschreiben konservative Parteien als &quot;im Kern reaktiv&quot;. Brauchen Konservative denn keine Vision, die \u00fcber einzelne Reformen hinausgeht?<\/p>\n<p>Konservative Parteien zeichnen sich vor allem durch Pragmatismus aus. Gro\u00dfe programmatische Anstrengungen unternehmen sie selten. Sie entwickeln meist auch keinen gro\u00dfen politischen Entwurf, erst recht keine der viel beschworenen Visionen. Aus konservativer Sicht ist das m\u00f6glicherweise angemessen, aber man kann schon fragen, ob es nicht gr\u00f6\u00dfere Ambitionen br\u00e4uchte, um eine Vorstellung davon zu entwickeln, wie Deutschland in zehn, zwanzig Jahren aussehen soll. Aber gerade, wenn sie in der Regierung sind, neigen konservative Parteien nicht dazu, so etwas zu machen.<\/p>\n<p>Konservative Parteien brauchen ein Feindbild, um ein klares Profil zu entwickeln?<\/p>\n<p>Ja.<\/p>\n<p>In den ersten Jahrzehnten der alten Bundesrepublik war der Kommunismus das zentrale Feindbild der CDU. Und jetzt?<\/p>\n<p>Auf einer kulturk\u00e4mpferischen Ebene ist es sicherlich so etwas wie die Wokeness. Das ist eine Chiffre f\u00fcr alle m\u00f6glichen Dinge: gegenderte Sprache, Kritik an strukturellem Rassismus in staatlichen Apparaten wie der Polizei, die sogenannten Klimakleber. Das alles spielt f\u00fcr die CDU als Feindbild eine gro\u00dfe Rolle. In der j\u00fcngeren Zeit gab es allerdings eine weitere Entwicklung: F\u00fcr wichtige Teile der Union bezeichnet mittlerweile auch die AfD ein Feindbild. Da hat sich etwas verschoben: 2023 hat Friedrich Merz die Gr\u00fcnen als &quot;Hauptgegner&quot; bezeichnet, zwei Jahre sp\u00e4ter hat er die AfD so genannt. Aber das hat nat\u00fcrlich auch mit dem Bedeutungsverlust der Gr\u00fcnen zu tun, dass die Union sich nicht mehr so stark an ihnen abarbeitet.<\/p>\n<p><a href=\"https:\/\/www.n-tv.de\/mediathek\/videos\/politik\/Merz-Wiederwahl-Ergebnis-beim-Parteitag-enorm-wichtig-id30379685.html\" rel=\"noreferrer\" target=\"_blank\"><img decoding=\"async\" src=\"https:\/\/www.n-tv.de\/logo_grey.svg\" alt=\"Lucke1902\"\/>Von Lucke zu Kanzler-ZukunftMerz&#039; Wiederwahl-Ergebnis beim Parteitag &quot;enorm wichtig&quot;<\/a><\/p>\n<p>Wokeness und die Gr\u00fcnen sind auch f\u00fcr die AfD ein gro\u00dfes Feindbild. Ist es aus Sicht der CDU ein strategisches Problem, sich Feindbilder mit der AfD zu teilen?<\/p>\n<p>Ich halte das f\u00fcr einen zentralen strategischen Fehler der letzten Jahre. Die CDU hat sich gemein gemacht mit der AfD-Perspektive, auch mit dem Sound, in dem das vorgetragen wurde. Aus Sicht der Union w\u00e4re es viel sinnvoller gewesen, zwischen sich und der AfD eine maximale Unterscheidbarkeit zu schaffen. Stattdessen konnte man die eine oder andere Wortmeldung schon mal verwechseln. Das hat der Union sicher nicht geholfen.<\/p>\n<p>W\u00fcrde Regierungsverantwortung die AfD entzaubern?<\/p>\n<p>Wir kennen so gut wie gar keine F\u00e4lle, wo es so war. Wenn rechtsradikale oder rechtsautorit\u00e4re Parteien in Regierungsverantwortung eingebunden werden, dann gibt es anschlie\u00dfend meist kurze Dellen in ihren Zustimmungswerten. Aber mittel- und langfristig schw\u00e4cht es die Zugkraft dieser Parteien nicht, im Gegenteil.<\/p>\n<p>Sie haben angesprochen, dass die CDU nat\u00fcrlich auch davon abh\u00e4ngig ist, was mit der SPD umsetzbar ist. Ist es ein Problem f\u00fcr die Union, dass sie nur mit linken Parteien regieren kann, wenn sie mit den Rechtsextremen nichts zu tun haben will?<\/p>\n<p>Das Argument wird immer wieder vorgetragen, und da ist insofern etwas dran, als der Kreis der Parteien nat\u00fcrlich kleiner wird, mit denen man koalieren kann. Schlie\u00dflich ist der nat\u00fcrliche Koalitionspartner der Union, die FDP, weitgehend weggebrochen und wird wohl auch auf absehbare Zeit nicht zur\u00fcckkommen. Damit bleibt eine \u00fcberschaubare Zahl von politischen Kr\u00e4ften, mit denen die Union Regierungen bilden kann.<\/p>\n<p><a href=\"https:\/\/www.n-tv.de\/politik\/PR-Experte-Jannis-Johannmeier-im-Interview-Mit-Fakten-kann-man-die-Demokratie-nicht-retten-id30356210.html\" rel=\"noreferrer\" target=\"_blank\"><img decoding=\"async\" src=\"https:\/\/www.n-tv.de\/logo_grey.svg\" alt=\"Mette-Frederiksen-Ministerpraesidentin-von-Daenemark-und-Friedrich-Merz-Bundeskanzler-CDU-DEN-Daenemark-vs-Deutschland-Handball-EHF-Europameisterschaft-2026-Finale-01-02\"\/>Propaganda f\u00fcr das Gute&quot;Mit Fakten kann man die Demokratie nicht retten&quot;<\/a><\/p>\n<p>Allerdings gibt es durchaus Schnittmengen zwischen Union und SPD und auch den Gr\u00fcnen. Auch in der CDU gibt es Kr\u00e4fte, die durchaus eine SPD-Perspektive auf Fragen des Sozialstaats nachvollziehen k\u00f6nnen. Selbst in Th\u00fcringen, in einer Koalition mit der SPD und dem BSW, f\u00e4llt die Bilanz der CDU gut aus. Erst recht gilt das f\u00fcr die Politik der Bundesregierung, da gibt es einige Bereiche, in denen sich die Union weitgehend durchgesetzt hat. Denken Sie nur an die Versch\u00e4rfungen in der Migrationspolitik.<\/p>\n<p>W\u00e4re es f\u00fcr die CDU strategisch kl\u00fcger, bei Sozialreformen eine eher sozialdemokratische oder eine eher neoliberale Position einzunehmen?<\/p>\n<p>F\u00fcr die CDU ist es grunds\u00e4tzlich wichtig, eine Balance zu finden. Es ist eine Volkspartei, die in der Wirtschafts- und Sozialpolitik vielstimmig ist. Klar, aktuell hat der wirtschaftsliberale Fl\u00fcgel deutlich Oberwasser. Die Debatte wird dominiert von Kr\u00e4ften wie der Mittelstandsunion, die auf weitere Reformen dr\u00e4ngen und sich dabei auch mit schrilleren T\u00f6nen und einer eher ungl\u00fccklichen Rhetorik zu Wort melden &#8211; Stichwort &quot;Lifestyle-Teilzeit&quot;. Aber nat\u00fcrlich gibt es in der CDU auch andere, die darauf hinweisen, dass die Union immer gut damit gefahren ist, sich dem Neoliberalismus nicht komplett auszuliefern. Mindestens im Hintergrund wird dieser Konflikt auf dem anstehenden Parteitag eine Rolle spielen, auch wenn die Choreographen des Parteitags sicherlich alles daran setzen werden, dass es nicht zum gro\u00dfen Schlagabtausch kommt.<\/p>\n<p><a href=\"https:\/\/www.amazon.de\/dp\/3518430998?tag=ntv-tr-a-6600-21&amp;linkCode=ogi&amp;th=1&amp;psc=1\" rel=\"noreferrer\" target=\"_blank\"><img decoding=\"async\" src=\"https:\/\/m.media-amazon.com\/images\/I\/41lb1QTZH8L._SL500_.jpg\"\/><\/a>Mitte\/Rechts: Die internationale Krise des Konservatismus1130,00 \u20acZum Angebot bei amazon.de<\/p>\n<p>Welche Rolle spielt das aktuelle Personal der CDU f\u00fcr ihre Situation? Ist Friedrich Merz eher Teil der L\u00f6sung oder Teil des Problems?<\/p>\n<p>Friedrich Merz hat eine Weile gebraucht, um aus der Rolle des Oppositionspolitikers herauszufinden. Aber ihn als Teil des Problems oder als Teil der L\u00f6sung zu beschreiben, ist mir zu kurz gegriffen. Mein Eindruck ist, dass das Zusammenspiel zwischen Regierung und Fraktion, zwischen Kanzleramt und Ministerien nicht immer ganz optimal l\u00e4uft. Da gab es eine auff\u00e4llige H\u00e4ufung von Abl\u00e4ufen, die nicht gut funktioniert haben, etwa die verpatzte Wahl einer neuen Richterin f\u00fcr das Bundesverfassungsgericht. Da geht es auch um die Rolle und die Autorit\u00e4t von Fraktionschef Jens Spahn. In der Au\u00dfenpolitik gab es ebenfalls immer wieder Unstimmigkeiten zwischen Kanzleramt und Ausw\u00e4rtigem Amt; Au\u00dfenminister Johann Wadephul musste sich mehrfach Kritik aus seiner eigenen Fraktion anh\u00f6ren. Insgesamt ist da nicht alles zum Besten bestellt. Ich sehe aber im Moment nicht, wie die Personalrochade aussehen w\u00fcrde, die all diese Probleme l\u00f6st.<\/p>\n<p><a href=\"https:\/\/www.n-tv.de\/politik\/Merkel-dementiert-Geruecht-Merz-kann-wieder-ruhig-schlafen-id30354386.html\" rel=\"noreferrer\" target=\"_blank\"><img decoding=\"async\" src=\"https:\/\/www.n-tv.de\/logo_grey.svg\" alt=\"Angela-Merkel-CDU-ehemalige-Bundeskanzlerin-winkt-vor-der-Kanzlerwahl-im-Bundestag-auf-der-Tribuene-Im-Bundestag-findet-die-Wahl-und-Vereidigung-des-Bundeskanzlers-und-der-neuen-Bundesregierung-statt\"\/>Ex-Kanzlerin als Pr\u00e4sidentin?Merkel dementiert Ger\u00fccht &#8211; Merz kann wieder ruhig schlafen<\/a><\/p>\n<p>Mit Spannung wird der Besuch von Altkanzlerin Angela Merkel auf dem Parteitag in Stuttgart erwartet, obwohl sie keine Rede halten wird. Waren die 16 Jahre ihrer Kanzlerschaft goldene Jahre f\u00fcr die Union &#8211; oder liegt in dieser Zeit eher die Ursache f\u00fcr die vielen Probleme, mit denen wir heute zu tun haben?<\/p>\n<p>Die Union hat in den Merkel-Jahren eine Position nach der anderen ger\u00e4umt. Das ist auch v\u00f6llig in Ordnung. Aber dann muss man neue Positionen besetzen, und das hat die CDU damals verpasst.<\/p>\n<p>R\u00fcckblickend zeichnen sich die Merkel-Jahre vor allem durch eines aus: dass man damals von der Substanz gelebt hat. Beispiel Infrastruktur: Damals h\u00e4tte sich die Bundesregierung zum Nulltarif verschulden k\u00f6nnen, um die \u00f6ffentliche Infrastruktur zu modernisieren. Es gab damals sogar Negativzinsen auf Staatsanleihen. Damit h\u00e4tte man ein riesiges Investitionsprogramm zu bestm\u00f6glichen Bedingungen auflegen k\u00f6nnen. Stattdessen ist man der Politik der schwarzen Null gefolgt &#8211; auch deshalb, weil die Union fand, dass dies das Letzte war, das sie als konservativ erscheinen lie\u00df. Dabei ist es in keiner Weise konservativ, so von der Substanz zu leben. \u00c4hnliche Vers\u00e4umnisse gab es in der Energiepolitik. Und in der Europapolitik: Angela Merkel hat die Vorst\u00f6\u00dfe von Emmanuel Macron f\u00fcr eine engere Zusammenarbeit und eine strategische Souver\u00e4nit\u00e4t Europas seinerzeit ignoriert. W\u00e4ren sie damals schon aufgenommen worden, st\u00fcnde Europa heute ganz anders da. Auch das muss Friedrich Merz nun nachholen. <\/p>\n<p><a href=\"https:\/\/www.n-tv.de\/politik\/Merz-macht-den-Kulturkampf-USA-eine-Ansage-und-ein-Angebot-id30358953.html\" rel=\"noreferrer\" target=\"_blank\"><img decoding=\"async\" src=\"https:\/\/www.n-tv.de\/logo_grey.svg\" alt=\"Muenchen-Bayern-Deutschland-Hotel-Bayerischer-Hof-Muenchner-Sicherheitskonferenz-2026-Bundeskanzler-Friedrich-Merz-CDU-haelt-die-Eroeffnungsrede\"\/>Atomschirm-Gespr\u00e4che mit ParisMerz macht den &quot;Kulturkampf&quot;-USA eine Ansage &#8211; und ein Angebot<\/a><\/p>\n<p>Also keine goldenen Jahre.<\/p>\n<p>Ich kann mir vorstellen, dass die Merkel-Jahre vielen im Nachhinein als angenehme Zeit in Erinnerung sind. Aber damals wurde str\u00e4flich vernachl\u00e4ssigt, in die Zukunft blickend zu agieren. Das war somit eine zutiefst unkonservative Zeit. Aber nicht, weil die Wehrpflicht ausgesetzt und die Ehe f\u00fcr alle eingef\u00fchrt wurde, sondern weil keine nachhaltige Politik gemacht wurde.<\/p>\n<p>Mit Thomas Biebricher sprach Hubertus Volmer<\/p>\n","protected":false},"excerpt":{"rendered":"<p>Politik Konservative brauchen GegnerBeim Feindbild der CDU &quot;hat sich etwas verschoben&quot; 20.02.2026, 07:19 Uhr Artikel anh\u00f6ren(11:14 min)00:00 \/ 11:14 0.5x 0.8x 1.0x 1.2x 1.5x 2.0x In Stuttgart ist ohnehin immer<\/p>\n","protected":false},"author":1,"featured_media":0,"comment_status":"open","ping_status":"open","sticky":false,"template":"","format":"standard","meta":{"footnotes":""},"categories":[1],"tags":[],"class_list":["post-31532","post","type-post","status-publish","format-standard","hentry","category-nachrichten"],"_links":{"self":[{"href":"https:\/\/onlinetranslators.de\/news\/wp-json\/wp\/v2\/posts\/31532","targetHints":{"allow":["GET"]}}],"collection":[{"href":"https:\/\/onlinetranslators.de\/news\/wp-json\/wp\/v2\/posts"}],"about":[{"href":"https:\/\/onlinetranslators.de\/news\/wp-json\/wp\/v2\/types\/post"}],"author":[{"embeddable":true,"href":"https:\/\/onlinetranslators.de\/news\/wp-json\/wp\/v2\/users\/1"}],"replies":[{"embeddable":true,"href":"https:\/\/onlinetranslators.de\/news\/wp-json\/wp\/v2\/comments?post=31532"}],"version-history":[{"count":0,"href":"https:\/\/onlinetranslators.de\/news\/wp-json\/wp\/v2\/posts\/31532\/revisions"}],"wp:attachment":[{"href":"https:\/\/onlinetranslators.de\/news\/wp-json\/wp\/v2\/media?parent=31532"}],"wp:term":[{"taxonomy":"category","embeddable":true,"href":"https:\/\/onlinetranslators.de\/news\/wp-json\/wp\/v2\/categories?post=31532"},{"taxonomy":"post_tag","embeddable":true,"href":"https:\/\/onlinetranslators.de\/news\/wp-json\/wp\/v2\/tags?post=31532"}],"curies":[{"name":"wp","href":"https:\/\/api.w.org\/{rel}","templated":true}]}}