{"id":31524,"date":"2026-02-19T03:16:33","date_gmt":"2026-02-19T00:16:33","guid":{"rendered":"https:\/\/onlinetranslators.de\/news\/nachrichten\/angesichts-des-ausmases-auch-merz-denkt-jetzt-uber-scharfere-gesetze-gegen-vetternwirtschaft-nach\/"},"modified":"2026-02-19T03:16:33","modified_gmt":"2026-02-19T00:16:33","slug":"angesichts-des-ausmases-auch-merz-denkt-jetzt-uber-scharfere-gesetze-gegen-vetternwirtschaft-nach","status":"publish","type":"post","link":"https:\/\/onlinetranslators.de\/news\/nachrichten\/angesichts-des-ausmases-auch-merz-denkt-jetzt-uber-scharfere-gesetze-gegen-vetternwirtschaft-nach\/","title":{"rendered":"&#8220;Angesichts des Ausma\u00dfes &#8230;&#8221;: Auch Merz denkt jetzt \u00fcber sch\u00e4rfere Gesetze gegen Vetternwirtschaft nach"},"content":{"rendered":"<p class=\"caps\">Politik<\/p>\n<h2>&quot;Angesichts des Ausma\u00dfes &#8230;&quot;Auch Merz denkt jetzt \u00fcber sch\u00e4rfere Gesetze gegen Vetternwirtschaft nach<\/h2>\n<p>19.02.2026, 01:06 Uhr <\/p>\n<figure><img decoding=\"async\" src=\"https:\/\/www.n-tv.de\/img\/30378985\/1771462854\/Img_16_9\/1024\/dpatopbilder-18-02-2026-Rheinland-Pfalz-Trier-Bundeskanzler-Friedrich-Merz-spricht-auf-dem-Politischen-Aschermittwoch-der-CDU-Rheinland-Pfalz-Zur-Veranstaltung-haben-der-CDU-Bezirksverband-Trier-zusammen-mit-den-Kreisverbaenden-Trier-Stadt-und-Trier-Saarburg-eingeladen.webp\" alt=\"dpatopbilder-18-02-2026-Rheinland-Pfalz-Trier-Bundeskanzler-Friedrich-Merz-spricht-auf-dem-Politischen-Aschermittwoch-der-CDU-Rheinland-Pfalz-Zur-Veranstaltung-haben-der-CDU-Bezirksverband-Trier-zusammen-mit-den-Kreisverbaenden-Trier-Stadt-und-Trier-Saarburg-eingeladen\"\/><figcaption>Filz und Vetternwirtschaft seien tief verankert bei der AfD, sagt Merz. (Foto: dpa)<\/figcaption><\/figure>\n<p>Zahlreiche AfD-Abgeordnete besch\u00e4ftigten in ihren B\u00fcros Familienangeh\u00f6rige von anderen AfD- Abgeordneten &#8211; und tun damit nichts Verbotenes. &quot;Ein Geschm\u00e4ckle hat&#039;s&quot;, r\u00e4umt sogar der Parteivorsitzende ein. Der Kanzler sieht Regelungsbedarf. <\/p>\n<p>Bundeskanzler Friedrich Merz erw\u00e4gt als Konsequenz aus den Vetternwirtschaft-Vorw\u00fcrfen gegen die AfD sch\u00e4rfere Gesetze. Auf die Frage, wie der Staat verhindern k\u00f6nne, dass sich Politiker schamlos an ihm bereichern, sagte der CDU-Politiker: &quot;Ich w\u00fcrde uns eine gesetzliche Regelung gerne ersparen. Angesichts des Ausma\u00dfes des Missbrauchs werden wir aber m\u00f6glicherweise nicht darum herumkommen.&quot; Er \u00e4u\u00dferte sich im Gespr\u00e4ch mit den Zeitungen der Neuen Berliner Redaktionsgesellschaft (NBR) und der &quot;Rheinpfalz&quot;. <\/p>\n<p><a href=\"https:\/\/www.n-tv.de\/politik\/AfD-Naechster-Fall-von-Familien-Filz-bei-den-Rechtsextremen-id30377569.html\" rel=\"noreferrer\" target=\"_blank\"><img decoding=\"async\" src=\"https:\/\/www.n-tv.de\/logo_grey.svg\" alt=\"Berlin-Deutschland-15-01-2026-Deutscher-Bundestag-53\"\/>Familien-Filz bei RechtsextremenAfD-Bundestagsabgeordneter besch\u00e4ftigt Ehemann einer Th\u00fcringer Landtagsabgeordneten<\/a><\/p>\n<p>Zuvor hatten Politiker aus SPD und CDU eine Versch\u00e4rfung des Abgeordnetengesetzes angeregt, um Vetternwirtschaft zu unterbinden. Die AfD steht in der Kritik, weil einige Abgeordnete Angeh\u00f6rige von anderen AfD-Abgeordneten als Mitarbeiter besch\u00e4ftigen. Im Abgeordnetengesetz ist festgelegt, dass Parlamentarier keine eigenen Verwandten, Partner oder Ex-Partner auf Kosten der Steuerzahler anstellen d\u00fcrfen. Die Besch\u00e4ftigung solcher Personen in anderen Abgeordnetenb\u00fcros ist aber nicht geregelt. Der AfD-Vorsitzende Tino Chrupalla hatte dazu gesagt, es handle sich um rechtskr\u00e4ftige Vertr\u00e4ge, aber einger\u00e4umt: &quot;Ein Geschm\u00e4ckle hat&#039;s.&quot;<\/p>\n<p>Die Anti-Korruptions-Organisation Transparency International h\u00e4lt die Schlie\u00dfung rechtlicher Schlupfl\u00f6cher f\u00fcr unumg\u00e4nglich. &quot;Wir sind der Auffassung, dass es sich bei den bislang bekanntgewordenen F\u00e4llen um das moralisch anst\u00f6\u00dfige Ausnutzen einer seit l\u00e4ngerem bestehenden Gesetzesl\u00fccke in den Abgeordnetengesetzen sowohl des Bundes wie auch der meisten L\u00e4nder handelt&quot;, sagte der Co-Leiter Politik der NGO, Wolfgang J\u00e4ckle. Transparency International dringt zudem darauf, dass Abgeordnete eines Parlaments &#8211; auch des EU-Parlaments &#8211; nicht Verwandte von Abgeordnetenkollegen eines anderen Parlaments besch\u00e4ftigen d\u00fcrfen. <\/p>\n<p><a href=\"https:\/\/www.n-tv.de\/politik\/Merz-geht-die-AfD-beim-Aschermittwoch-scharf-an-id30378709.html\" rel=\"noreferrer\" target=\"_blank\"><img decoding=\"async\" src=\"https:\/\/www.n-tv.de\/logo_grey.svg\" alt=\"German-Chancellor-Friedrich-Merz-speaks-at-the-Christian-Democratic-Union-CDU-party-s-rally-during-the-party-s-traditional-Ash-Wednesday-meeting-in-Trier-Germany-February-18-2026\"\/>Auch Kritik an den USAMerz geht die AfD beim Aschermittwoch scharf an<\/a><\/p>\n<p>Zum Umgang seiner Partei mit der AfD sagte Merz: &quot;Wir m\u00fcssen die AfD aber nicht nur in der Sache hart stellen, sondern sie auch als die Partei der vermeintlichen Sauberm\u00e4nner und Patrioten mit ihrem tats\u00e4chlichen Verhalten konfrontieren: Die Partei ist gepr\u00e4gt von einer tief verankerten Filz- und Vetternwirtschaft.&quot; Den Erfolg der AfD f\u00fchrt Merz auch auf ein Fehlverhalten der CDU zur\u00fcck: &quot;Die CDU hat zu lange zu viel Raum gelassen f\u00fcr die Themen, die heute von der AfD in einer v\u00f6llig unzul\u00e4ssigen Vereinfachung beherrscht werden, zum Beispiel das Thema Migration.&quot; <\/p>\n","protected":false},"excerpt":{"rendered":"<p>Politik &quot;Angesichts des Ausma\u00dfes &#8230;&quot;Auch Merz denkt jetzt \u00fcber sch\u00e4rfere Gesetze gegen Vetternwirtschaft nach 19.02.2026, 01:06 Uhr Filz und Vetternwirtschaft seien tief verankert bei der AfD, sagt Merz. (Foto: dpa)<\/p>\n","protected":false},"author":1,"featured_media":0,"comment_status":"open","ping_status":"open","sticky":false,"template":"","format":"standard","meta":{"footnotes":""},"categories":[1],"tags":[],"class_list":["post-31524","post","type-post","status-publish","format-standard","hentry","category-nachrichten"],"_links":{"self":[{"href":"https:\/\/onlinetranslators.de\/news\/wp-json\/wp\/v2\/posts\/31524","targetHints":{"allow":["GET"]}}],"collection":[{"href":"https:\/\/onlinetranslators.de\/news\/wp-json\/wp\/v2\/posts"}],"about":[{"href":"https:\/\/onlinetranslators.de\/news\/wp-json\/wp\/v2\/types\/post"}],"author":[{"embeddable":true,"href":"https:\/\/onlinetranslators.de\/news\/wp-json\/wp\/v2\/users\/1"}],"replies":[{"embeddable":true,"href":"https:\/\/onlinetranslators.de\/news\/wp-json\/wp\/v2\/comments?post=31524"}],"version-history":[{"count":0,"href":"https:\/\/onlinetranslators.de\/news\/wp-json\/wp\/v2\/posts\/31524\/revisions"}],"wp:attachment":[{"href":"https:\/\/onlinetranslators.de\/news\/wp-json\/wp\/v2\/media?parent=31524"}],"wp:term":[{"taxonomy":"category","embeddable":true,"href":"https:\/\/onlinetranslators.de\/news\/wp-json\/wp\/v2\/categories?post=31524"},{"taxonomy":"post_tag","embeddable":true,"href":"https:\/\/onlinetranslators.de\/news\/wp-json\/wp\/v2\/tags?post=31524"}],"curies":[{"name":"wp","href":"https:\/\/api.w.org\/{rel}","templated":true}]}}