{"id":31522,"date":"2026-02-18T19:06:19","date_gmt":"2026-02-18T16:06:19","guid":{"rendered":"https:\/\/onlinetranslators.de\/news\/nachrichten\/ganz-ungunstiges-timing-lagarde-kommt-deutschen-bewerbern-in-die-quere\/"},"modified":"2026-02-18T19:06:19","modified_gmt":"2026-02-18T16:06:19","slug":"ganz-ungunstiges-timing-lagarde-kommt-deutschen-bewerbern-in-die-quere","status":"publish","type":"post","link":"https:\/\/onlinetranslators.de\/news\/nachrichten\/ganz-ungunstiges-timing-lagarde-kommt-deutschen-bewerbern-in-die-quere\/","title":{"rendered":"Ganz ung\u00fcnstiges Timing: Lagarde kommt deutschen Bewerbern in die Quere"},"content":{"rendered":"<p class=\"caps\">Wirtschaft<\/p>\n<h2>Ganz ung\u00fcnstiges TimingLagarde kommt deutschen Bewerbern in die Quere <\/h2>\n<p>18.02.2026, 16:32 Uhr <img decoding=\"async\" src=\"https:\/\/www.n-tv.de\/autor-fallback.svg\" alt=\"image\"\/>Von Stefan SchaafArtikel anh\u00f6ren(04:17 min)<audio src=\"https:\/\/mp3.n-tv.de\/2026\/02\/TTSART_30377146_20260218163317-radleg2.mp3\"><\/audio>00:00 \/ 04:17<\/p>\n<ul>\n<li>0.5x<\/li>\n<li>0.8x<\/li>\n<li>1.0x<\/li>\n<li>1.2x<\/li>\n<li>1.5x<\/li>\n<li>2.0x<\/li>\n<\/ul>\n<figure><img decoding=\"async\" src=\"https:\/\/www.n-tv.de\/img\/2594665\/1683118421\/Img_16_9\/1024\/2023-03-24T132849Z-1302899068-RC2D00AYGM2P-RTRMADP-3-EU-SUMMIT.webp\" alt=\"2023-03-24T132849Z-1302899068-RC2D00AYGM2P-RTRMADP-3-EU-SUMMIT\"\/><figcaption>(Foto: REUTERS)<\/figcaption><\/figure>\n<p>Zwei Deutsche haben sich f\u00fcr die Nachfolge von EZB-Pr\u00e4sidentin Christine Lagarde positioniert. Ihre Chancen d\u00fcrften massiv sinken, falls die Franz\u00f6sin Frankfurt vorzeitig verl\u00e4sst. <\/p>\n<p>Menschen, die mit dem Denken wichtiger Pers\u00f6nlichkeiten vertraut sind, agieren im Umgang mit Medien in aller Regel professionell. Sie verbreiten also nicht einfach irgendwelche Spekulationen, schon gar nicht gegen\u00fcber der &quot;Financial Times&quot; &#8211; dem vielleicht wichtigsten Finanzmedium der Welt. Vielmehr verfolgen sie in der Regel ein kommunikatives Ziel. Das gilt es, im Kopf zu behalten, wenn die Zeitung berichtet, Christine Lagarde k\u00f6nne sich vorzeitig zur\u00fcckziehen und sich auf eine Person beruft, die mit Lagardes &quot;Denken vertraut ist&quot;.<\/p>\n<p>Es ist also ernst zu nehmen, dass die Franz\u00f6sin ihre bis 2027 laufende Amtszeit nicht vollst\u00e4ndig erf\u00fcllt, sondern zur Rettung der franz\u00f6sischen Republik vor Rechtspopulisten in ihre Heimat zur\u00fcckkehrt. Offenbar k\u00f6chelt das Thema schon eine Weile, denn einer der FT-Autoren erkl\u00e4rte auf LinkedIn, man habe schon l\u00e4nger an der Story gearbeitet.<\/p>\n<p>Das erkl\u00e4rt vielleicht auch, warum im EZB-Rat im Sp\u00e4therbst und rund um den Jahreswechsel personelle Unruhe ausgebrochen ist und einige Mitglieder offen oder indirekt sich als Nachfolge-Kandidaten f\u00fcr Lagarde ins Rennen geworfen haben. Dies gilt insbesondere f\u00fcr die beiden deutschen Bewerber, die EZB-Direktorin f\u00fcr Marktoperationen, Isabel Schnabel, und Bundesbank-Pr\u00e4sident Joachim Nagel. Beide hatten sich in Rennen gebracht, w\u00e4hrend der spanische Notenbank-Pr\u00e4sident Jos\u00e9 Luis Escriv\u00e1 als Favorit galt. <\/p>\n<p>Die Meldung \u00fcber Lagardes m\u00f6glicherweise fr\u00fchzeitigen Abgang wird nach Einsch\u00e4tzung von ING-Chefvolkswirt Carsten Brzeski &quot;die Diskussionen zwischen den europ\u00e4ischen Regierungen dar\u00fcber wieder anfachen, wie die n\u00e4chste Runde der freien Stellen verteilt werden soll.&quot; Es geht um die Nachfolge von Schnabel im EZB-Direktorium wie auch die von EZB-Chefvolkswirt Philip Lane, einem Iren. Und jetzt m\u00f6glicherweise auch um die Pr\u00e4sidentschaft.<\/p>\n<h2>Gewinnen jetzt die Niederlande den EZB-Vorsitz?<\/h2>\n<p>Brzeski geht von einem Gesamtpaket aus, das Deutschland, Frankreich und Spanien schn\u00fcren k\u00f6nnten. Von den vier gro\u00dfen Euro-L\u00e4ndern d\u00fcrfte Italien hier au\u00dfen vor sein, da es mit Mario Draghi den Vorg\u00e4nger Lagardes stellte und aktuell mit Piero Cipollone im Direktorium vertreten ist. Frankreich wiederum hat mit Lagarde und Jean-Claude-Trichet bereits zweimal die EZB-F\u00fchrung gestellt, so dass Deutschland in den Blick ger\u00e4t.<\/p>\n<p>&quot;Die Argumente f\u00fcr einen deutschen EZB-Pr\u00e4sidenten werden jedoch durch die Tatsache erschwert, dass auch die Pr\u00e4sidentin der Europ\u00e4ischen Kommission Deutsche ist&quot;, betont Brzeski. &quot;Und es ist sehr unwahrscheinlich, dass sowohl die Europ\u00e4ische Kommission als auch die EZB von zwei Deutschen geleitet werden. Da die Amtszeit von Ursula von der Leyen 2029 endet, wird eine deutsche EZB-Pr\u00e4sidentschaft umso unwahrscheinlicher, je fr\u00fcher die Entscheidung der EZB getroffen wird.&quot;<\/p>\n<p><a href=\"https:\/\/www.n-tv.de\/wirtschaft\/Die-EZB-fuerchtet-Frankreichs-Rechtspopulisten-id30376782.html\" rel=\"noreferrer\" target=\"_blank\"><img decoding=\"async\" src=\"https:\/\/www.n-tv.de\/logo_grey.svg\" alt=\"FILE-PHOTO-Jordan-Bardella-president-of-the-French-far-right-National-Rally-Rassemblement-National-RN-party-looks-on-as-French-far-right-leader-and-member-of-parliament-Marine-Le-Pen-President-of-the-French-far-right-National-Rally-Rassemblement-National-RN-party-parliamentary-group-talks-to-journalists-after-a-meeting-with-the-newly-named-French-Prime-Minister-as-part-of-a-series-of-consultations-with-political-parties-at-the-Hotel-Matignon-in-Paris-France-September-17-2025\"\/>Lagarde vor R\u00fccktrittDie EZB f\u00fcrchtet Frankreichs Rechtspopulisten<\/a><\/p>\n<p>Indem das Umfeld Lagardes nun bereits die Nachfolgefrage losgetreten hat, schwinden somit die Chancen von Schnabel und Nagel auf die Pr\u00e4sidentschaft der EZB. Allerdings steht auch der Spanier Escriv\u00e1 vor einem Problem, seitdem die EZB-Vizepr\u00e4sidentschaft k\u00fcrzlich an Boris Vujcic und damit an Kroatien vergeben wurde. Einem ungeschriebenen Gesetz der EZB zufolge stammen Pr\u00e4sident und Vizepr\u00e4sident nicht gleichzeitig aus S\u00fcdeuropa. <\/p>\n<p>Wenn Frankreich und Deutschland aber f\u00fcr die Lagarde-Nachfolge ausscheiden, k\u00f6nnte der Gewinner aus den Niederlanden kommen. Geht Lagarde fr\u00fchzeitig, k\u00f6nnten die Chancen des niederl\u00e4ndischen Notenbank-Chefs Klaas Knot f\u00fcr einen Umzug nach Frankfurt deutlich steigen.<\/p>\n<p>Dieser Text erschien zuerst bei capital.de<\/p>\n","protected":false},"excerpt":{"rendered":"<p>Wirtschaft Ganz ung\u00fcnstiges TimingLagarde kommt deutschen Bewerbern in die Quere 18.02.2026, 16:32 Uhr Von Stefan SchaafArtikel anh\u00f6ren(04:17 min)00:00 \/ 04:17 0.5x 0.8x 1.0x 1.2x 1.5x 2.0x (Foto: REUTERS) Zwei Deutsche<\/p>\n","protected":false},"author":1,"featured_media":0,"comment_status":"open","ping_status":"open","sticky":false,"template":"","format":"standard","meta":{"footnotes":""},"categories":[1],"tags":[],"class_list":["post-31522","post","type-post","status-publish","format-standard","hentry","category-nachrichten"],"_links":{"self":[{"href":"https:\/\/onlinetranslators.de\/news\/wp-json\/wp\/v2\/posts\/31522","targetHints":{"allow":["GET"]}}],"collection":[{"href":"https:\/\/onlinetranslators.de\/news\/wp-json\/wp\/v2\/posts"}],"about":[{"href":"https:\/\/onlinetranslators.de\/news\/wp-json\/wp\/v2\/types\/post"}],"author":[{"embeddable":true,"href":"https:\/\/onlinetranslators.de\/news\/wp-json\/wp\/v2\/users\/1"}],"replies":[{"embeddable":true,"href":"https:\/\/onlinetranslators.de\/news\/wp-json\/wp\/v2\/comments?post=31522"}],"version-history":[{"count":0,"href":"https:\/\/onlinetranslators.de\/news\/wp-json\/wp\/v2\/posts\/31522\/revisions"}],"wp:attachment":[{"href":"https:\/\/onlinetranslators.de\/news\/wp-json\/wp\/v2\/media?parent=31522"}],"wp:term":[{"taxonomy":"category","embeddable":true,"href":"https:\/\/onlinetranslators.de\/news\/wp-json\/wp\/v2\/categories?post=31522"},{"taxonomy":"post_tag","embeddable":true,"href":"https:\/\/onlinetranslators.de\/news\/wp-json\/wp\/v2\/tags?post=31522"}],"curies":[{"name":"wp","href":"https:\/\/api.w.org\/{rel}","templated":true}]}}