{"id":31520,"date":"2026-02-18T10:57:50","date_gmt":"2026-02-18T07:57:50","guid":{"rendered":"https:\/\/onlinetranslators.de\/news\/nachrichten\/aus-sorge-vor-le-pen-lagarde-will-ezb-spitze-angeblich-vorzeitig-verlassen\/"},"modified":"2026-02-18T10:57:50","modified_gmt":"2026-02-18T07:57:50","slug":"aus-sorge-vor-le-pen-lagarde-will-ezb-spitze-angeblich-vorzeitig-verlassen","status":"publish","type":"post","link":"https:\/\/onlinetranslators.de\/news\/nachrichten\/aus-sorge-vor-le-pen-lagarde-will-ezb-spitze-angeblich-vorzeitig-verlassen\/","title":{"rendered":"Aus Sorge vor Le Pen?: Lagarde will EZB-Spitze angeblich vorzeitig verlassen"},"content":{"rendered":"<p class=\"caps\">Wirtschaft<\/p>\n<h2>Aus Sorge vor Le Pen?Lagarde will EZB-Spitze angeblich vorzeitig verlassen<\/h2>\n<p>18.02.2026, 08:28 Uhr Artikel anh\u00f6ren(03:01 min)<audio src=\"https:\/\/mp3.n-tv.de\/2026\/02\/TTSART_30375220_20260218082806-radleg2.mp3\"><\/audio>00:00 \/ 03:01<\/p>\n<ul>\n<li>0.5x<\/li>\n<li>0.8x<\/li>\n<li>1.0x<\/li>\n<li>1.2x<\/li>\n<li>1.5x<\/li>\n<li>2.0x<\/li>\n<\/ul>\n<figure><img decoding=\"async\" src=\"https:\/\/www.n-tv.de\/img\/30053156\/1771400724\/Img_16_9\/1024\/Christine-Lagarde-Praesidentin-der-Europaeischen-Zentralbank-EZB-nimmt-an-dem-35-Frankfurt-European-Banking-Congress-in-der-Alten-Oper-in-Frankfurt-am-Main-teil-Das-Motto-in-diesem-Jahr-lautet-Investieren-in-Europa-21-11-2025.webp\" alt=\"Christine-Lagarde-Praesidentin-der-Europaeischen-Zentralbank-EZB-nimmt-an-dem-35-Frankfurt-European-Banking-Congress-in-der-Alten-Oper-in-Frankfurt-am-Main-teil-Das-Motto-in-diesem-Jahr-lautet-Investieren-in-Europa-21-11-2025\"\/><figcaption>Es gab schon einmal Ger\u00fcchte um einen vorzeitigen R\u00fccktritt Lagardes. (Foto: picture alliance \/ Eibner-Pressefoto)<\/figcaption><\/figure>\n<p>Im April n\u00e4chsten Jahres wird Frankreich voraussichtlich einen neuen Pr\u00e4sidenten w\u00e4hlen. Oder eine Pr\u00e4sidentin &#8211; die k\u00f6nnte dann Le Pen hei\u00dfen. Laut einem Bericht will EZB-Chefin Lagarde dem zuvorkommen und die Spitze der Notenbank neu besetzen lassen. <\/p>\n<p>EZB-Pr\u00e4sidentin Christine Lagarde wird einem Medienbericht zufolge voraussichtlich vorzeitig aus dem Amt scheiden. Es werde damit gerechnet, dass sie ihre Amtszeit nicht vollst\u00e4ndig absolvieren werde, meldete die Zeitung &quot;Financial Times&quot;. Sie beruft sich dabei auf eine mit Lagardes \u00dcberlegungen vertraute Person. Regul\u00e4r sitzt Lagarde noch bis Ende Oktober 2027 auf ihrem Posten.<\/p>\n<p>Lagarde wolle ihren Posten an der Spitze der Europ\u00e4ischen Zentralbank (EZB) r\u00e4umen, bevor im April 2027 die franz\u00f6sischen Pr\u00e4sidentschaftswahl stattfinden. Sie wolle Frankreichs Pr\u00e4sident Emmanuel Macron und Bundeskanzler Friedrich Merz die Gelegenheit geben, eine neue Spitze f\u00fcr die Europ\u00e4ische Zentralbank zu finden. Macron darf 2027 nach zwei aufeinanderfolgenden Amtszeiten nicht erneut antreten.<\/p>\n<p>Die rechtspopulistische Partei &quot;Rassemblement Nationale&quot; von Marine Le Pen liegt in Umfragen seit einiger Zeit vorne und macht sich deshalb berechtigte Hoffnungen, die Stichwahl um das Pr\u00e4sidentenamt zu gewinnen. F\u00fcr die zweitgr\u00f6\u00dfte Wirtschaftsmacht Europas w\u00e4re das ein Umbruch. Er k\u00f6nnte auch den Rest der Eurozone und deren Architektur ersch\u00fcttern k\u00f6nnte. M\u00f6glicherweise m\u00f6chte Lagarde dem zuvorkommen und zumindest f\u00fcr den Zeitraum der n\u00e4chsten EZB-Pr\u00e4sidentschaft diese stabilisieren. Dass der linkspopulistischen Partei &quot;La France Insoumise&quot; ebenso Chancen auf die Stichwahl nachgesagt werden, d\u00fcrfte Lagarde nicht beruhigen. <\/p>\n<h2>Schon einmal gab es Ger\u00fcchte<\/h2>\n<p>Im Sommer des vergangenen Jahres hatte die EZB bereits schon einmal einen Medienbericht zur\u00fcckgewiesen, demzufolge Lagarde fr\u00fchzeitig aus ihrem Amt ausscheiden k\u00f6nnte. &quot;Pr\u00e4sidentin Lagarde hat sich stets voll und ganz f\u00fcr ihre Aufgabe eingesetzt und ist entschlossen, ihre Amtszeit zu Ende zu bringen&quot;, sagte ein Notenbank-Sprecher damals.<\/p>\n<p>Die &quot;Financial Times&quot; hatte zuvor den damaligen Gr\u00fcnder des Weltwirtschaftsforums (WEF), Klaus Schwab, damit zitiert, Lagarde habe mit ihm in Frankfurt den F\u00fchrungswechsel beim WEF besprochen. Es wird seit L\u00e4ngerem spekuliert, Lagarde k\u00f6nnte an die Spitze des WEF wechseln.<\/p>\n<p><a href=\"https:\/\/www.n-tv.de\/politik\/EZB-Praesidentin-Lagarde-verlaesst-offenbar-Abendessen-bei-Rede-von-US-Handelsminister-id30267900.html\" rel=\"noreferrer\" target=\"_blank\"><img decoding=\"async\" src=\"https:\/\/www.n-tv.de\/logo_grey.svg\" alt=\"DAVOS-SWITZERLAND-JANUARY-21-President-of-the-European-Central-Bank-Christine-Lagarde-gives-a-speech-at-the-World-Economic-Forum-Annual-Meeting-held-in-Davos-Switzerland-on-January-21-2026\"\/>Lutnick kritisiert Europa scharfEZB-Pr\u00e4sidentin Lagarde verl\u00e4sst offenbar Abendessen bei Rede von US-Handelsminister<\/a><\/p>\n<p>Ein EZB-Sprecher kommentierte die neuerlichen Ger\u00fcchte: Lagarde konzentriere sich voll und ganz auf ihre Aufgabe und habe keine Entscheidung \u00fcber das Ende ihrer Amtszeit getroffen. <\/p>\n","protected":false},"excerpt":{"rendered":"<p>Wirtschaft Aus Sorge vor Le Pen?Lagarde will EZB-Spitze angeblich vorzeitig verlassen 18.02.2026, 08:28 Uhr Artikel anh\u00f6ren(03:01 min)00:00 \/ 03:01 0.5x 0.8x 1.0x 1.2x 1.5x 2.0x Es gab schon einmal Ger\u00fcchte<\/p>\n","protected":false},"author":1,"featured_media":0,"comment_status":"open","ping_status":"open","sticky":false,"template":"","format":"standard","meta":{"footnotes":""},"categories":[1],"tags":[],"class_list":["post-31520","post","type-post","status-publish","format-standard","hentry","category-nachrichten"],"_links":{"self":[{"href":"https:\/\/onlinetranslators.de\/news\/wp-json\/wp\/v2\/posts\/31520","targetHints":{"allow":["GET"]}}],"collection":[{"href":"https:\/\/onlinetranslators.de\/news\/wp-json\/wp\/v2\/posts"}],"about":[{"href":"https:\/\/onlinetranslators.de\/news\/wp-json\/wp\/v2\/types\/post"}],"author":[{"embeddable":true,"href":"https:\/\/onlinetranslators.de\/news\/wp-json\/wp\/v2\/users\/1"}],"replies":[{"embeddable":true,"href":"https:\/\/onlinetranslators.de\/news\/wp-json\/wp\/v2\/comments?post=31520"}],"version-history":[{"count":0,"href":"https:\/\/onlinetranslators.de\/news\/wp-json\/wp\/v2\/posts\/31520\/revisions"}],"wp:attachment":[{"href":"https:\/\/onlinetranslators.de\/news\/wp-json\/wp\/v2\/media?parent=31520"}],"wp:term":[{"taxonomy":"category","embeddable":true,"href":"https:\/\/onlinetranslators.de\/news\/wp-json\/wp\/v2\/categories?post=31520"},{"taxonomy":"post_tag","embeddable":true,"href":"https:\/\/onlinetranslators.de\/news\/wp-json\/wp\/v2\/tags?post=31520"}],"curies":[{"name":"wp","href":"https:\/\/api.w.org\/{rel}","templated":true}]}}