{"id":30701,"date":"2025-10-10T05:26:23","date_gmt":"2025-10-10T02:26:23","guid":{"rendered":"https:\/\/onlinetranslators.de\/news\/nachrichten\/es-wird-niemand-obdachlos-merz-verteidigt-hartere-sanktionen-gegen-arbeitslose\/"},"modified":"2025-10-10T05:26:23","modified_gmt":"2025-10-10T02:26:23","slug":"es-wird-niemand-obdachlos-merz-verteidigt-hartere-sanktionen-gegen-arbeitslose","status":"publish","type":"post","link":"https:\/\/onlinetranslators.de\/news\/nachrichten\/es-wird-niemand-obdachlos-merz-verteidigt-hartere-sanktionen-gegen-arbeitslose\/","title":{"rendered":"&#8220;Es wird niemand obdachlos&#8221;: Merz verteidigt h\u00e4rtere Sanktionen gegen Arbeitslose"},"content":{"rendered":"<p class=\"caps\">Politik         \t\t                   \t\t               \t\t                    <\/p>\n<figure> \t\t                       \t\t                        <img decoding=\"async\" alt=\"&quot;Jeder, der eine Wohnung oder ein Dach \u00fcber dem Kopf braucht, bekommt ein Dach \u00fcber dem Kopf&quot;, sagt Merz.\" src=\"https:\/\/www.n-tv.de\/img\/26086992-1760058243000\/16-9\/750\/549952979.jpg\"\/><figcaption>\n<p>&quot;Jeder, der eine Wohnung oder ein Dach \u00fcber dem Kopf braucht, bekommt ein Dach \u00fcber dem Kopf&quot;, sagt Merz.<\/p>\n<\/figcaption><\/figure>\n<p><strong>Nach wochenlangen Verhandlungen einigen sich Union und SPD auf \u00c4nderungen beim B\u00fcrgergeld. Kanzler Merz verteidigt die Pl\u00e4ne, bei wiederholtem Nichterscheinen im Jobcenter alle Leistungen zu streichen. Kritik kommt von Sozialverb\u00e4nden und den Jusos. <\/strong><\/p>\n<p>Bundeskanzler Friedrich Merz hat die Pl\u00e4ne verteidigt, B\u00fcrgergeld-Empf\u00e4ngern bei wiederholten Terminvers\u00e4umnissen im Jobcenter k\u00fcnftig alle Leistungen zu streichen. &quot;Es wird in Deutschland niemand obdachlos. Jeder, der eine Wohnung oder ein Dach \u00fcber dem Kopf braucht, bekommt ein Dach \u00fcber dem Kopf&quot;, sagte der CDU-Chef dem ARD-Hauptstadtstudio. &quot;Aber diejenigen, die gar nicht mitwirken, die sich noch nicht einmal melden beim Jobcenter, von denen m\u00fcssen wir doch davon ausgehen, dass sie die Hilfe des Staates, des Sozialstaates, nicht brauchen.&quot;<\/p>\n<figure> <a href=\"https:\/\/www.n-tv.de\/mediathek\/videos\/politik\/Soeder-Ich-finde-dass-jede-Arbeit-zumutbar-ist-article26085823.html\" rel=\"noreferrer\" target=\"_blank\">      <img decoding=\"async\" alt=\"S\u00f6der_Blome.png\" src=\"https:\/\/www.n-tv.de\/img\/26086047-1760016198000\/16-9\/1136\/Soder-Blome.jpg\"\/>    06:30 min  <\/a> <\/figure>\n<p>   Politik  09.10.25    K\u00fcrzung auf Null m\u00f6glich S\u00f6der: &quot;Ich finde, dass jede Arbeit zumutbar ist&quot;    <\/p>\n<p>Deswegen werde die komplette Einstellung aller Leistungen im Gesetz stehen, &quot;aber eben f\u00fcr diese F\u00e4lle&quot;. Merz f\u00fcgte hinzu: &quot;Jemand, der sich monatelang beim Jobcenter nicht meldet &#8211; obwohl eingeladen, angerufen, einfach nicht kommt &#8211; da muss der Staat doch davon ausgehen: Du hast andere M\u00f6glichkeiten, deinen Lebensunterhalt zu verdienen.&quot;<\/p>\n<h2>&quot;Unsoziales Misstrauensvotum gegen Arbeitsuchende&quot;<\/h2>\n<p>Die Spitzen von Union und SPD hatten sich im Koalitionsausschuss nach wochenlangen Verhandlungen auf \u00c4nderungen beim B\u00fcrgergeld geeinigt, das k\u00fcnftig Grundsicherung hei\u00dfen soll. Die rund 5,5 Millionen Bezieher m\u00fcssen sich auf versch\u00e4rfte Mitwirkungspflichten und bei Missachtung auf sch\u00e4rfere Sanktionen einstellen. Wer Termine im Jobcenter wiederholt vers\u00e4umt, dem sollen k\u00fcnftig alle Leistungen gestrichen werden &#8211; letztlich auch die Unterst\u00fctzung zur Unterkunft.<\/p>\n<figure> <a href=\"https:\/\/www.n-tv.de\/politik\/politik_kommentare\/Links-ist-vorbei-Beim-Buergergeld-stimmt-es-mal-article26086499.html\" rel=\"noreferrer\" target=\"_blank\">      <img decoding=\"async\" alt=\"509145587.jpg\" src=\"https:\/\/www.n-tv.de\/img\/26086513-1760024945000\/17-6\/1136\/509145587.jpg\"\/> <\/a> <\/figure>\n<p>   Kommentare  09.10.25    H\u00e4rtere Regeln, endlich &quot;Links ist vorbei?&quot; Beim B\u00fcrgergeld stimmt es mal    <\/p>\n<p>Sozialverb\u00e4nde, die Gr\u00fcnen und der Vorsitzende der SPD-Jugendorganisation Jusos, Philipp T\u00fcrmer, hatten die Pl\u00e4ne kritisiert. Der Hauptgesch\u00e4ftsf\u00fchrer des Parit\u00e4tischen Gesamtverbandes, Joachim Rock, wertete sie etwa als &quot;ein ungerechtfertigtes und unsoziales Misstrauensvotum gegen Arbeitsuchende&quot;. Die Bundesregierung riskiere, &quot;Haushalte und Familien in verfestigte Armut und Existenznot zu treiben&quot;.<\/p>\n<p>&quot;Mit den angek\u00fcndigten massiven Ausweitungen der Leistungsk\u00fcrzungen steuert die Koalition sehenden Auges auf eine Klatsche vor dem Verfassungsgericht zu&quot;, warnte T\u00fcrmer im &quot;Tagesspiegel&quot;. Die Grundsicherung m\u00fcsse ein sozio\u00f6konomisches Existenzminimum garantieren, das sei nun bedroht. Der Juso-Chef forderte die Abgeordneten seiner Partei auf, sich gegen die Versch\u00e4rfung zu stellen.<\/p>\n<h2>Umsetzung sp\u00e4testens im Fr\u00fchjahr<\/h2>\n<figure> <a href=\"https:\/\/www.n-tv.de\/politik\/politik_kommentare\/Diese-Einigung-koennte-die-Stimmung-drehen-article26085987.html\" rel=\"noreferrer\" target=\"_blank\">      <img decoding=\"async\" alt=\"551651531.jpg\" src=\"https:\/\/www.n-tv.de\/img\/26085993-1760015345000\/17-6\/1136\/551651531.jpg\"\/> <\/a> <\/figure>\n<p>   Kommentare  09.10.25    &quot;B\u00fcrgergeld ist Geschichte&quot; Diese Einigung k\u00f6nnte die Stimmung drehen       <\/p>\n<p>Merz zeigte sich dagegen zuversichtlich, dass die SPD-Bundestagsfraktion &quot;den Weg mitgeht, weil es ist im Interesse der Betroffenen, dass wir helfen, aber dass wir auch gute Anreize setzen, wieder zu arbeiten&quot;. Im &quot;heute journal&quot; des ZDF sagte er: &quot;Das Bundesverfassungsgericht hat nie dem Gesetzgeber so enge Grenzen gesetzt, wie es h\u00e4ufig behauptet worden ist.&quot; Wer sich jeder Zusammenarbeit verweigere, dem k\u00f6nne der Staat die Leistungen auf null setzen.<\/p>\n<p>Der Kanzler k\u00fcndigte in der ARD an, das Gesetz solle sp\u00e4testens im Fr\u00fchjahr 2026 umgesetzt werden. Der Entwurf werde jetzt schnell in der Koalition abgestimmt und noch in diesem Jahr in den Bundestag eingebracht. &quot;Ich gehe davon aus, dass wir in den ersten Wochen des n\u00e4chsten Jahres das Gesetz verabschieden und dass es dann relativ schnell auch in Kraft treten kann.&quot;<\/p>\n<p>Quelle: ntv.de, jpe\/dpa<\/p>\n","protected":false},"excerpt":{"rendered":"<p>Politik &quot;Jeder, der eine Wohnung oder ein Dach \u00fcber dem Kopf braucht, bekommt ein Dach \u00fcber dem Kopf&quot;, sagt Merz. Nach wochenlangen Verhandlungen einigen sich Union und SPD auf \u00c4nderungen<\/p>\n","protected":false},"author":1,"featured_media":0,"comment_status":"open","ping_status":"open","sticky":false,"template":"","format":"standard","meta":{"footnotes":""},"categories":[1],"tags":[],"class_list":["post-30701","post","type-post","status-publish","format-standard","hentry","category-nachrichten"],"_links":{"self":[{"href":"https:\/\/onlinetranslators.de\/news\/wp-json\/wp\/v2\/posts\/30701","targetHints":{"allow":["GET"]}}],"collection":[{"href":"https:\/\/onlinetranslators.de\/news\/wp-json\/wp\/v2\/posts"}],"about":[{"href":"https:\/\/onlinetranslators.de\/news\/wp-json\/wp\/v2\/types\/post"}],"author":[{"embeddable":true,"href":"https:\/\/onlinetranslators.de\/news\/wp-json\/wp\/v2\/users\/1"}],"replies":[{"embeddable":true,"href":"https:\/\/onlinetranslators.de\/news\/wp-json\/wp\/v2\/comments?post=30701"}],"version-history":[{"count":0,"href":"https:\/\/onlinetranslators.de\/news\/wp-json\/wp\/v2\/posts\/30701\/revisions"}],"wp:attachment":[{"href":"https:\/\/onlinetranslators.de\/news\/wp-json\/wp\/v2\/media?parent=30701"}],"wp:term":[{"taxonomy":"category","embeddable":true,"href":"https:\/\/onlinetranslators.de\/news\/wp-json\/wp\/v2\/categories?post=30701"},{"taxonomy":"post_tag","embeddable":true,"href":"https:\/\/onlinetranslators.de\/news\/wp-json\/wp\/v2\/tags?post=30701"}],"curies":[{"name":"wp","href":"https:\/\/api.w.org\/{rel}","templated":true}]}}