{"id":30637,"date":"2025-09-29T06:16:07","date_gmt":"2025-09-29T03:16:07","guid":{"rendered":"https:\/\/onlinetranslators.de\/news\/nachrichten\/reaktionen-auf-nrw-stichwahlen-klingbeil-erleichtert-wust-zufrieden-spahn-begeistert\/"},"modified":"2025-09-29T06:16:07","modified_gmt":"2025-09-29T03:16:07","slug":"reaktionen-auf-nrw-stichwahlen-klingbeil-erleichtert-wust-zufrieden-spahn-begeistert","status":"publish","type":"post","link":"https:\/\/onlinetranslators.de\/news\/nachrichten\/reaktionen-auf-nrw-stichwahlen-klingbeil-erleichtert-wust-zufrieden-spahn-begeistert\/","title":{"rendered":"Reaktionen auf NRW-Stichwahlen: Klingbeil erleichtert, W\u00fcst zufrieden, Spahn begeistert"},"content":{"rendered":"<p class=\"caps\">Politik         \t\t                   \t\t               \t\t                    <\/p>\n<figure> \t\t                       \t\t                        <img decoding=\"async\" alt=\"Dortmund verloren, K\u00f6ln gewonnen: F\u00fcr SPD-Chef Klingbeil gab es bei der Stichwahl in NRW Glanz und Elend zu verarbeiten. \" src=\"https:\/\/www.n-tv.de\/img\/26062526-1759114346000\/16-9\/750\/549176234.jpg\"\/><figcaption>\n<p>Dortmund verloren, K\u00f6ln gewonnen: F\u00fcr SPD-Chef Klingbeil gab es bei der Stichwahl in NRW Glanz und Elend zu verarbeiten.<\/p>\n<\/figcaption><\/figure>\n<p><strong>Die Stichwahlen in NRW bescheren Schwarz-Rot Erfolge und Niederlagen zugleich. W\u00e4hrend SPD-Chef Klingbeil eher erleichtert ist, sehen sich CDU-Ministerpr\u00e4sident W\u00fcst und Unionsfraktionschef Spahn klar auf der Siegerseite. Wenig Anlass zum Jubeln haben die Gr\u00fcnen und die AfD.  <\/strong><\/p>\n<p>Einen Tag nach den Stichwahlen um kommunale Spitzenposten in Nordrhein-Westfalen beraten die Parteien \u00fcber die Ergebnisse. Bundeskanzler Friedrich Merz nimmt am Nachmittag an einer Sitzung des CDU-Landesvorstands in D\u00fcsseldorf teil. Anschlie\u00dfend ist ein gemeinsames Pressestatement mit Ministerpr\u00e4sident und CDU-Landeschef Hendrik W\u00fcst geplant. Der Landesvorstand der NRW-SPD analysiert die Wahlergebnisse am Abend in einer digitalen Sitzung. Dies sei der Auftakt des Prozesses der Wahlnachlese, sagte ein Parteisprecher.<\/p>\n<figure> <a href=\"https:\/\/www.n-tv.de\/politik\/Kommunalwahlen-in-NRW-Kampf-um-OB-Posten-im-zweiten-Wahlgang-article26057054.html\" rel=\"noreferrer\" target=\"_blank\">      <img decoding=\"async\" alt=\"470707618.jpg\" src=\"https:\/\/www.n-tv.de\/img\/26057048-1758803986000\/17-6\/1136\/470707618.jpg\"\/> <\/a> <\/figure>\n<p>   Politik  28.09.25    Alle Daten zur NRW-Stichwahl So hat Nordrhein-Westfalen gew\u00e4hlt    <\/p>\n<p>Die SPD hatte bei den Stichwahlen um Oberb\u00fcrgermeister\u00e4mter ein Wechselbad der Gef\u00fchle erlebt. In der seit rund 80 Jahren sozialdemokratisch regierten Ruhrgebietsmetropole Dortmund verlor die SPD den OB-Posten an die CDU. Dagegen gewann die SPD nach zehn Jahren wieder die Millionenstadt K\u00f6ln und stellt dort mit Torsten Burmester k\u00fcnftig den Oberb\u00fcrgermeister.<\/p>\n<p>Die SPD konnte zudem die Rath\u00e4user in der Ruhrgebietsstadt Oberhausen sowie in M\u00fclheim\/Ruhr von der CDU zur\u00fcckerobern und siegte mit ihren Kandidaten auch in der Revierstadt Bochum sowie in Wuppertal.<\/p>\n<figure> <a href=\"https:\/\/www.n-tv.de\/politik\/Nach-79-Jahren-verliert-die-SPD-Dortmund-an-die-CDU-article26062242.html\" rel=\"noreferrer\" target=\"_blank\">      <img decoding=\"async\" alt=\"547684184.jpg\" src=\"https:\/\/www.n-tv.de\/img\/26062238-1759080285000\/17-6\/1136\/547684184.jpg\"\/> <\/a> <\/figure>\n<p>   Politik  28.09.25    Sozialdemokraten siegen in K\u00f6ln Nach 79 Jahren verliert die SPD Dortmund an die CDU    <\/p>\n<h2>Klingbeil: SPD stellt meiste Oberb\u00fcrgermeister in NRW<\/h2>\n<p>SPD-Bundeschef und Vizekanzler Lars Klingbeil \u00e4u\u00dferte sich trotz des Verlustes der auch als SPD-&quot;Herzkammer&quot; bezeichneten Ruhrgebietsstadt Dortmund erleichtert \u00fcber Ausgang der NRW-Kommunalwahlen. &quot;Die AfD konnte sich in keiner einzigen Stichwahl durchsetzen&quot;, sagte Klingbeil den Zeitungen der Funke Mediengruppe.<\/p>\n<p>Die SPD habe mit K\u00f6ln die gr\u00f6\u00dfte Stadt in NRW zur\u00fcckgeholt und stelle mit insgesamt 13 Oberb\u00fcrgermeisterinnen und Oberb\u00fcrgermeistern weiterhin die meisten in NRW. &quot;Das zeigt, wo wir vor Ort stark verankert sind, k\u00f6nnen wir mit unserer Politik erfolgreich sein.&quot;<\/p>\n<p>Die SPD-Co-Vorsitzende B\u00e4rbel Bas mahnte dagegen, die SPD m\u00fcsse die Sorgen der Menschen ernst nehmen und den Alltag verbessern. &quot;Darauf muss der gesamte Fokus unserer Arbeit liegen. Das gilt f\u00fcr NRW genauso wie f\u00fcr das ganze Land&quot;, sagte Bas.<\/p>\n<h2>CDU sieht sich gest\u00e4rkt<\/h2>\n<p>Die CDU gab sich nach den Wahlen selbstbewusst. In der Landeshauptstadt D\u00fcsseldorf geht Amtsinhaber Stephan Keller in eine zweite Amtszeit. Auch in Essen bleibt CDU-Politiker Thomas Kufen f\u00fcr eine dritte Amtszeit Oberb\u00fcrgermeister. In Bonn und Aachen l\u00f6sten CDU-Politiker die bisherigen Gr\u00fcnen-Oberb\u00fcrgermeisterinnen ab. Im bisher von der SPD regierten Bielefeld siegte ebenso wie in Leverkusen der CDU-Kandidat. Ministerpr\u00e4sident W\u00fcst sprach von einem &quot;Votum f\u00fcr eine pragmatische, l\u00f6sungsorientierte, christdemokratische Politik der Mitte&quot;. Die Menschen s\u00e4hen, dass die CDU \u00fcber alle politischen Ebenen hinweg in NRW &quot;in den letzten f\u00fcnf Jahren gute Arbeit gemacht hat&quot;.<\/p>\n<p>     Stichwahl am 28.09.2025 Erster Wahlgang am 14.09.2025        <\/p>\n<p>Der aus NRW stammende Unionsfraktionschef Jens Spahn \u00e4u\u00dferte sich sehr zufrieden \u00fcber den Ausgang der Kommunalwahl. Im Gespr\u00e4ch mit der D\u00fcsseldorfer &quot;Rheinischen Post&quot; nannte Spahn den CDU-Sieg in Dortmund &quot;historisch&quot;. &quot;Essen und D\u00fcsseldorf haben wir mit starken Ergebnissen gehalten. Damit werden nun drei der f\u00fcnf gr\u00f6\u00dften St\u00e4dte NRWs von CDU-OBs regiert. Dazu Siege in Aachen, Bonn, Leverkusen, Bielefeld und Hagen sowie beim Landrat in Herford und Lippe. Letztmalig haben wir 1999 so abger\u00e4umt. Ein toller Abend&quot;, schw\u00e4rmte der CDU-Politiker. <\/p>\n<p>Im ersten Wahlgang der Kommunalwahlen am 14. September waren die Christdemokraten trotz leichter R\u00fcckg\u00e4nge mit 33,3 Prozent der Stimmen klar die st\u00e4rkste Kraft geblieben.<\/p>\n<figure> <a href=\"https:\/\/www.n-tv.de\/politik\/AfD-Uberraschung-bei-Stichwahlen-in-NRW-bleibt-aus-article26062199.html\" rel=\"noreferrer\" target=\"_blank\">      <img decoding=\"async\" alt=\"509536016.jpg\" src=\"https:\/\/www.n-tv.de\/img\/26062202-1759078362000\/17-6\/1136\/509536016.jpg\"\/> <\/a> <\/figure>\n<p>   Politik  28.09.25    Niederlage in drei St\u00e4dten AfD-\u00dcberraschung bei Stichwahlen in NRW bleibt aus    <\/p>\n<h2>Kein &quot;blaues Rathaus&quot; in NRW <\/h2>\n<p>Die bef\u00fcrchtete &quot;blaue Welle&quot; blieb bei den Stichwahlen aus. Die AfD, die bei den Kommunalwahlen vor zwei Wochen ihr Ergebnis auf 14,5 Prozent fast verdreifachen konnte, brachte keinen ihrer drei Kandidaten in Duisburg, Gelsenkirchen und Hagen durch.<\/p>\n<p>In der Stahl-Stadt Duisburg siegte der langj\u00e4hrige SPD-Amtsinhaber S\u00f6ren Link. In Hagen entschied der CDU-Kandidat Dennis Rehbein die Stichwahl f\u00fcr sich. In Gelsenkirchen gewann die sozialdemokratische Sozialpolitikerin Andrea Henze gegen den AfD-Kandidaten und wird damit neue Oberb\u00fcrgermeisterin in der von starken Strukturproblemen betroffenen Stadt.<\/p>\n<h2>Gr\u00fcne verlieren Bonn und Aachen, gewinnen M\u00fcnster<\/h2>\n<p>Die Gr\u00fcnen gewannen zwar erstmals den Oberb\u00fcrgermeisterposten in der Universit\u00e4tsstadt M\u00fcnster, m\u00fcssen aber die OB-Sessel in Bonn und Aachen r\u00e4umen und unterlagen auch mit ihrer Kandidatin Berivan Aymaz in K\u00f6ln.<\/p>\n<p>     Stichwahl am 28.09.2025 Erster Wahlgang am 14.09.2025      <\/p>\n<p>Bei den landesweiten Kommunalwahlen vor zwei Wochen hatten die Gr\u00fcnen hohe Einbu\u00dfen erlitten, nachdem sie 2020 erstmals in Bonn und Aachen OB-Posten in NRW gewonnen und bei den Kommunalwahlen ihr bestes Ergebnis erzielt hatten.<\/p>\n<p>In NRW regiert seit 2022 eine schwarz-gr\u00fcne Koalition. Der Gr\u00fcnen-Bundesvorsitzende Felix Banaszak will Schl\u00fcsse f\u00fcr kommende Wahlen ziehen. &quot;Was wir jetzt zu tun haben, in Richtung Landtagswahl und in Richtung Bundestagswahl, ist, das Vertrauen wieder aufzubauen, dass gr\u00fcne Politik die richtigen Antworten auf die Fragen der Gegenwart und der Zukunft liefert&quot;, sagte Banaszak.<\/p>\n<p>Quelle: ntv.de, mau\/dpa<\/p>\n","protected":false},"excerpt":{"rendered":"<p>Politik Dortmund verloren, K\u00f6ln gewonnen: F\u00fcr SPD-Chef Klingbeil gab es bei der Stichwahl in NRW Glanz und Elend zu verarbeiten. Die Stichwahlen in NRW bescheren Schwarz-Rot Erfolge und Niederlagen zugleich.<\/p>\n","protected":false},"author":1,"featured_media":0,"comment_status":"open","ping_status":"open","sticky":false,"template":"","format":"standard","meta":{"footnotes":""},"categories":[1],"tags":[],"class_list":["post-30637","post","type-post","status-publish","format-standard","hentry","category-nachrichten"],"_links":{"self":[{"href":"https:\/\/onlinetranslators.de\/news\/wp-json\/wp\/v2\/posts\/30637","targetHints":{"allow":["GET"]}}],"collection":[{"href":"https:\/\/onlinetranslators.de\/news\/wp-json\/wp\/v2\/posts"}],"about":[{"href":"https:\/\/onlinetranslators.de\/news\/wp-json\/wp\/v2\/types\/post"}],"author":[{"embeddable":true,"href":"https:\/\/onlinetranslators.de\/news\/wp-json\/wp\/v2\/users\/1"}],"replies":[{"embeddable":true,"href":"https:\/\/onlinetranslators.de\/news\/wp-json\/wp\/v2\/comments?post=30637"}],"version-history":[{"count":0,"href":"https:\/\/onlinetranslators.de\/news\/wp-json\/wp\/v2\/posts\/30637\/revisions"}],"wp:attachment":[{"href":"https:\/\/onlinetranslators.de\/news\/wp-json\/wp\/v2\/media?parent=30637"}],"wp:term":[{"taxonomy":"category","embeddable":true,"href":"https:\/\/onlinetranslators.de\/news\/wp-json\/wp\/v2\/categories?post=30637"},{"taxonomy":"post_tag","embeddable":true,"href":"https:\/\/onlinetranslators.de\/news\/wp-json\/wp\/v2\/tags?post=30637"}],"curies":[{"name":"wp","href":"https:\/\/api.w.org\/{rel}","templated":true}]}}