{"id":30627,"date":"2025-09-27T13:15:58","date_gmt":"2025-09-27T10:15:58","guid":{"rendered":"https:\/\/onlinetranslators.de\/news\/nachrichten\/friedlich-trugerisch-todlich-linus-geschkes-der-trailer-ist-nichts-fur-camper\/"},"modified":"2025-09-27T13:15:58","modified_gmt":"2025-09-27T10:15:58","slug":"friedlich-trugerisch-todlich-linus-geschkes-der-trailer-ist-nichts-fur-camper","status":"publish","type":"post","link":"https:\/\/onlinetranslators.de\/news\/nachrichten\/friedlich-trugerisch-todlich-linus-geschkes-der-trailer-ist-nichts-fur-camper\/","title":{"rendered":"Friedlich? Tr\u00fcgerisch. T\u00f6dlich!: Linus Geschkes &#8220;Der Trailer&#8221; ist nichts f\u00fcr Camper"},"content":{"rendered":"<p class=\"caps\">H\u00f6rb\u00fccher         \t\t                   \t\t               \t\t                    <\/p>\n<figure> \t\t                       \t\t                        <img decoding=\"async\" alt=\"Was ist Lisa geschehen?\" src=\"https:\/\/www.n-tv.de\/img\/26047386-1758522175000\/16-9\/750\/imago780059993.jpg\"\/><figcaption>\n<p>Was ist Lisa geschehen?<\/p>\n<\/figcaption><\/figure>\n<p><strong>Ein Campingplatz in den Ardennen: W\u00e4lder, Berge, Natur pur &#8211; und ein d\u00fcsteres Geheimnis, in dessen Mittelpunkt eine junge Frau steht. Deren spurloses Verschwinden greift ein True-Crime-Podcast auf &#8211; und die H\u00f6lle bricht los.<\/strong><\/p>\n<p>Campen ist in. Raus in die Natur, Ruhe genie\u00dfen, die frische Luft. Kraft tanken. Das galt in der Corona-Krise und heute noch viel mehr. Aber vielleicht sollte man dabei einige Campingpl\u00e4tze meiden. Camp Donkerbloem geh\u00f6rt dazu.<\/p>\n<p>Er liegt in der malerischen Natur der Ardennen, einem Gebiet, das in der Vergangenheit schon viel Leid ertragen musste. Stichwort: Weltkriege. Aber die Region bietet eben auch genug Stoff f\u00fcr packende Thriller &#8211; und f\u00fcr Bestsellerautor Linus Geschke sind die Ardennen das perfekte Ambiente f\u00fcr den Start einer Trilogie: &quot;Donkerbloem 1: Der Trailer&quot;.<\/p>\n<figure> <a href=\"https:\/\/www.n-tv.de\/leute\/hoerbuecher\/Das-dunkle-Geheimnis-von-Waldesroda-article25875882.html\" rel=\"noreferrer\" target=\"_blank\">      <img decoding=\"async\" alt=\"217942511.jpg\" src=\"https:\/\/www.n-tv.de\/img\/25875967-1751526883000\/17-6\/1136\/217942511.jpg\"\/> <\/a> <\/figure>\n<p>   H\u00f6rb\u00fccher  05.07.25    &quot;Wenn sie l\u00fcgt&quot; Das dunkle Geheimnis von Waldesroda    <\/p>\n<h2>Zur falschen Zeit der falsche Ort<\/h2>\n<p>Es geht um die Studentin Lisa, die im Camp Donkerbloem Station macht, bevor sie sich zur\u00fcck zu ihrer Mutter und in die deutsche Heimat begeben will. Doch dort kommt die junge Frau nie an. Sie verschwindet spurlos. Ein Cold Case. Auch knapp 15 Jahre sp\u00e4ter fehlt von der jungen, gut aussehenden Frau jede Spur, aber ein True-Crime-Podcast widmet Lisa eine Folge. Gespr\u00e4chspartnerin des Hosts: Hauptkommissarin Frieda Stahnke. Sie kennt Lisa, wuchs mit ihr im gleichen Dorf auf. Mit dem Fall hatte sie aber nichts zu tun.<\/p>\n<p>Zudem ist Stahnke beurlaubt. Die Innere ermittelt. Es geht um einen Immobilientycoon in Hamburg, einen libanesischen Clan und einen vermeintlichen Mord. Stahnkes Vorgesetzte mag die Mittdrei\u00dfigerin zudem nicht, will sie loswerden. Als sie bei der Podcast-Aufzeichnung erf\u00e4hrt, dass mehrere der damaligen Zeugen auf nicht nat\u00fcrliche Weisen ums Leben gekommen sind, hat Stahnke Blut geleckt.<\/p>\n<p>   ANZEIGE   <a href=\"https:\/\/www.amazon.de\/dp\/B0FFBH8KW6?tag=ntv-tr-a-5522-21&amp;linkCode=ogi&amp;th=1&amp;psc=1\" rel=\"noreferrer\" target=\"_blank\"> <img decoding=\"async\" src=\"https:\/\/m.media-amazon.com\/images\/I\/41O9Udtm+lL._SL500_.jpg\"\/><\/a>   Der Trailer: Donkerbloem, Band 1     705  19,50 \u20ac 20,95 \u20ac  Zum Angebot bei amazon.de      <\/p>\n<h2>Die Kommissarin und der Schn\u00fcffler<\/h2>\n<p>Sie ermittelt im Stillen, st\u00f6\u00dft auf einen Zeugen von einst, der noch lebt und mittlerweile als Kneipenwirt in K\u00f6ln sein Geld verdient &#8211; und mit Zigarettenschmuggel: Wout Mertens. Sein Lokal ist wie er selbst Ende der 1980er, Anfang der 1990er stehen geblieben. Gen Z? Nicht bei ihm. Hier dudeln Ultravox neben den Flock of Seagulls, Depeche Mode, Kim Wilde und nat\u00fcrlich Metallica. Da geht nichts dr\u00fcber. In der Woche, wenn die Stammklientel vor Ort ist, bedient der Chef noch selbst. An den Wochenenden, wo das Partyvolk sich auch in seine Klitsche verirren k\u00f6nnte, sucht er meist das Weite.<\/p>\n<p>Auch Mertens hat den Podcast geh\u00f6rt. Und erinnert sich. Dunkel und d\u00fcster war die Nacht. Er hat Lisa gesehen. Er kennt Details ihres K\u00f6rpers. Aber hat er mit ihrem Verschwinden zu tun? Die Kommissarin vermutet das. Zumindest am Anfang ihrer Recherchen. Sie macht sich auch ein Bild der Lage vor Ort: im Camp Donkerbloem. Durchaus aufger\u00e4umt und idyllisch. Keine Frage. Aber irgendetwas erscheint ihr dennoch faul. Ist es Vince, der den Platz f\u00fchrt und das Sagen hat? Und was hat es mit dem &quot;Club Donkerbloem&quot; auf sich? Dazu findet sich nichts im Polizeibericht und auch nicht im Internet. Ein geheimer Club f\u00fcr besonders Betuchte? F\u00fcr Menschen, die zwar keinerlei Moral kennen und haben, aber daf\u00fcr umso mehr blutige Gel\u00fcste, die ausgelebt werden wollen?<\/p>\n<figure> <a href=\"https:\/\/www.n-tv.de\/leute\/hoerbuecher\/Die-Nacht-ist-eine-Lektion-in-Sachen-Wahrheit-article25667928.html\" rel=\"noreferrer\" target=\"_blank\">      <img decoding=\"async\" alt=\"21288823.jpg\" src=\"https:\/\/www.n-tv.de\/img\/25668214-1743416330000\/17-6\/1136\/21288823.jpg\"\/> <\/a> <\/figure>\n<p>   H\u00f6rb\u00fccher  05.04.25    NSU 2.0 oder ein Serienkiller? &quot;Die Nacht&quot; ist eine Lektion in Sachen Wahrheit    <\/p>\n<h2>Wie geht es weiter?<\/h2>\n<p>Geschke beantwortet die Fragen. Aber nicht alle. Denn neben dem Fall der verschwundenen Lisa geht es am Rande auch um die Suspendierung Stahnkes, um den omin\u00f6sen Immobilienhai aus Hamburg und einen offenbar sehr geheimen Zirkel im Hintergrund. Das verspricht Spannung, die Richard Barenberg als Sprecher des bei H\u00f6rbuch Hamburg und als Buch bei Piper erschienenen Werks, auf die Spitze treibt: D\u00fcster, aufw\u00fchlend, \u00fcberschw\u00e4nglich. Das Repertoire von Barenbergs Stimme verleiht &quot;Der Trailer&quot; die ihm zustehende Tiefe. Sie tr\u00e4gt \u00fcber die knapp neuneinhalb Stunden Spielzeit. <\/p>\n<p>Dass Geschke Thriller kann, hat er unter anderem mit &quot;Das Loft&quot; und &quot;Wenn sie l\u00fcgt&quot; eindrucksvoll gezeigt. Dass er Twists kann, ebenso. Der Start der &quot;Donkerbloem&quot;-Reihe macht Lust auf mehr, auch wenn es nicht unbedingt das Campen an sich ist.<\/p>\n<p>Quelle: ntv.de<\/p>\n","protected":false},"excerpt":{"rendered":"<p>H\u00f6rb\u00fccher Was ist Lisa geschehen? Ein Campingplatz in den Ardennen: W\u00e4lder, Berge, Natur pur &#8211; und ein d\u00fcsteres Geheimnis, in dessen Mittelpunkt eine junge Frau steht. Deren spurloses Verschwinden greift<\/p>\n","protected":false},"author":1,"featured_media":0,"comment_status":"open","ping_status":"open","sticky":false,"template":"","format":"standard","meta":{"footnotes":""},"categories":[1],"tags":[],"class_list":["post-30627","post","type-post","status-publish","format-standard","hentry","category-nachrichten"],"_links":{"self":[{"href":"https:\/\/onlinetranslators.de\/news\/wp-json\/wp\/v2\/posts\/30627","targetHints":{"allow":["GET"]}}],"collection":[{"href":"https:\/\/onlinetranslators.de\/news\/wp-json\/wp\/v2\/posts"}],"about":[{"href":"https:\/\/onlinetranslators.de\/news\/wp-json\/wp\/v2\/types\/post"}],"author":[{"embeddable":true,"href":"https:\/\/onlinetranslators.de\/news\/wp-json\/wp\/v2\/users\/1"}],"replies":[{"embeddable":true,"href":"https:\/\/onlinetranslators.de\/news\/wp-json\/wp\/v2\/comments?post=30627"}],"version-history":[{"count":0,"href":"https:\/\/onlinetranslators.de\/news\/wp-json\/wp\/v2\/posts\/30627\/revisions"}],"wp:attachment":[{"href":"https:\/\/onlinetranslators.de\/news\/wp-json\/wp\/v2\/media?parent=30627"}],"wp:term":[{"taxonomy":"category","embeddable":true,"href":"https:\/\/onlinetranslators.de\/news\/wp-json\/wp\/v2\/categories?post=30627"},{"taxonomy":"post_tag","embeddable":true,"href":"https:\/\/onlinetranslators.de\/news\/wp-json\/wp\/v2\/tags?post=30627"}],"curies":[{"name":"wp","href":"https:\/\/api.w.org\/{rel}","templated":true}]}}