{"id":30612,"date":"2025-09-26T00:26:01","date_gmt":"2025-09-25T21:26:01","guid":{"rendered":"https:\/\/onlinetranslators.de\/news\/nachrichten\/auftaktsieg-gegen-celta-vigo-neuzugange-bescheren-stuttgart-fast-perfekten-europa-league-abend\/"},"modified":"2025-09-26T00:26:01","modified_gmt":"2025-09-25T21:26:01","slug":"auftaktsieg-gegen-celta-vigo-neuzugange-bescheren-stuttgart-fast-perfekten-europa-league-abend","status":"publish","type":"post","link":"https:\/\/onlinetranslators.de\/news\/nachrichten\/auftaktsieg-gegen-celta-vigo-neuzugange-bescheren-stuttgart-fast-perfekten-europa-league-abend\/","title":{"rendered":"Auftaktsieg gegen Celta Vigo: Neuzug\u00e4nge bescheren Stuttgart fast perfekten Europa-League-Abend"},"content":{"rendered":"<p class=\"caps\">Fu\u00dfball         \t\t                   \t\t               \t\t                    <\/p>\n<figure> \t\t                       \t\t                        <img decoding=\"async\" alt=\"Kapit\u00e4n Ermedin Demirovic f\u00fchrte den VfB zum Sieg.\" src=\"https:\/\/www.n-tv.de\/img\/26058123-1758833443000\/16-9\/750\/imago1066921230.jpg\"\/><figcaption>\n<p>Kapit\u00e4n Ermedin Demirovic f\u00fchrte den VfB zum Sieg.<\/p>\n<\/figcaption><\/figure>\n<p><strong>Lange hat der VfB Stuttgart bei seinem Heimspiel zum Start in die Europa League alles im Griff. In der Schlussphase aber sorgen zwei ehemalige Bundesliga-Profis im Trikot von Celta Vigo noch einmal f\u00fcr Spannung. <\/strong><\/p>\n<p>Der VfB Stuttgart hat seine Europapokal-Reise mit einem wichtigen Erfolg er\u00f6ffnet und kommt in der neuen Saison immer besser in Schwung. Die Mannschaft von Trainer Sebastian Hoene\u00df gewann zum Auftakt der Ligaphase in der Europa League verdient mit 2:1 (0:0) gegen den spanischen Erstligisten Celta Vigo, nach dem durchwachsenen Saisonstart zeigt die Formkurve des Pokalsiegers damit wieder nach oben.<\/p>\n<p>&quot;Ich bin sehr zufrieden mit dem Spiel&quot;, sagte Hoene\u00df nach der Partie bei RTL: &quot;Ich denke, das war hoch verdient. In der ersten Halbzeit hat noch ein bisschen was gefehlt, aber wir waren auch da schon am Dr\u00fccker. Es war unn\u00f6tig, am Ende noch zu zittern, aber der Sieg war verdient.&quot;<\/p>\n<p>Badredine Bouanani (51.) auf Vorlage von Torh\u00fcter Alexander N\u00fcbel und Bilal El Khannouss (68.) sorgten mit ihren Treffern f\u00fcr den zweiten Sieg in Folge und belohnten den VfB f\u00fcr einen insgesamt \u00fcberzeugenden Auftritt, auch wenn Borja Iglesias (86.) die G\u00e4ste noch einmal heranbrachte. Bereits in der kommenden Woche (Donnerstag, 21 Uhr\/RTL+) ist Stuttgart am zweiten Spieltag beim FC Basel zu Gast, am Sonntag (17.30 Uhr\/DAZN und im Liveticker bei ntv.de) steht zun\u00e4chst die Liga-Partie beim 1. FC K\u00f6ln an.<\/p>\n<h2>Kapit\u00e4n sitzt nur noch auf der Bank<\/h2>\n<p>Nach dem Aus in der Ligaphase der Champions League in der vergangenen Saison war die Vorfreude auf die n\u00e4chste Europapokal-Teilnahme beim VfB riesig. Die Mannschaft sei &quot;hei\u00df auf die n\u00e4chste internationale Reise&quot;, sagte Hoene\u00df, der in seiner Startaufstellung erneut auf Atakan Karazor verzichtete. Der Stammkapit\u00e4n wurde wie schon beim 2:0 in der Liga gegen den FC St. Pauli vom 20 Jahre alten Chema Andr\u00e9s auf die Bank verdr\u00e4ngt &#8211; und der Neuzugang rechtfertigte das Vertrauen beinahe umgehend.<\/p>\n<figure> <a href=\"https:\/\/www.n-tv.de\/sport\/fussball\/Freiburg-startet-leicht-blutig-aber-siegreich-in-die-Europa-League-article26055358.html\" rel=\"noreferrer\" target=\"_blank\">      <img decoding=\"async\" alt=\"1478cf12a368a7db3bc91d8db9d71828.jpg\" src=\"https:\/\/www.n-tv.de\/img\/26055359-1758746988000\/17-6\/1136\/1478cf12a368a7db3bc91d8db9d71828.jpg\"\/> <\/a> <\/figure>\n<p>   Fu\u00dfball  24.09.25    Derby-Sieg gegen den FC Basel Freiburg startet leicht blutig, aber siegreich in die Europa League    <\/p>\n<p>Nach nur neun Minuten verpassten sowohl Chema als auch Jamie Leweling bei einer Doppelchance die F\u00fchrung f\u00fcr den VfB, der in der Folge zwar klar die Kontrolle \u00fcbernahm, jedoch zu selten gef\u00e4hrlich wurde. Vigo, das in der spanischen Liga nach sechs Spieltagen noch ohne Sieg dasteht, hatte mit der Vielzahl an Stuttgarter Flanken nur wenig Probleme. Erst kurz vor der Pause wurde der VfB zwingender &#8211; und nahm diesen Schwung mit in die zweite Halbzeit.<\/p>\n<p>N\u00fcbel spielte von der eigenen Strafraumkante einen perfekten Pass in den Lauf von Bouanani, der den Ball mit dem ersten Kontakt \u00fcber Vigos Torwart Ionut Radu ins Tor hob. Der Treffer brachte dem VfB zus\u00e4tzliche Sicherheit. Stuttgart spielte nun noch befreiter auf &#8211; und legte in Person von El Khannouss nach. Kurz vor Schluss leitete ein Ballverlust des eingewechselten Karazor das unn\u00f6tige Gegentor ein.<\/p>\n<p>Quelle: ntv.de, tsi\/sid<\/p>\n","protected":false},"excerpt":{"rendered":"<p>Fu\u00dfball Kapit\u00e4n Ermedin Demirovic f\u00fchrte den VfB zum Sieg. Lange hat der VfB Stuttgart bei seinem Heimspiel zum Start in die Europa League alles im Griff. In der Schlussphase aber<\/p>\n","protected":false},"author":1,"featured_media":0,"comment_status":"open","ping_status":"open","sticky":false,"template":"","format":"standard","meta":{"footnotes":""},"categories":[1],"tags":[],"class_list":["post-30612","post","type-post","status-publish","format-standard","hentry","category-nachrichten"],"_links":{"self":[{"href":"https:\/\/onlinetranslators.de\/news\/wp-json\/wp\/v2\/posts\/30612","targetHints":{"allow":["GET"]}}],"collection":[{"href":"https:\/\/onlinetranslators.de\/news\/wp-json\/wp\/v2\/posts"}],"about":[{"href":"https:\/\/onlinetranslators.de\/news\/wp-json\/wp\/v2\/types\/post"}],"author":[{"embeddable":true,"href":"https:\/\/onlinetranslators.de\/news\/wp-json\/wp\/v2\/users\/1"}],"replies":[{"embeddable":true,"href":"https:\/\/onlinetranslators.de\/news\/wp-json\/wp\/v2\/comments?post=30612"}],"version-history":[{"count":0,"href":"https:\/\/onlinetranslators.de\/news\/wp-json\/wp\/v2\/posts\/30612\/revisions"}],"wp:attachment":[{"href":"https:\/\/onlinetranslators.de\/news\/wp-json\/wp\/v2\/media?parent=30612"}],"wp:term":[{"taxonomy":"category","embeddable":true,"href":"https:\/\/onlinetranslators.de\/news\/wp-json\/wp\/v2\/categories?post=30612"},{"taxonomy":"post_tag","embeddable":true,"href":"https:\/\/onlinetranslators.de\/news\/wp-json\/wp\/v2\/tags?post=30612"}],"curies":[{"name":"wp","href":"https:\/\/api.w.org\/{rel}","templated":true}]}}