{"id":30600,"date":"2025-09-24T11:45:59","date_gmt":"2025-09-24T08:45:59","guid":{"rendered":"https:\/\/onlinetranslators.de\/news\/nachrichten\/premiere-im-bundestag-hanna-steinmuller-nimmt-baby-mit-ans-rednerpult\/"},"modified":"2025-09-24T11:45:59","modified_gmt":"2025-09-24T08:45:59","slug":"premiere-im-bundestag-hanna-steinmuller-nimmt-baby-mit-ans-rednerpult","status":"publish","type":"post","link":"https:\/\/onlinetranslators.de\/news\/nachrichten\/premiere-im-bundestag-hanna-steinmuller-nimmt-baby-mit-ans-rednerpult\/","title":{"rendered":"Premiere im Bundestag: Hanna Steinm\u00fcller nimmt Baby mit ans Rednerpult"},"content":{"rendered":"<p class=\"caps\">Politik         \t\t                   \t\t                \t \t\t          \t          \t\t          \t\t\t<img decoding=\"async\" src=\"https:\/\/www.n-tv.de\/img\/26052936-1758701867000\/16-9\/1136\/BabyRede.jpg\" alt=\"BabyRede.jpg\"\/>          \t\t\t          \t\t          \t           \t                              <\/p>\n<p><strong>Die Vereinbarkeit von Familie und Beruf ist eine der gro\u00dfen Herausforderungen f\u00fcr die Politik. Eine Gr\u00fcnen-Abgeordnete f\u00fchrt dies im Bundestag auch ganz plastisch vor &#8211; und nimmt ihr Kind in einer Trage mit ans Rednerpult. F\u00fcr diesen Schritt erh\u00e4lt sie Lob von h\u00f6chster Stelle.<\/strong><\/p>\n<p>Die Gr\u00fcnen-Abgeordnete Hanna Steinm\u00fcller hat ihre Rede zum Etat des Bauministeriums mit Baby in der Bauchtrage gehalten &#8211; und damit nach Angaben des Bundestags Geschichte geschrieben. &quot;Erstmals stand heute eine Abgeordnete mit ihrem Baby am Redepult des Deutschen Bundestages&quot;, teilte das Parlament auf seinem Instagram-Account mit. In einem Video war zu sehen, dass das Kind seinen Auftritt gelassen hinnahm und augenscheinlich schlief.<\/p>\n<p>Steinm\u00fcller, die Ende Dezember die Geburt ihres Nachwuchses bekannt gegeben hatte, hat ihr Kind zuvor bereits ins Plenum mitgenommen. Zum ersten Mal nahm sie es am Dienstagnachmittag in einer Babytrage vor den Bauch geschnallt auch mit ans Rednerpult. &quot;Wilder Tag. Wir freuen uns erstmal am Feierabend, morgen ein paar Gedanken mehr zur Vereinbarkeit&quot;, schrieb sie dazu am Abend in einer Instagram-Story. Die 32-J\u00e4hrige ist seit 2015 Mitglied der Gr\u00fcnen. 2021 wurde sie direkt f\u00fcr den Wahlkreis Berlin-Mitte in den Bundestag gew\u00e4hlt. <\/p>\n<p>Parlamentspr\u00e4sidentin Julia Kl\u00f6ckner schrieb dazu ebenfalls in einer Story bei Instagram: &quot;Mutter mit S\u00e4ugling und Betreuungsherausforderung? Hanna Steinm\u00fcller hat das mit ihrem Kind bravour\u00f6s gemeistert.&quot; Deshalb halte sie es auch f\u00fcr vertretbar, S\u00e4uglinge unter gewissen Umst\u00e4nden im Plenarsaal zuzulassen, schrieb die CDU-Politikerin.<\/p>\n<p>Quelle: ntv.de, als\/dpa<\/p>\n","protected":false},"excerpt":{"rendered":"<p>Politik Die Vereinbarkeit von Familie und Beruf ist eine der gro\u00dfen Herausforderungen f\u00fcr die Politik. Eine Gr\u00fcnen-Abgeordnete f\u00fchrt dies im Bundestag auch ganz plastisch vor &#8211; und nimmt ihr Kind<\/p>\n","protected":false},"author":1,"featured_media":0,"comment_status":"open","ping_status":"open","sticky":false,"template":"","format":"standard","meta":{"footnotes":""},"categories":[1],"tags":[],"class_list":["post-30600","post","type-post","status-publish","format-standard","hentry","category-nachrichten"],"_links":{"self":[{"href":"https:\/\/onlinetranslators.de\/news\/wp-json\/wp\/v2\/posts\/30600","targetHints":{"allow":["GET"]}}],"collection":[{"href":"https:\/\/onlinetranslators.de\/news\/wp-json\/wp\/v2\/posts"}],"about":[{"href":"https:\/\/onlinetranslators.de\/news\/wp-json\/wp\/v2\/types\/post"}],"author":[{"embeddable":true,"href":"https:\/\/onlinetranslators.de\/news\/wp-json\/wp\/v2\/users\/1"}],"replies":[{"embeddable":true,"href":"https:\/\/onlinetranslators.de\/news\/wp-json\/wp\/v2\/comments?post=30600"}],"version-history":[{"count":0,"href":"https:\/\/onlinetranslators.de\/news\/wp-json\/wp\/v2\/posts\/30600\/revisions"}],"wp:attachment":[{"href":"https:\/\/onlinetranslators.de\/news\/wp-json\/wp\/v2\/media?parent=30600"}],"wp:term":[{"taxonomy":"category","embeddable":true,"href":"https:\/\/onlinetranslators.de\/news\/wp-json\/wp\/v2\/categories?post=30600"},{"taxonomy":"post_tag","embeddable":true,"href":"https:\/\/onlinetranslators.de\/news\/wp-json\/wp\/v2\/tags?post=30600"}],"curies":[{"name":"wp","href":"https:\/\/api.w.org\/{rel}","templated":true}]}}