{"id":30599,"date":"2025-09-24T07:36:11","date_gmt":"2025-09-24T04:36:11","guid":{"rendered":"https:\/\/onlinetranslators.de\/news\/nachrichten\/wegen-beitragsdrohung-gegen-ndr-nouripour-wirft-linnemann-zensurversuch-vor\/"},"modified":"2025-09-24T07:36:11","modified_gmt":"2025-09-24T04:36:11","slug":"wegen-beitragsdrohung-gegen-ndr-nouripour-wirft-linnemann-zensurversuch-vor","status":"publish","type":"post","link":"https:\/\/onlinetranslators.de\/news\/nachrichten\/wegen-beitragsdrohung-gegen-ndr-nouripour-wirft-linnemann-zensurversuch-vor\/","title":{"rendered":"Wegen Beitragsdrohung gegen NDR: Nouripour wirft Linnemann Zensurversuch vor"},"content":{"rendered":"<p class=\"caps\">Politik         \t\t                   \t\t               \t\t                    <\/p>\n<figure> \t\t                       \t\t                        <img decoding=\"async\" alt=\"Eine NDR-interne Entscheidung: Bundestagsvize Nouripour wettert gegen Einmischung Linnemanns. \" src=\"https:\/\/www.n-tv.de\/img\/26052301-1758677357000\/16-9\/750\/547480346.jpg\"\/><figcaption>\n<p>Eine NDR-interne Entscheidung: Bundestagsvize Nouripour wettert gegen Einmischung Linnemanns.<\/p>\n<\/figcaption><\/figure>\n<p><strong>War es falsch oder richtig, dass der NDR die Moderatorin Julia Ruhs von einer Sendung abgezogen hat? Das l\u00e4sst Bundestagsvize Nouripour offen. Die Drohung mit einem Beitragsmoratorium des CDU-Generalsekret\u00e4rs Linnemann sei in jedem Fall &quot;indiskutabel&quot;. <\/strong><\/p>\n<p>Der Vizepr\u00e4sident des Bundestags, Gr\u00fcnen-Politiker Omid Nouripour, hat die Drohung von CDU-Generalsekret\u00e4r Carsten Linnemann, die Rundfunkbeitr\u00e4ge einzufrieren, weil der Norddeutsche Rundfunk (NDR) eine Moderatorin ausgetauscht hatte, scharf kritisiert. Linnemanns \u00c4u\u00dferungen seien &quot;indiskutabel&quot;, schrieb Nouripour in einem Gastbeitrag f\u00fcr den &quot;Tagesspiegel&quot;. <\/p>\n<figure> <a href=\"https:\/\/www.n-tv.de\/politik\/politik_kommentare\/Die-Absetzung-von-Julia-Ruhs-ist-eine-Torheit-ohnegleichen-article26043035.html\" rel=\"noreferrer\" target=\"_blank\">      <img decoding=\"async\" alt=\"524798758.jpg\" src=\"https:\/\/www.n-tv.de\/img\/26043132-1758273621000\/17-6\/1136\/524798758.jpg\"\/> <\/a> <\/figure>\n<p>   Kommentare  19.09.25    Der NDR und die Meinungsvielfalt Die Absetzung von Julia Ruhs ist eine Torheit ohnegleichen    <\/p>\n<p>&quot;Man kann diesen Austausch klug finden oder falsch, aber es ist das Ergebnis einer intensiven Debatte innerhalb einer Redaktion &#8211; und keine der Politik&quot;, schrieb Nouripour \u00fcber die NDR-Entscheidung, der Journalistin Julia Ruhs die Moderation des Formats &quot;Klar&quot; zu entziehen.<\/p>\n<p>Die Kritik von Linnemann darauf verurteilte Nouripour entschieden: &quot;Wenn eine Regierungspartei derma\u00dfen Druck macht, kommt das einem Zensurversuch gleich.&quot; Damit w\u00fcrde die CDU nicht anders handeln als der Chef der US-Lizenzierungsbeh\u00f6rde, der dem Sender von US-Moderator Jimmy Kimmel damit gedroht hatte, die Lizenz zu entziehen. &quot;Das nennt man Zensur&quot;, schrieb Nouripour.<\/p>\n<figure> <a href=\"https:\/\/www.n-tv.de\/panorama\/Neuer-NDR-Intendant-raeumt-Fehler-im-Fall-Ruhs-ein-article26044519.html\" rel=\"noreferrer\" target=\"_blank\">      <img decoding=\"async\" alt=\"525394211.jpg\" src=\"https:\/\/www.n-tv.de\/img\/26044548-1758311478000\/17-6\/1136\/525394211.jpg\"\/> <\/a> <\/figure>\n<p>   Panorama  19.09.25    &quot;Niemand ist gecancelt worden&quot; Neuer NDR-Intendant r\u00e4umt Fehler im Fall Ruhs ein    <\/p>\n<h2>&quot;Warum schreitet Wolfram Weimer nicht ein?&quot;<\/h2>\n<p>Der Bundestagsvizepr\u00e4sident kritisierte auch Wolfram Weimer, Kulturstaatsminister der Bundesregierung, dass er die \u00c4u\u00dferung nicht kritisiert habe. &quot;Jeder Versuch von Zensur muss jeden Demokraten besorgen&quot;, so Nouripour. Und weiter: &quot;Politische Einflussnahme auf die freie Presse darf es in einer Demokratie nicht geben. Wieso schreitet der f\u00fcr Medien zust\u00e4ndige Kulturstaatsminister nicht ein, wenn der Generalsekret\u00e4r einer Regierungspartei der freien Presse \u00f6ffentlich mit dem Entzug deren Existenz droht?&quot;<\/p>\n<p>Insgesamt \u00e4u\u00dferte sich Nouripour besorgt \u00fcber den Zustand von Presse- und Meinungsfreiheit in Deutschland und in den USA. &quot;In den Vereinigten Staaten von Amerika droht die demokratische Ordnung, wie wir sie seit der Nachkriegszeit kennen, zu kippen. Doch auch hierzulande rutscht der Anstand weg&quot;, schrieb Nouripour.<\/p>\n<p>Quelle: ntv.de, mau<\/p>\n","protected":false},"excerpt":{"rendered":"<p>Politik Eine NDR-interne Entscheidung: Bundestagsvize Nouripour wettert gegen Einmischung Linnemanns. War es falsch oder richtig, dass der NDR die Moderatorin Julia Ruhs von einer Sendung abgezogen hat? Das l\u00e4sst Bundestagsvize<\/p>\n","protected":false},"author":1,"featured_media":0,"comment_status":"open","ping_status":"open","sticky":false,"template":"","format":"standard","meta":{"footnotes":""},"categories":[1],"tags":[],"class_list":["post-30599","post","type-post","status-publish","format-standard","hentry","category-nachrichten"],"_links":{"self":[{"href":"https:\/\/onlinetranslators.de\/news\/wp-json\/wp\/v2\/posts\/30599","targetHints":{"allow":["GET"]}}],"collection":[{"href":"https:\/\/onlinetranslators.de\/news\/wp-json\/wp\/v2\/posts"}],"about":[{"href":"https:\/\/onlinetranslators.de\/news\/wp-json\/wp\/v2\/types\/post"}],"author":[{"embeddable":true,"href":"https:\/\/onlinetranslators.de\/news\/wp-json\/wp\/v2\/users\/1"}],"replies":[{"embeddable":true,"href":"https:\/\/onlinetranslators.de\/news\/wp-json\/wp\/v2\/comments?post=30599"}],"version-history":[{"count":0,"href":"https:\/\/onlinetranslators.de\/news\/wp-json\/wp\/v2\/posts\/30599\/revisions"}],"wp:attachment":[{"href":"https:\/\/onlinetranslators.de\/news\/wp-json\/wp\/v2\/media?parent=30599"}],"wp:term":[{"taxonomy":"category","embeddable":true,"href":"https:\/\/onlinetranslators.de\/news\/wp-json\/wp\/v2\/categories?post=30599"},{"taxonomy":"post_tag","embeddable":true,"href":"https:\/\/onlinetranslators.de\/news\/wp-json\/wp\/v2\/tags?post=30599"}],"curies":[{"name":"wp","href":"https:\/\/api.w.org\/{rel}","templated":true}]}}