{"id":30577,"date":"2025-09-20T13:15:57","date_gmt":"2025-09-20T10:15:57","guid":{"rendered":"https:\/\/onlinetranslators.de\/news\/nachrichten\/ozapft-is-munchens-oberburgermeister-reiter-eroffnet-190-oktoberfest\/"},"modified":"2025-09-20T13:15:57","modified_gmt":"2025-09-20T10:15:57","slug":"ozapft-is-munchens-oberburgermeister-reiter-eroffnet-190-oktoberfest","status":"publish","type":"post","link":"https:\/\/onlinetranslators.de\/news\/nachrichten\/ozapft-is-munchens-oberburgermeister-reiter-eroffnet-190-oktoberfest\/","title":{"rendered":"&#8220;O&#8217;zapft is&#8221;: M\u00fcnchens Oberb\u00fcrgermeister Reiter er\u00f6ffnet 190. Oktoberfest"},"content":{"rendered":"<p class=\"caps\">Breaking News         \t\t                   \t\t                                         <\/p>\n<p>Mit dem traditionellen Fassanstich hat um Punkt 12 Uhr das 190. M\u00fcnchner Oktoberfest begonnen. Oberb\u00fcrgermeister Dieter Reiter von der SPD stach wie \u00fcblich im Schottenhammel-Festzelt das erste Bierfass an. Reiter ben\u00f6tigte zwei Schl\u00e4ge, anschlie\u00dfend rief er &quot;O&#039;zapft is&quot; aus und w\u00fcnschte eine &quot;friedliche Wiesn&quot;. Die erste Ma\u00df Bier \u00fcbergab das Stadtoberhaupt dem bayerischen Ministerpr\u00e4sidenten Markus S\u00f6der von der CSU.<\/p>\n<p>Vor dem Fassanstich zogen die Festwirte und Brauereien mit einem gro\u00dfen Umzug vom Sendlinger Tor aus auf die Theresienwiese ein. Rund tausend Teilnehmer beteiligten sich an dem Einzug, der von aufw\u00e4ndig geschm\u00fcckten Pferdekutschen begleitet wurde. Bei sommerlichen Temperaturen kamen Hunderttausende Menschen zum Oktoberfestauftakt.<\/p>\n<p>In den kommenden 16 Tagen werden wieder mehrere Millionen Menschen zum gr\u00f6\u00dften Volksfest der Welt in der bayerischen Landeshauptstadt erwartet. Im vergangenen Jahr kamen 6,7 Millionen Besucher auf die Theresienwiese, im Jahr 2023 gab es mit 7,2 Millionen Besuchern einen neuen Rekord. Neben den Schaustellerstra\u00dfen mit den zahlreichen Fahrgesch\u00e4ften und Karussells sind die gro\u00dfen Bierzelte die Hauptattraktion des Oktoberfests. Im vergangenen Jahr wurden auf der Wiesn sieben Millionen Ma\u00df getrunken.<\/p>\n<p>Die Polizei geht von einer &quot;abstrakt&quot; erh\u00f6hten Gef\u00e4hrdung auf dem Volksfest aus. Konkrete Hinweis auf eine drohende Gef\u00e4hrdung gebe es aber nicht. Etwa 600 Polizistinnen und Polizisten werden das Oktoberfest sch\u00fctzen, dazu kommen zahlreiche Ordnungskr\u00e4fte. Verboten bleibt das Kiffen auf dem f\u00fcr sein Bier bekannten Fest.<\/p>\n<p>Quelle: ntv.de, mli\/AFP<\/p>\n","protected":false},"excerpt":{"rendered":"<p>Breaking News Mit dem traditionellen Fassanstich hat um Punkt 12 Uhr das 190. M\u00fcnchner Oktoberfest begonnen. Oberb\u00fcrgermeister Dieter Reiter von der SPD stach wie \u00fcblich im Schottenhammel-Festzelt das erste Bierfass<\/p>\n","protected":false},"author":1,"featured_media":0,"comment_status":"open","ping_status":"open","sticky":false,"template":"","format":"standard","meta":{"footnotes":""},"categories":[1],"tags":[],"class_list":["post-30577","post","type-post","status-publish","format-standard","hentry","category-nachrichten"],"_links":{"self":[{"href":"https:\/\/onlinetranslators.de\/news\/wp-json\/wp\/v2\/posts\/30577","targetHints":{"allow":["GET"]}}],"collection":[{"href":"https:\/\/onlinetranslators.de\/news\/wp-json\/wp\/v2\/posts"}],"about":[{"href":"https:\/\/onlinetranslators.de\/news\/wp-json\/wp\/v2\/types\/post"}],"author":[{"embeddable":true,"href":"https:\/\/onlinetranslators.de\/news\/wp-json\/wp\/v2\/users\/1"}],"replies":[{"embeddable":true,"href":"https:\/\/onlinetranslators.de\/news\/wp-json\/wp\/v2\/comments?post=30577"}],"version-history":[{"count":0,"href":"https:\/\/onlinetranslators.de\/news\/wp-json\/wp\/v2\/posts\/30577\/revisions"}],"wp:attachment":[{"href":"https:\/\/onlinetranslators.de\/news\/wp-json\/wp\/v2\/media?parent=30577"}],"wp:term":[{"taxonomy":"category","embeddable":true,"href":"https:\/\/onlinetranslators.de\/news\/wp-json\/wp\/v2\/categories?post=30577"},{"taxonomy":"post_tag","embeddable":true,"href":"https:\/\/onlinetranslators.de\/news\/wp-json\/wp\/v2\/tags?post=30577"}],"curies":[{"name":"wp","href":"https:\/\/api.w.org\/{rel}","templated":true}]}}