{"id":30497,"date":"2025-09-06T22:06:01","date_gmt":"2025-09-06T19:06:01","guid":{"rendered":"https:\/\/onlinetranslators.de\/news\/nachrichten\/vingegaard-wieder-geschlagen-team-entfernt-aus-sorge-israel-schriftzug-bei-vuelta\/"},"modified":"2025-09-06T22:06:01","modified_gmt":"2025-09-06T19:06:01","slug":"vingegaard-wieder-geschlagen-team-entfernt-aus-sorge-israel-schriftzug-bei-vuelta","status":"publish","type":"post","link":"https:\/\/onlinetranslators.de\/news\/nachrichten\/vingegaard-wieder-geschlagen-team-entfernt-aus-sorge-israel-schriftzug-bei-vuelta\/","title":{"rendered":"Vingegaard wieder geschlagen: Team entfernt aus Sorge &#8220;Israel&#8221;-Schriftzug bei Vuelta"},"content":{"rendered":"<p class=\"caps\">Sport         \t\t                   \t\t               \t\t                    <\/p>\n<figure> \t\t                       \t\t                        <img decoding=\"async\" alt=\"Der Schriftzug ist ab sofort gestrichen. \" src=\"https:\/\/www.n-tv.de\/img\/26015200-1757163268000\/16-9\/750\/71ebcf57ebae99d80a32bf542248e154.jpg\"\/><figcaption>\n<p>Der Schriftzug ist ab sofort gestrichen.<\/p>\n<\/figcaption><\/figure>\n<p><strong>Die anhaltenden pro-pal\u00e4stinensischen Proteste bei der Vuelta haben eine drastische Konsequenz: Das Team Israel-Premier-Tech entfernt seinen Schriftzug von den Trikots. Ein Auf und Ab gibt es auch sportlich &#8211; wegen der Bergank\u00fcnfte. Topfavorit Jonas Vingegaard kann erneut nicht siegen.<\/strong><\/p>\n<p>Marc Soler hat die 14. Etappe der Spanien-Rundfahrt gewonnen. Der Katalane vom UAE Team Emirates-XRG setzte sich auf der Bergetappe \u00fcber 135,9 Kilometer von Avil\u00e9s zum Alto de La Farrapona auf 1711 Meter H\u00f6he als Solist durch. Auf den Pl\u00e4tzen zwei und drei folgten Top-Favorit Jonas Vingegaard vom Team Visma-Lease-a-Bike und Jo\u00e3o Almeida vom UAE-Team-Emirates-XRG, die zeitgleich mit einem R\u00fcckstand von 39 Sekunden ins Ziel kamen.<\/p>\n<p>&quot;Ich bin sehr gl\u00fccklich, ehrlich gesagt habe ich das nicht erwartet. Ich hatte nicht vor, mich abzusetzen, ich wollte vor allem f\u00fcr Joao arbeiten, aber die Umst\u00e4nde des Rennens haben mir in die H\u00e4nde gespielt&quot;, sagte Soler im spanischen Fernsehen. Solers UAE-Team gewann bisher sieben der 14 Etappen, davon die letzten vier Etappen. &quot;Es ist unglaublich &#8230; Ich kann es nicht erkl\u00e4ren, wir haben 50 Prozent der Etappen der Vuelta gewonnen, das ist fantastisch&quot;, sagte Soler.<\/p>\n<figure> <a href=\"https:\/\/www.n-tv.de\/sport\/Der-haerteste-Anstieg-der-Welt-knechtet-Favorit-Vingegaard-article26014174.html\" rel=\"noreferrer\" target=\"_blank\">      <img decoding=\"async\" alt=\"4a53c55c15ed0e94fdcc2948e654525b.jpg\" src=\"https:\/\/www.n-tv.de\/img\/26014179-1757089072000\/17-6\/1136\/4a53c55c15ed0e94fdcc2948e654525b.jpg\"\/> <\/a> <\/figure>\n<p>   Sport  05.09.25    Aktivisten st\u00f6ren Vuelta erneut Der &quot;h\u00e4rteste Anstieg der Welt&quot; knechtet Favorit Vingegaard    <\/p>\n<h2>&quot;Hatten nichts zu verlieren&quot;<\/h2>\n<p>Der Vuelta-Gesamtf\u00fchrende Vingegaard aus D\u00e4nemark verteidigte damit sein Rotes Trikot mit 48 Sekunden Vorsprung auf Almeida. Der zweitplatzierte Almeida hatte am Freitag die Bergankunft am ber\u00fcchtigten Angliru gewonnen, den R\u00fcckstand auf Vingegaard aber nur um vier Bonussekunden verk\u00fcrzt. &quot;Wir hatten nichts zu verlieren, wir haben versucht, den Sieg zu holen&quot;, sagte Almeida. Vingegaard sei &quot;super stark&quot;.<\/p>\n<p>Am Sonntag d\u00fcrfte sich im Kampf um das Rote Trikot des Spitzenreiters nicht viel tun. Auf 167,8 Kilometer zwischen A Veiga und Monforte de Lemos in Galicien geht es durch h\u00fcgeliges Terrain mit zwei fr\u00fchen Bergwertungen, Angriffe der Favoriten sind nicht zu erwarten. Die Vuelta endet am 14. September traditionell in Madrid.<\/p>\n<h2>Sorge um Sicherheit<\/h2>\n<figure> <a href=\"https:\/\/www.n-tv.de\/sport\/Israel-Team-erhaelt-eindringlichen-Rat-von-seinem-Chef-article26013290.html\" rel=\"noreferrer\" target=\"_blank\">      <img decoding=\"async\" alt=\"imago1065912668.jpg\" src=\"https:\/\/www.n-tv.de\/img\/26013300-1757072483000\/17-6\/1136\/imago1065912668.jpg\"\/> <\/a> <\/figure>\n<p>   Sport  05.09.25    Pal\u00e4stina-Proteste pr\u00e4gen Vuelta Israel-Team erh\u00e4lt eindringlichen Rat von seinem Chef    <\/p>\n<p>Die Etappe wurde von neuen Protesten gegen das Team Israel-Premier Tech begleitet. Die Mannschaft f\u00e4hrt ab sofort ohne den &quot;Israel&quot;-Schriftzug auf den Trikots. Diese Ma\u00dfnahme sei &quot;zur Sicherheit unserer Fahrer und des gesamten Feldes angesichts der gef\u00e4hrlichen Natur mancher Proteste&quot; getroffen worden, teilte das Team mit. Der Team-Name Israel-Premier Tech werde allerdings nicht ge\u00e4ndert.<\/p>\n<p>Die heftigen Proteste, die am Mittwoch zum vorzeitigen Ende der elften Etappe gef\u00fchrt hatten, richten sich auch und vor allem gegen das israelische Team. Dessen Besitzer ist der kanadisch-israelische Milliard\u00e4r Sylvan Adams, der seinen Rennstall als Botschafter Israels ansieht &#8211; woraus Teile der Protestierenden eine Rechtfertigung f\u00fcr ihre Handlungen ableiten. Auch am Samstag waren beim Start in Avil\u00e9s wieder viele pal\u00e4stinensische Fahnen zu sehen. Es blieb allerdings friedlich.<\/p>\n<p>Quelle: ntv.de, ara\/sid<\/p>\n","protected":false},"excerpt":{"rendered":"<p>Sport Der Schriftzug ist ab sofort gestrichen. Die anhaltenden pro-pal\u00e4stinensischen Proteste bei der Vuelta haben eine drastische Konsequenz: Das Team Israel-Premier-Tech entfernt seinen Schriftzug von den Trikots. Ein Auf und<\/p>\n","protected":false},"author":1,"featured_media":0,"comment_status":"open","ping_status":"open","sticky":false,"template":"","format":"standard","meta":{"footnotes":""},"categories":[1],"tags":[],"class_list":["post-30497","post","type-post","status-publish","format-standard","hentry","category-nachrichten"],"_links":{"self":[{"href":"https:\/\/onlinetranslators.de\/news\/wp-json\/wp\/v2\/posts\/30497","targetHints":{"allow":["GET"]}}],"collection":[{"href":"https:\/\/onlinetranslators.de\/news\/wp-json\/wp\/v2\/posts"}],"about":[{"href":"https:\/\/onlinetranslators.de\/news\/wp-json\/wp\/v2\/types\/post"}],"author":[{"embeddable":true,"href":"https:\/\/onlinetranslators.de\/news\/wp-json\/wp\/v2\/users\/1"}],"replies":[{"embeddable":true,"href":"https:\/\/onlinetranslators.de\/news\/wp-json\/wp\/v2\/comments?post=30497"}],"version-history":[{"count":0,"href":"https:\/\/onlinetranslators.de\/news\/wp-json\/wp\/v2\/posts\/30497\/revisions"}],"wp:attachment":[{"href":"https:\/\/onlinetranslators.de\/news\/wp-json\/wp\/v2\/media?parent=30497"}],"wp:term":[{"taxonomy":"category","embeddable":true,"href":"https:\/\/onlinetranslators.de\/news\/wp-json\/wp\/v2\/categories?post=30497"},{"taxonomy":"post_tag","embeddable":true,"href":"https:\/\/onlinetranslators.de\/news\/wp-json\/wp\/v2\/tags?post=30497"}],"curies":[{"name":"wp","href":"https:\/\/api.w.org\/{rel}","templated":true}]}}