{"id":30483,"date":"2025-09-04T13:06:10","date_gmt":"2025-09-04T10:06:10","guid":{"rendered":"https:\/\/onlinetranslators.de\/news\/nachrichten\/mysterioser-post-auf-instagram-stefan-raab-entfacht-spekulationen\/"},"modified":"2025-09-04T13:06:10","modified_gmt":"2025-09-04T10:06:10","slug":"mysterioser-post-auf-instagram-stefan-raab-entfacht-spekulationen","status":"publish","type":"post","link":"https:\/\/onlinetranslators.de\/news\/nachrichten\/mysterioser-post-auf-instagram-stefan-raab-entfacht-spekulationen\/","title":{"rendered":"Mysteri\u00f6ser Post auf Instagram: Stefan Raab entfacht Spekulationen"},"content":{"rendered":"<p class=\"caps\">Unterhaltung         \t\t                   \t\t               \t\t                    <\/p>\n<figure> \t\t                       \t\t                        <img decoding=\"async\" alt=\"Wei\u00df, wie man die Aufmerksamkeit auf sich zieht: Stefan Raab.\" src=\"https:\/\/www.n-tv.de\/img\/25961212-1756978605000\/16-9\/750\/541137467.jpg\"\/><figcaption>\n<p>Wei\u00df, wie man die Aufmerksamkeit auf sich zieht: Stefan Raab.<\/p>\n<\/figcaption><\/figure>\n<p><strong>Ein kryptischer Code und ein schwarzes Bild auf Stefan Raabs Instagram-Seite bringen Fans ins Gr\u00fcbeln: Steckt RTL dahinter? Schon einmal hatte der Entertainer f\u00fcr \u00e4hnliche Aufregung gesorgt. Was plant er diesmal im Schatten des K\u00f6lner Doms?<\/strong><\/p>\n<p>Die knapp 2,2 Millionen Follower von Stefan Raabs Instagram-Account versuchen aktuell, buchst\u00e4blich Licht ins Dunkel zu bringen. Auf der Seite sind derzeit nur zwei schwarze Vierecke zu sehen: Das eine ist ein Video, das am Mittwoch gepostet wurde und auf dem nur Ger\u00e4usche wahrnehmbar sind. Und nun, einen Tag sp\u00e4ter, folgte ein fast komplett schwarzes Bild. Dieses gibt etwas mehr Raum f\u00fcr Spekulationen, weil neben kaum zu erkennenden Konturen auch ein mysteri\u00f6ser Code dazu gepostet wurde.<\/p>\n<p>&quot;.182.012&quot; hei\u00dft es neben dem Bild lediglich. Die Spekulationen reichen dabei von m\u00f6glichen Koordinaten \u00fcber ein Datum bis ihn zu einem versteckten Alphabet-Code. In einen sinnvollen Kontext f\u00fcr die ersten beiden Fantheorien scheinen sich die Zahlen allerdings nicht wirklich bringen zu lassen. Anders sieht es bei Theorie Nummer drei aus. Ein findiger R\u00e4tselfuchs schrieb etwa: &quot;Wenn man die Zahl sinnvoll gruppiert (18-20-12) und davon ausgeht, dass damit die Stelle des jeweiligen Buchstabens im Alphabet gemeint ist, kommt R-T-L raus.&quot;<\/p>\n<h2>Es klappte schon mal<\/h2>\n<p>Im Kommentarbereich meinen viele Fans zudem, auf dem Foto die Umrisse des K\u00f6lner Doms erkennen zu k\u00f6nnen. Dann k\u00f6nnte es sich bei dem Video vom Mittwoch wiederum um die Alltagsger\u00e4usche rund um das Wahrzeichen handeln. K\u00f6lner Dom, RTL &#8211; das klingt stimmig, schlie\u00dflich ist die Rheinmetropole der Hauptsitz des Senders. \u00dcber die Aussage herrscht dann aber noch immer Ungewissheit. Denn dass Stefan Raab mit RTL gemeinsame Sache macht, ist nun wahrlich keine Breaking News mehr.<\/p>\n<figure> <a href=\"https:\/\/www.n-tv.de\/leute\/Stefan-Raab-und-Elton-planen-neue-Show-article25984362.html\" rel=\"noreferrer\" target=\"_blank\">      <img decoding=\"async\" alt=\"64041305.jpg\" src=\"https:\/\/www.n-tv.de\/img\/25984367-1756013615000\/17-6\/1136\/64041305.jpg\"\/> <\/a> <\/figure>\n<p>   Unterhaltung  24.08.25    &quot;Die Unzerquizbaren&quot; Stefan Raab und Elton planen neue Show    <\/p>\n<p>Vor rund einem Jahr hatte Raab eine lange Bildschirmpause beendet und mit Sendungen wie &quot;Du gewinnst hier nicht die Million bei Stefan Raab&quot; und &quot;Stefan &amp; Bully gegen irgendson Schnulli&quot; mit Michael &quot;Bully&quot; Herbig bei RTL angeheuert. In diesem Jahr war Raab auch wieder an der deutschen Vorentscheidung zum Eurovision Song Contest beteiligt und veranstaltete die vierteilige Castingshow &quot;Chefsache ESC 2015 &#8211; Wer singt f\u00fcr Deutschland?&quot;, in der er als leitender Juror die Vorauswahl der Teilnehmer traf. Wie RTL k\u00fcrzlich bekannt gab, werden er und Elton k\u00fcnftig f\u00fcr ein neues Samstagabend-Format namens &quot;Die Unzerquizbaren&quot; vor der Kamera stehen.<\/p>\n<p>Doch v\u00f6llig egal, wie die Aufl\u00f6sung des R\u00e4tsels am Ende aussehen mag &#8211; Stefan Raab hat es wieder einmal erfolgreich geschafft, mit einfachsten Mitteln f\u00fcr maximale Aufmerksamkeit zu sorgen. So wie er es im vergangenen Jahr schon mit der Er\u00f6ffnung seines Instagram-Accounts getan hatte, auf dem er zun\u00e4chst ein TV-Comeback nach neun Jahren Pause andeutete und es schlie\u00dflich mit einem Boxkampf gegen Regina Halmich in die Tat umsetzte.<\/p>\n<p>Quelle: ntv.de, lpe\/spot<\/p>\n","protected":false},"excerpt":{"rendered":"<p>Unterhaltung Wei\u00df, wie man die Aufmerksamkeit auf sich zieht: Stefan Raab. Ein kryptischer Code und ein schwarzes Bild auf Stefan Raabs Instagram-Seite bringen Fans ins Gr\u00fcbeln: Steckt RTL dahinter? Schon<\/p>\n","protected":false},"author":1,"featured_media":0,"comment_status":"open","ping_status":"open","sticky":false,"template":"","format":"standard","meta":{"footnotes":""},"categories":[1],"tags":[],"class_list":["post-30483","post","type-post","status-publish","format-standard","hentry","category-nachrichten"],"_links":{"self":[{"href":"https:\/\/onlinetranslators.de\/news\/wp-json\/wp\/v2\/posts\/30483","targetHints":{"allow":["GET"]}}],"collection":[{"href":"https:\/\/onlinetranslators.de\/news\/wp-json\/wp\/v2\/posts"}],"about":[{"href":"https:\/\/onlinetranslators.de\/news\/wp-json\/wp\/v2\/types\/post"}],"author":[{"embeddable":true,"href":"https:\/\/onlinetranslators.de\/news\/wp-json\/wp\/v2\/users\/1"}],"replies":[{"embeddable":true,"href":"https:\/\/onlinetranslators.de\/news\/wp-json\/wp\/v2\/comments?post=30483"}],"version-history":[{"count":0,"href":"https:\/\/onlinetranslators.de\/news\/wp-json\/wp\/v2\/posts\/30483\/revisions"}],"wp:attachment":[{"href":"https:\/\/onlinetranslators.de\/news\/wp-json\/wp\/v2\/media?parent=30483"}],"wp:term":[{"taxonomy":"category","embeddable":true,"href":"https:\/\/onlinetranslators.de\/news\/wp-json\/wp\/v2\/categories?post=30483"},{"taxonomy":"post_tag","embeddable":true,"href":"https:\/\/onlinetranslators.de\/news\/wp-json\/wp\/v2\/tags?post=30483"}],"curies":[{"name":"wp","href":"https:\/\/api.w.org\/{rel}","templated":true}]}}