{"id":30384,"date":"2025-08-19T03:35:57","date_gmt":"2025-08-19T00:35:57","guid":{"rendered":"https:\/\/onlinetranslators.de\/news\/nachrichten\/ist-jetzt-nicht-die-zeit-dafur-klingbeil-sorgt-in-der-union-und-beim-steuerzahlerbund-fur-unmut\/"},"modified":"2025-08-19T03:35:57","modified_gmt":"2025-08-19T00:35:57","slug":"ist-jetzt-nicht-die-zeit-dafur-klingbeil-sorgt-in-der-union-und-beim-steuerzahlerbund-fur-unmut","status":"publish","type":"post","link":"https:\/\/onlinetranslators.de\/news\/nachrichten\/ist-jetzt-nicht-die-zeit-dafur-klingbeil-sorgt-in-der-union-und-beim-steuerzahlerbund-fur-unmut\/","title":{"rendered":"&#8220;Ist jetzt nicht die Zeit daf\u00fcr&#8221;: Klingbeil sorgt in der Union und beim Steuerzahlerbund f\u00fcr Unmut"},"content":{"rendered":"<p class=\"caps\">Politik         \t\t                   \t\t               \t\t                    <\/p>\n<figure> \t\t                       \t\t                        <img decoding=\"async\" alt=\"Klingbeil machte im &quot;ZDF Berlin direkt Sommerinterview&quot; deutlich, dass er h\u00f6here Steuern f\u00fcr Spitzenverdiener und Verm\u00f6gende nicht ausschlie\u00dft.\" src=\"https:\/\/www.n-tv.de\/img\/25973496-1755561837000\/16-9\/750\/94013-5-13.jpg\"\/><figcaption>\n<p>Klingbeil machte im &quot;ZDF Berlin direkt Sommerinterview&quot; deutlich, dass er h\u00f6here Steuern f\u00fcr Spitzenverdiener und Verm\u00f6gende nicht ausschlie\u00dft.<\/p>\n<\/figcaption><\/figure>\n<p><strong>Im Bundeshaushalt f\u00fcr 2027 klafft ein Loch von 30 Milliarden Euro. Um es zu stopfen, spielt Klingbeil mit dem Gedanken, die Steuern f\u00fcr Spitzenverdiener und Verm\u00f6gende zu erh\u00f6hen. Das gef\u00e4llt weder dem Koalitionspartner noch dem Bund der Steuerzahler.<\/strong><\/p>\n<p>Mehrere Unionspolitiker haben einen Vorsto\u00df von Finanzminister Lars Klingbeil zu m\u00f6glichen Steuererh\u00f6hungen f\u00fcr Spitzenverdiener und Verm\u00f6gende zur\u00fcckgewiesen. Der Koalitionsvertrag sehe keine Steuererh\u00f6hungen vor, sondern richtigerweise das Ziel von Steuersenkungen, sagte Kanzleramtsminister Thorsten Frei der &quot;Rheinischen Post&quot;. Es bleibe wichtig, &quot;zielgerichtet und verantwortungsvoll mit den Steuergeldern umzugehen&quot;, sagte der CDU-Politiker weiter. Auch st\u00fcnden Wachstum, wirtschaftliche St\u00e4rke und Arbeitspl\u00e4tze in Deutschland im Fokus der Bundesregierung. <\/p>\n<p>Wie in der Vergangenheit werde die Koalition wesentliche Entscheidungen gemeinsam treffen. &quot;Der Koalitionsvertrag bildet hierf\u00fcr unsere Grundlage&quot;, so Frei. Darin hei\u00dft es zum Thema Steuern unter anderem: &quot;Wir werden die Einkommensteuer f\u00fcr kleine und mittlere Einkommen zur Mitte der Legislatur senken.&quot;<\/p>\n<p>Unionsfraktionschef Jens Spahn lehnte Steuererh\u00f6hungen im &quot;Focus&quot; ebenfalls ab. &quot;Als Fraktion gehen wir derzeit jeden Etat durch und pr\u00fcfen, wo noch gespart werden kann. Das ist jetzt nicht die Zeit, um \u00fcber Steuererh\u00f6hungen auch nur nachzudenken.&quot; Die Koalition m\u00fcsse mit den vorhandenen Mitteln auskommen. &quot;Ganz zentral ist, dass wir konsolidieren und die Sozialabgaben senken&quot;, sagte Spahn.<\/p>\n<figure> <a href=\"https:\/\/www.n-tv.de\/politik\/Klingbeil-denkt-ueber-Steuererhoehungen-fuer-Reiche-nach-article25970863.html\" rel=\"noreferrer\" target=\"_blank\">      <img decoding=\"async\" alt=\"538909253.jpg\" src=\"https:\/\/www.n-tv.de\/img\/25970880-1755451744000\/17-6\/1136\/538909253.jpg\"\/> <\/a> <\/figure>\n<p>   Politik  17.08.25    Milliardenl\u00fccke im Haushalt Klingbeil denkt \u00fcber Steuererh\u00f6hungen f\u00fcr Reiche nach    <\/p>\n<p>CSU-Generalsekret\u00e4r Martin Huber sagte der &quot;Bild&quot;, Steuererh\u00f6hungen seien mit der CSU nicht machbar. Auch der Parlamentarische Gesch\u00e4ftsf\u00fchrer der Unionsfraktion, Steffen Bilger, lehnte Steuererh\u00f6hungen ab. &quot;Deutschland ist ein Hochsteuerland. Im OECD-Vergleich haben wir die zweith\u00f6chsten Steuer- und Sozialabgaben&quot;, sagte er der &quot;Bild&quot;. Angesichts dieser Umst\u00e4nde sei die Debatte fehl am Platz.<\/p>\n<h2>Steuerzahlerbund: Minister sollen sparen<\/h2>\n<p>Der Bund der Steuerzahler (BdSt) rief die Bundesregierung zum Sparen bei sich selbst auf. Deutschland habe kein Einnahmenproblem, sondern ein Ausgabenproblem, sagte BdSt-Abteilungsleiterin Steuerrecht und Steuerpolitik, Daniela Karbe-Ge\u00dfler, den Zeitungen der Funke Mediengruppe. &quot;Deshalb sollte jeder Minister zum Sparminister werden, Priorit\u00e4ten setzen und bei sich selbst anfangen &#8211; bevor einem Teil der Bev\u00f6lkerung noch mehr Steuern abverlangt werden&quot;, so Karbe-Ge\u00dfler weiter.<\/p>\n<figure> <a href=\"https:\/\/www.n-tv.de\/politik\/Faellt-Lars-das-Klingbeil-ueber-den-Kanzler-article25964910.html\" rel=\"noreferrer\" target=\"_blank\">      <img decoding=\"async\" alt=\"6885991.jpg\" src=\"https:\/\/www.n-tv.de\/img\/25964903-1755158979000\/17-6\/1136\/6885991.jpg\"\/> <\/a> <\/figure>\n<p>   Politik  14.08.25    Berlin Tag &amp; Macht F\u00e4llt Lars das Klingbeil \u00fcber den Kanzler?    <\/p>\n<p>Klingbeil hatte im &quot;ZDF Berlin direkt Sommerinterview&quot; deutlich gemacht, dass er zum Beseitigen der Milliardenl\u00fccken in den kommenden Haushalten h\u00f6here Steuern f\u00fcr Spitzenverdiener und Verm\u00f6gende nicht ausschlie\u00dft. &quot;Da wird keine Option vom Tisch genommen&quot;, sagte der SPD-Vorsitzende am Sonntag.<\/p>\n<p>N\u00f6tig sei ein Gesamtpaket, um eine L\u00fccke von 30 Milliarden Euro im Haushalt 2027 zu f\u00fcllen. Zur Ansage von CSU-Chef Markus S\u00f6der, dass es h\u00f6here Steuern nicht geben werde, sagte der Finanzminister: &quot;Auch Herr S\u00f6der hat ja nun mit einigen Vorhaben, die ihm wichtig sind, dazu beigetragen, dass eine L\u00fccke im Haushalt gr\u00f6\u00dfer wird.&quot; Jetzt gehe es darum, sich kollegial an einen Tisch zu setzen und die jeweiligen Vorschl\u00e4ge abzugleichen, um diese L\u00fccke zu verkleinern.<\/p>\n<p>Quelle: ntv.de, mpa\/dpa<\/p>\n","protected":false},"excerpt":{"rendered":"<p>Politik Klingbeil machte im &quot;ZDF Berlin direkt Sommerinterview&quot; deutlich, dass er h\u00f6here Steuern f\u00fcr Spitzenverdiener und Verm\u00f6gende nicht ausschlie\u00dft. Im Bundeshaushalt f\u00fcr 2027 klafft ein Loch von 30 Milliarden Euro.<\/p>\n","protected":false},"author":1,"featured_media":0,"comment_status":"open","ping_status":"open","sticky":false,"template":"","format":"standard","meta":{"footnotes":""},"categories":[1],"tags":[],"class_list":["post-30384","post","type-post","status-publish","format-standard","hentry","category-nachrichten"],"_links":{"self":[{"href":"https:\/\/onlinetranslators.de\/news\/wp-json\/wp\/v2\/posts\/30384","targetHints":{"allow":["GET"]}}],"collection":[{"href":"https:\/\/onlinetranslators.de\/news\/wp-json\/wp\/v2\/posts"}],"about":[{"href":"https:\/\/onlinetranslators.de\/news\/wp-json\/wp\/v2\/types\/post"}],"author":[{"embeddable":true,"href":"https:\/\/onlinetranslators.de\/news\/wp-json\/wp\/v2\/users\/1"}],"replies":[{"embeddable":true,"href":"https:\/\/onlinetranslators.de\/news\/wp-json\/wp\/v2\/comments?post=30384"}],"version-history":[{"count":0,"href":"https:\/\/onlinetranslators.de\/news\/wp-json\/wp\/v2\/posts\/30384\/revisions"}],"wp:attachment":[{"href":"https:\/\/onlinetranslators.de\/news\/wp-json\/wp\/v2\/media?parent=30384"}],"wp:term":[{"taxonomy":"category","embeddable":true,"href":"https:\/\/onlinetranslators.de\/news\/wp-json\/wp\/v2\/categories?post=30384"},{"taxonomy":"post_tag","embeddable":true,"href":"https:\/\/onlinetranslators.de\/news\/wp-json\/wp\/v2\/tags?post=30384"}],"curies":[{"name":"wp","href":"https:\/\/api.w.org\/{rel}","templated":true}]}}