{"id":30381,"date":"2025-08-18T15:16:07","date_gmt":"2025-08-18T12:16:07","guid":{"rendered":"https:\/\/onlinetranslators.de\/news\/nachrichten\/vorbereitendes-treffen-eu-vertreter-und-selenskyj-stimmen-sich-auf-trump-ein\/"},"modified":"2025-08-18T15:16:07","modified_gmt":"2025-08-18T12:16:07","slug":"vorbereitendes-treffen-eu-vertreter-und-selenskyj-stimmen-sich-auf-trump-ein","status":"publish","type":"post","link":"https:\/\/onlinetranslators.de\/news\/nachrichten\/vorbereitendes-treffen-eu-vertreter-und-selenskyj-stimmen-sich-auf-trump-ein\/","title":{"rendered":"&#8220;Vorbereitendes Treffen&#8221;: EU-Vertreter und Selenskyj stimmen sich auf Trump ein"},"content":{"rendered":"<p class=\"caps\">Politik         \t\t                   \t\t                                         <\/p>\n<p>Vor den Ukraine-Gespr\u00e4chen mit US-Pr\u00e4sident Donald Trump im Wei\u00dfen Haus werden westliche Spitzenpolitiker in Washington mit dem ukrainischen Staatschef Wolodymyr Selenskyj zusammenkommen. Die EU-Kommission teilte mit, es handele sich um ein &quot;vorbereitendes Treffen&quot;. <\/p>\n<p>Selenskyj wird anschlie\u00dfend mit Trump zun\u00e4chst zu einem bilateralen Gespr\u00e4ch zusammenkommen, danach sto\u00dfen die anderen westlichen Politiker zu den Beratungen mit Trump hinzu, unter ihnen Bundeskanzler Friedrich Merz, Frankreichs Pr\u00e4sident Emmanuel Macron und EU-Kommissionschefin Ursula von der Leyen.<\/p>\n<p>Trump hatte Selenskyj kurz vor einem Treffen unter Druck gesetzt. In einem Post auf seiner Plattform Truth Social wandte sich Trump nicht etwa an Kremlchef Wladimir Putin als Angreifer, sondern schrieb: &quot;Der ukrainische Pr\u00e4sident Selenskyj kann den Krieg mit Russland fast sofort beenden, wenn er will, oder er kann weiterk\u00e4mpfen&quot;.<\/p>\n<p>Im gleichen Atemzug erkl\u00e4rte der Republikaner auch den erhofften Nato-Beitritt der Ukraine und eine R\u00fcckgabe der 2014 von Russland annektierten Schwarzmeer-Halbinsel Krim f\u00fcr unrealistisch. &quot;Manche Dinge \u00e4ndern sich nie!!!&quot;, schrieb er. Er verwies darauf, dass der damalige US-Pr\u00e4sident Barack Obama die Annexion der Krim 2014 nicht verhindert habe. Er f\u00fcgte in Gro\u00dfbuchstaben hinzu: &quot;KEIN NATO-BEITRITT DER UKRAINE.&quot; <\/p>\n<p>In zwei Spitzentreffen im Wei\u00dfen Haus will Trump heute ab 19.15 Uhr mit der Ukraine und den europ\u00e4ischen Verb\u00fcndeten \u00fcber den Einstieg in einen raschen Friedensprozess sprechen. Es geht um Vorschl\u00e4ge, \u00fcber die Trump und Putin bei ihrem Gipfel am vergangenen Freitag in Alaska gesprochen haben. Dabei will der US-Pr\u00e4sident zun\u00e4chst allein mit Selenskyj sprechen &#8211; ein Szenario, das an die unheilvolle Begegnung Ende Februar erinnert, als Trump und sein Vize JD Vance geradezu \u00fcber den ukrainischen Pr\u00e4sidenten herfielen.<\/p>\n<p>Der Tag k\u00f6nnte je nach Verlauf ein Zwischenschritt hin zu einem m\u00f6glichen dritten Treffen sein &#8211; dann zwischen Russland und der Ukraine.<\/p>\n<p>Quelle: ntv.de<\/p>\n","protected":false},"excerpt":{"rendered":"<p>Politik Vor den Ukraine-Gespr\u00e4chen mit US-Pr\u00e4sident Donald Trump im Wei\u00dfen Haus werden westliche Spitzenpolitiker in Washington mit dem ukrainischen Staatschef Wolodymyr Selenskyj zusammenkommen. Die EU-Kommission teilte mit, es handele sich<\/p>\n","protected":false},"author":1,"featured_media":0,"comment_status":"open","ping_status":"open","sticky":false,"template":"","format":"standard","meta":{"footnotes":""},"categories":[1],"tags":[],"class_list":["post-30381","post","type-post","status-publish","format-standard","hentry","category-nachrichten"],"_links":{"self":[{"href":"https:\/\/onlinetranslators.de\/news\/wp-json\/wp\/v2\/posts\/30381","targetHints":{"allow":["GET"]}}],"collection":[{"href":"https:\/\/onlinetranslators.de\/news\/wp-json\/wp\/v2\/posts"}],"about":[{"href":"https:\/\/onlinetranslators.de\/news\/wp-json\/wp\/v2\/types\/post"}],"author":[{"embeddable":true,"href":"https:\/\/onlinetranslators.de\/news\/wp-json\/wp\/v2\/users\/1"}],"replies":[{"embeddable":true,"href":"https:\/\/onlinetranslators.de\/news\/wp-json\/wp\/v2\/comments?post=30381"}],"version-history":[{"count":0,"href":"https:\/\/onlinetranslators.de\/news\/wp-json\/wp\/v2\/posts\/30381\/revisions"}],"wp:attachment":[{"href":"https:\/\/onlinetranslators.de\/news\/wp-json\/wp\/v2\/media?parent=30381"}],"wp:term":[{"taxonomy":"category","embeddable":true,"href":"https:\/\/onlinetranslators.de\/news\/wp-json\/wp\/v2\/categories?post=30381"},{"taxonomy":"post_tag","embeddable":true,"href":"https:\/\/onlinetranslators.de\/news\/wp-json\/wp\/v2\/tags?post=30381"}],"curies":[{"name":"wp","href":"https:\/\/api.w.org\/{rel}","templated":true}]}}