{"id":30375,"date":"2025-08-17T14:36:49","date_gmt":"2025-08-17T11:36:49","guid":{"rendered":"https:\/\/onlinetranslators.de\/news\/nachrichten\/die-wetterwoche-im-schnellcheck-der-hochsommer-neigt-sich-dem-ende-doch\/"},"modified":"2025-08-17T14:36:49","modified_gmt":"2025-08-17T11:36:49","slug":"die-wetterwoche-im-schnellcheck-der-hochsommer-neigt-sich-dem-ende-doch","status":"publish","type":"post","link":"https:\/\/onlinetranslators.de\/news\/nachrichten\/die-wetterwoche-im-schnellcheck-der-hochsommer-neigt-sich-dem-ende-doch\/","title":{"rendered":"Die Wetterwoche im Schnellcheck: Der Hochsommer neigt sich dem Ende, doch &#8230;"},"content":{"rendered":"<p class=\"caps\">Panorama         \t\t                   \t\t               \t\t                    <\/p>\n<figure> \t\t                       \t\t                        <img decoding=\"async\" alt=\"Warme Temperaturen ziehen sich auch in der kommenden Woche durch Deutschland. Der Schirm sollte trotzdem in der Tasche sein.\" src=\"https:\/\/www.n-tv.de\/img\/25970391-1755423502000\/16-9\/750\/219781961.jpg\"\/><figcaption>\n<p>Warme Temperaturen ziehen sich auch in der kommenden Woche durch Deutschland. Der Schirm sollte trotzdem in der Tasche sein.<\/p>\n<\/figcaption><\/figure>\n<p><strong>Mit Hitzerekorden und schw\u00fclen N\u00e4chten in Deutschland ist es vorbei. In der kommenden Woche erreichen die Temperaturen meist zwischen 20 und 29 Grad. Und auch mit Regen und Gewitter muss jetzt wieder gerechnet werden.<\/strong><\/p>\n<p>In dieser Woche verabschiedet sich der Hochsommer aus Deutschland. F\u00fcr einen sommerlichen Abgesang ist es aber nat\u00fcrlich viel zu fr\u00fch. Dennoch lassen wir die Hitzezeiten jetzt hinter uns. Auch \u00fcber S\u00fcdeuropa zerplatzt zum Wochenstart die 40-Grad Hitzeblase. In Spanien geht es jetzt normal hei\u00df mit bis zu 35 Grad weiter. Von Dienstag bis Donnerstag wird es in S\u00fcdfrankreich, der Schweiz, Norditalien, \u00d6sterreich sowie in Slowenien und Kroatien ungem\u00fctlich. Dort drohen kr\u00e4ftige Gewitter. Auch bei uns geht es im Wochenverlauf nicht ganz ohne Blitz und Donner. Nennenswerte Regenmengen kommen dabei aber nur in Baden-W\u00fcrttemberg und Bayern zusammen.<\/p>\n<p>Nacht zum Montag:<\/p>\n<p>Die Nacht zum Montag wird mit 8 bis 15 Grad ganz sch\u00f6n frisch. Der Himmel ist oft klar. Nur im Westen sind die Wolken dichter. Stellenweise bilden sich hier sowie im Nordseeumfeld Nebelfelder.<\/p>\n<p>Montag:<\/p>\n<p>Der Montag selbst bringt wunderbares Sommerwetter. Neben ein paar lockeren Quellwolken scheint verbreitet die Sonne. Vormittags sind die Wolken im Westen, nachmittags im Osten zeitweise etwas zahlreicher. Dazu bleibt es trocken. Die Temperaturen liegen bei 20 Grad an der K\u00fcste. Sonst werden warme 24 bis 29 Grad erreicht.<\/p>\n<p>Dienstag:<\/p>\n<p>Nach klarer und schlaffreundlich-temperierter Nacht zeigt sich der Dienstag wieder sehr sonnig. Vor allem im S\u00fcden und Osten gibt es bis zu volle 14 Stunden Sonne. An der Nordsee ziehen im Tagesverlauf schon Hochnebelfelder auf und k\u00fcndigen die Wetterumstellung an. Zuvor wird es im S\u00fcdwesten noch einmal hei\u00df mit bis zu 31 Grad. Meist werden es 24 bis 29 Grad, an der Nordsee nur 18 Grad.<\/p>\n<p>Nacht zum Mittwoch:<\/p>\n<p>Die Nacht zum Mittwoch wird sehr mild mit Tiefstwerten zwischen 13 und 18 Grad. Im Norden f\u00e4llt ein wenig Regen, aber auch im S\u00fcdwesten ziehen Schauer auf.<\/p>\n<p>Mittwoch:<\/p>\n<p>Am sch\u00f6nsten wird der Tag von Berlin \u00fcber Sachsen, Th\u00fcringen und Ostbayern. Aber auch der Westen d\u00fcrfte recht freundlich davonkommen. Im Norden f\u00e4llt aus oft dichten Wolken etwas Regen. Auch im S\u00fcden st\u00f6ren teils dichte Wolken. Hier bilden sich h\u00e4ufig gewittrige Regeng\u00fcsse. Lokal k\u00f6nnen die auch kr\u00e4ftig ausfallen. Die H\u00f6chstwerte liegen bei bis zu 29 Grad im Osten. Sonst werden es 20 bis 26 Grad.<\/p>\n<figure> <a href=\"https:\/\/www.n-tv.de\/mediathek\/videos\/panorama\/Anwohner-kaempfen-mit-Schlaeuchen-gegen-Inferno-article25970101.html\" rel=\"noreferrer\" target=\"_blank\">      <img decoding=\"async\" alt=\"Unbenannt.jpg\" src=\"https:\/\/www.n-tv.de\/img\/25970199-1755413731000\/16-9\/1136\/Spanien.jpg\"\/>    01:12 min  <\/a> <\/figure>\n<p>   Panorama  17.08.25    Heftige Waldbr\u00e4nde in Spanien Anwohner k\u00e4mpfen mit Schl\u00e4uchen gegen &quot;Inferno&quot;    <\/p>\n<p>Donnerstag:<\/p>\n<p>Nach einer vor allem \u00fcber der S\u00fcdh\u00e4lfte nassen Nacht zeigt sich auch der Donnerstag im S\u00fcden sehr unbest\u00e4ndig mit weiteren, teils gewittrigen Regeng\u00fcssen. Nach Norden kommt die Sonne ein wenig besser raus. Ohne einzelne Schauer geht es aber auch hier nicht. Zudem frischt der Wind an der Nordsee sp\u00fcrbar auf. Das Temperaturniveau liegt im Flachland nur bei m\u00e4\u00dfig warmen 18 bis 24 Grad.<\/p>\n<p>Freitag:<\/p>\n<p>Am Freitag folgt auf eine k\u00fchle Nacht ein recht frischer Tag. Die Temperaturen steigen nur auf 17 bis 23 Grad an. Dazu bleibt es weitgehend wechselhaft und im Norden auch windig.<\/p>\n<p>Wochenende:<\/p>\n<p>Zum Wochenende bessert sich das Wetter von Westen her langsam wieder. Die Schauer lassen nach und die Sonne spielt \u00f6fter mit. Die Temperaturen steigen aber nur langsam etwas an und erreichen am Sonntag wahrscheinlich 18 bis 24 Grad. Zudem bleiben die N\u00e4chte mit verbreitet 7 bis 13 Grad sehr k\u00fchl.<\/p>\n<p>Quelle: ntv.de<\/p>\n","protected":false},"excerpt":{"rendered":"<p>Panorama Warme Temperaturen ziehen sich auch in der kommenden Woche durch Deutschland. Der Schirm sollte trotzdem in der Tasche sein. Mit Hitzerekorden und schw\u00fclen N\u00e4chten in Deutschland ist es vorbei.<\/p>\n","protected":false},"author":1,"featured_media":0,"comment_status":"open","ping_status":"open","sticky":false,"template":"","format":"standard","meta":{"footnotes":""},"categories":[1],"tags":[],"class_list":["post-30375","post","type-post","status-publish","format-standard","hentry","category-nachrichten"],"_links":{"self":[{"href":"https:\/\/onlinetranslators.de\/news\/wp-json\/wp\/v2\/posts\/30375","targetHints":{"allow":["GET"]}}],"collection":[{"href":"https:\/\/onlinetranslators.de\/news\/wp-json\/wp\/v2\/posts"}],"about":[{"href":"https:\/\/onlinetranslators.de\/news\/wp-json\/wp\/v2\/types\/post"}],"author":[{"embeddable":true,"href":"https:\/\/onlinetranslators.de\/news\/wp-json\/wp\/v2\/users\/1"}],"replies":[{"embeddable":true,"href":"https:\/\/onlinetranslators.de\/news\/wp-json\/wp\/v2\/comments?post=30375"}],"version-history":[{"count":0,"href":"https:\/\/onlinetranslators.de\/news\/wp-json\/wp\/v2\/posts\/30375\/revisions"}],"wp:attachment":[{"href":"https:\/\/onlinetranslators.de\/news\/wp-json\/wp\/v2\/media?parent=30375"}],"wp:term":[{"taxonomy":"category","embeddable":true,"href":"https:\/\/onlinetranslators.de\/news\/wp-json\/wp\/v2\/categories?post=30375"},{"taxonomy":"post_tag","embeddable":true,"href":"https:\/\/onlinetranslators.de\/news\/wp-json\/wp\/v2\/tags?post=30375"}],"curies":[{"name":"wp","href":"https:\/\/api.w.org\/{rel}","templated":true}]}}