{"id":30346,"date":"2025-08-13T12:35:57","date_gmt":"2025-08-13T09:35:57","guid":{"rendered":"https:\/\/onlinetranslators.de\/news\/nachrichten\/kinder-als-billige-arbeitskraft-linkspartei-fordert-mindestlohn-fur-schulerjobs\/"},"modified":"2025-08-13T12:35:57","modified_gmt":"2025-08-13T09:35:57","slug":"kinder-als-billige-arbeitskraft-linkspartei-fordert-mindestlohn-fur-schulerjobs","status":"publish","type":"post","link":"https:\/\/onlinetranslators.de\/news\/nachrichten\/kinder-als-billige-arbeitskraft-linkspartei-fordert-mindestlohn-fur-schulerjobs\/","title":{"rendered":"Kinder als billige Arbeitskraft?: Linkspartei fordert Mindestlohn f\u00fcr Sch\u00fclerjobs"},"content":{"rendered":"<p class=\"caps\">Politik         \t\t                   \t\t               \t\t                    <\/p>\n<figure> \t\t                       \t\t                        <img decoding=\"async\" alt=\"&quot;Dass f\u00fcr Menschen unter 18 ohne Berufsabschluss der gesetzliche Mindestlohn nicht gilt, finde ich einen Skandal&quot;, erkl\u00e4rte van Aken.\" src=\"https:\/\/www.n-tv.de\/img\/25961885-1755067120000\/16-9\/750\/534950165.jpg\"\/><figcaption>\n<p>&quot;Dass f\u00fcr Menschen unter 18 ohne Berufsabschluss der gesetzliche Mindestlohn nicht gilt, finde ich einen Skandal&quot;, erkl\u00e4rte van Aken.<\/p>\n<\/figcaption><\/figure>\n<p><strong>Immer mehr Sch\u00fcler tauschen B\u00fccher gegen Nebenjobs, doch die Bezahlung sorgt f\u00fcr Z\u00fcndstoff. Die Linkspartei fordert den Mindestlohn auch f\u00fcr Jugendliche, um Armut zu bek\u00e4mpfen.<\/strong><\/p>\n<p>Eine zunehmende Zahl von Sch\u00fclern in Deutschland im Alter zwischen 15 und 18 Jahren verdient sich in Ferien- oder Nebenjobs Geld hinzu. Das geht aus der Antwort des Bundesministeriums f\u00fcr Arbeit und Soziales auf eine schriftliche Anfrage der Linkspartei hervor, die dem &quot;Tagesspiegel&quot; vorlag. Demnach waren im vergangenen Jahr 351.000 der gut zwei Millionen Sch\u00fcler zwischen 15 und 18 Jahren in Deutschland erwerbst\u00e4tig. Seit 2020 steigen sowohl die absoluten als auch die relativen Zahlen der Besch\u00e4ftigten in dieser Altersgruppe kontinuierlich an.<\/p>\n<p>Der Linkspartei-Vorsitzende Jan van Aken, der die Anfrage gestellt hat, f\u00fchrt diese Entwicklung vor allem auf die Inflation und prek\u00e4re Verh\u00e4ltnisse zur\u00fcck. &quot;Fr\u00fche Erfahrungen in der Arbeitswelt sind sicher eine gute Sache, aber oft ist es eine Frage von Armut und Geldsorgen, warum Kinder arbeiten gehen&quot;, sagte van Aken der Zeitung.<\/p>\n<figure> <a href=\"https:\/\/www.n-tv.de\/mediathek\/videos\/ratgeber\/Mehr-Geld-fuer-viele-das-aendert-sich-im-Juli-article25867736.html\" rel=\"noreferrer\" target=\"_blank\">      <img decoding=\"async\" alt=\"Geld2.jpg\" src=\"https:\/\/www.n-tv.de\/img\/25867790-1751262309000\/16-9\/1136\/Geld2.jpg\"\/>    01:25 min  <\/a> <\/figure>\n<p>   Ratgeber  30.06.25    Rente, Pflege, Steuerfrist Mehr Geld f\u00fcr viele &#8211; das \u00e4ndert sich im Juli    <\/p>\n<p>Er forderte eine bessere Bezahlung f\u00fcr erwerbst\u00e4tige Jugendliche. &quot;Dass f\u00fcr Menschen unter 18 ohne Berufsabschluss der gesetzliche Mindestlohn nicht gilt, finde ich einen Skandal&quot;, erkl\u00e4rte van Aken. Der Mindestlohn m\u00fcsse f\u00fcr alle gelten. &quot;Die Regierung darf nicht zuschauen, wie Unternehmen sich mit Kindern billige Arbeitskr\u00e4fte sichern&quot;, warnte van Aken.<\/p>\n<p>Die CDU lehnt die Forderung ab. &quot;Ein Mindestlohn f\u00fcr Sch\u00fcler mag zwar auf den ersten Blick gerecht erscheinen, aber er k\u00f6nnte ungewollte Folgen haben&quot;, sagte die Bundestagsabgeordnete Nora Seitz und verwies unter anderem auf einen h\u00f6heren verwaltungstechnischen Aufwand. &quot;Es kann nicht im Interesse der jungen Generation sein, durch zus\u00e4tzliche B\u00fcrokratie von einem ersten Job abgehalten zu werden&quot;, sagte Seitz.<\/p>\n<p>Quelle: ntv.de, mbr\/AFP<\/p>\n","protected":false},"excerpt":{"rendered":"<p>Politik &quot;Dass f\u00fcr Menschen unter 18 ohne Berufsabschluss der gesetzliche Mindestlohn nicht gilt, finde ich einen Skandal&quot;, erkl\u00e4rte van Aken. Immer mehr Sch\u00fcler tauschen B\u00fccher gegen Nebenjobs, doch die Bezahlung<\/p>\n","protected":false},"author":1,"featured_media":0,"comment_status":"open","ping_status":"open","sticky":false,"template":"","format":"standard","meta":{"footnotes":""},"categories":[1],"tags":[],"class_list":["post-30346","post","type-post","status-publish","format-standard","hentry","category-nachrichten"],"_links":{"self":[{"href":"https:\/\/onlinetranslators.de\/news\/wp-json\/wp\/v2\/posts\/30346","targetHints":{"allow":["GET"]}}],"collection":[{"href":"https:\/\/onlinetranslators.de\/news\/wp-json\/wp\/v2\/posts"}],"about":[{"href":"https:\/\/onlinetranslators.de\/news\/wp-json\/wp\/v2\/types\/post"}],"author":[{"embeddable":true,"href":"https:\/\/onlinetranslators.de\/news\/wp-json\/wp\/v2\/users\/1"}],"replies":[{"embeddable":true,"href":"https:\/\/onlinetranslators.de\/news\/wp-json\/wp\/v2\/comments?post=30346"}],"version-history":[{"count":0,"href":"https:\/\/onlinetranslators.de\/news\/wp-json\/wp\/v2\/posts\/30346\/revisions"}],"wp:attachment":[{"href":"https:\/\/onlinetranslators.de\/news\/wp-json\/wp\/v2\/media?parent=30346"}],"wp:term":[{"taxonomy":"category","embeddable":true,"href":"https:\/\/onlinetranslators.de\/news\/wp-json\/wp\/v2\/categories?post=30346"},{"taxonomy":"post_tag","embeddable":true,"href":"https:\/\/onlinetranslators.de\/news\/wp-json\/wp\/v2\/tags?post=30346"}],"curies":[{"name":"wp","href":"https:\/\/api.w.org\/{rel}","templated":true}]}}