{"id":30341,"date":"2025-08-12T15:56:21","date_gmt":"2025-08-12T12:56:21","guid":{"rendered":"https:\/\/onlinetranslators.de\/news\/nachrichten\/15-jahre-alter-schwarzer-tot-saarland-keinerlei-anhaltspunkte-fur-rassismus-bei-jva-todesfall\/"},"modified":"2025-08-12T15:56:21","modified_gmt":"2025-08-12T12:56:21","slug":"15-jahre-alter-schwarzer-tot-saarland-keinerlei-anhaltspunkte-fur-rassismus-bei-jva-todesfall","status":"publish","type":"post","link":"https:\/\/onlinetranslators.de\/news\/nachrichten\/15-jahre-alter-schwarzer-tot-saarland-keinerlei-anhaltspunkte-fur-rassismus-bei-jva-todesfall\/","title":{"rendered":"15 Jahre alter Schwarzer tot: Saarland: &#8220;Keinerlei Anhaltspunkte&#8221; f\u00fcr Rassismus bei JVA-Todesfall"},"content":{"rendered":"<p class=\"caps\">Politik         \t\t                   \t\t               \t\t                    <\/p>\n<figure> \t\t                       \t\t                        <img decoding=\"async\" alt=\"Warum sich der Teenager in Haft befand, wird bisher nicht \u00f6ffentlich bekannt.\" src=\"https:\/\/www.n-tv.de\/img\/25960274-1754997650000\/16-9\/750\/541015946.jpg\"\/><figcaption>\n<p>Warum sich der Teenager in Haft befand, wird bisher nicht \u00f6ffentlich bekannt.<\/p>\n<\/figcaption><\/figure>\n<p><strong>Im Gef\u00e4ngnis in Ottweiler sitzt \u00fcber Wochen ein Jugendlicher in sicherer Verwahrung. Als er in den Normalvollzug verlegt werden soll, nimmt er sich das Leben. Aus der Haftanstalt werden Rassismus-Vorw\u00fcrfe laut. Doch daf\u00fcr gebe es &quot;keinerlei Anhaltspunkte&quot;, sagt jetzt ein Politiker.<\/strong><\/p>\n<p>Nach dem Suizid eines Jugendlichen in der Justizvollzugsanstalt (JVA) Ottweiler hat die saarl\u00e4ndische Justizministerin Petra Berg von der SPD eine &quot;vollst\u00e4ndige und l\u00fcckenlose Aufarbeitung der Geschehnisse&quot; versprochen. &quot;Die im Raum stehenden Vorw\u00fcrfe sind sehr gravierend und wir nehmen sie ernst&quot;, sagte Berg nach einer Sondersitzung des Justizausschusses des Landtags in Saarbr\u00fccken.<\/p>\n<p>Es habe in der knapp zweist\u00fcndigen nicht \u00f6ffentlichen Sitzung &quot;keinerlei Anhaltspunkte&quot; f\u00fcr Rassismus-Vorw\u00fcrfe gegen Justizbedienstete gegeben, sagte der oppositionelle CDU-Abgeordnete Christopher Salm. Ebenso wie Berg warnte auch Salm vor der Vorverurteilung von Justizbesch\u00e4ftigten.<\/p>\n<figure> <a href=\"https:\/\/www.n-tv.de\/panorama\/Haeftlinge-protestieren-und-erheben-Gewaltvorwuerfe-gegen-Beamte-article25951646.html\" rel=\"noreferrer\" target=\"_blank\">      <img decoding=\"async\" alt=\"imago86969598.jpg\" src=\"https:\/\/www.n-tv.de\/img\/25951836-1754574294000\/17-6\/1136\/imago86969598.jpg\"\/> <\/a> <\/figure>\n<p>   Panorama  07.08.25    Junger Gefangener beging Suizid H\u00e4ftlinge protestieren und erheben Gewaltvorw\u00fcrfe gegen Beamte    <\/p>\n<p>Der schwarze 15-J\u00e4hrige nahm sich demnach am 1. August in der JVA Ottweiler das Leben. Nach dem Suizid des Jungen wurden Vorw\u00fcrfe von Gewalt und Rassismus in der Haftanstalt laut. Die Obduktion des 15-J\u00e4hrigen ergab &quot;keine Hinweise auf Fremdeinwirkung&quot; und &quot;keine \u00e4u\u00dferen Verletzungszeichen&quot;, wie die Staatsanwaltschaft Saarbr\u00fccken mitteilte. Am Tag nach dem Todesfall hatten Mitinsassen Vorw\u00fcrfe gegen einzelne JVA-Bedienstete erhoben. Es laufen Vorermittlungen und Ermittlungen wegen K\u00f6rperverletzung im Amt.<\/p>\n<p>Laut Salm war der Jugendliche in der JVA zun\u00e4chst gesondert und &quot;sicher verwahrt&quot; &#8211; auch mit Video\u00fcberwachung &#8211; untergebracht. Er sei dort von Psychologen, Arzt und Sozialdienst engmaschig betreut worden. An dem Tag, an dem man seine Verlegung in den normalen Haftraum beschlossen habe, habe er sich das Leben genommen. Er sei zuvor f\u00fcnf Wochen in der JVA untergebracht gewesen, sagte Salm.<\/p>\n<h2>15-J\u00e4hriger hatte wohl einiges auf dem Kerbholz<\/h2>\n<p>&quot;Wir als CDU legen Wert darauf, dass der Vorfall auch im Rahmen der Suizidpr\u00e4vention eingehend aufgearbeitet wird, um darauf aufbauend Ma\u00dfnahmen zu ergreifen, um solche Vorf\u00e4lle in Zukunft zu vermeiden&quot;, so Salm weiter. Zur Frage, warum der 15-J\u00e4hrige einsa\u00df, wollte Salm mit Blick auf die nicht \u00f6ffentliche Sitzung keine genauen Angaben machen.<\/p>\n<figure> <a href=\"https:\/\/www.n-tv.de\/mediathek\/videos\/panorama\/US-Dorf-schliesst-Schwarze-Juden-und-Homosexuelle-aus-article25917546.html\" rel=\"noreferrer\" target=\"_blank\">      <img decoding=\"async\" alt=\"Screenshot 2025-07-22 155826.png\" src=\"https:\/\/www.n-tv.de\/img\/25917643-1753192851000\/16-9\/1136\/Screenshot-2025-07-22-155826.jpg\"\/>    02:23 min  <\/a> <\/figure>\n<p>   Panorama  23.07.25    Globalisierung als Bedrohung US-Dorf schlie\u00dft Schwarze, Juden und Homosexuelle aus    <\/p>\n<p>Nur soviel: &quot;Die Umst\u00e4nde, die dazu f\u00fchren, dass ein 15-J\u00e4hriger \u00fcberhaupt in der JVA in Deutschland oder im Saarland landet, die sind schon sehr, sehr hoch.&quot; Daf\u00fcr seien &quot;sehr viele Straftaten innerhalb k\u00fcrzester Zeit von K\u00f6rperverletzungen bis Wohnungseinbruchsdiebst\u00e4hlen&quot; n\u00f6tig.<\/p>\n<p>Ministerin Berg sagte, der tragische Suizid des Jugendlichen habe sie zutiefst ersch\u00fcttert. &quot;Mein aufrichtiges Mitgef\u00fchl gilt der Familie und seinen Freunden in dieser sehr schweren Zeit.&quot;<\/p>\n<p> <strong>Rat und Nothilfe bei Suizid-Gefahr und Depressionen<\/strong> <\/p>\n<ul>\n<li>Bei Suizidgefahr: Notruf 112<\/li>\n<li>\n<p>Deutschlandweites Info-Telefon Depression, kostenfrei: 0800 33 44 5 33<\/p>\n<\/li>\n<li>Beratung in Krisensituationen: Telefonseelsorge (0800\/111-0-111 oder 0800\/111-0-222, Anruf kostenfrei) oder Kinder- und Jugendtelefon (Tel.: 0800\/111-0-333 oder 116-111)<\/li>\n<li>Bei der Deutschen Depressionshilfe sind regionale Krisendienste und Kliniken zu finden, zudem Tipps f\u00fcr Betroffene und Angeh\u00f6rige.<\/li>\n<li>In der Deutschen Depressionsliga engagieren sich Betroffene und Angeh\u00f6rige. Dort gibt es auch eine E-Mail-Beratung f\u00fcr Depressive.<\/li>\n<li>Eine \u00dcbersicht \u00fcber Selbsthilfegruppen zur Depression bieten die \u00f6rtlichen Kontaktstellen (KISS).<\/li>\n<\/ul>\n<p>Quelle: ntv.de, mpa\/dpa<\/p>\n","protected":false},"excerpt":{"rendered":"<p>Politik Warum sich der Teenager in Haft befand, wird bisher nicht \u00f6ffentlich bekannt. Im Gef\u00e4ngnis in Ottweiler sitzt \u00fcber Wochen ein Jugendlicher in sicherer Verwahrung. Als er in den Normalvollzug<\/p>\n","protected":false},"author":1,"featured_media":0,"comment_status":"open","ping_status":"open","sticky":false,"template":"","format":"standard","meta":{"footnotes":""},"categories":[1],"tags":[],"class_list":["post-30341","post","type-post","status-publish","format-standard","hentry","category-nachrichten"],"_links":{"self":[{"href":"https:\/\/onlinetranslators.de\/news\/wp-json\/wp\/v2\/posts\/30341","targetHints":{"allow":["GET"]}}],"collection":[{"href":"https:\/\/onlinetranslators.de\/news\/wp-json\/wp\/v2\/posts"}],"about":[{"href":"https:\/\/onlinetranslators.de\/news\/wp-json\/wp\/v2\/types\/post"}],"author":[{"embeddable":true,"href":"https:\/\/onlinetranslators.de\/news\/wp-json\/wp\/v2\/users\/1"}],"replies":[{"embeddable":true,"href":"https:\/\/onlinetranslators.de\/news\/wp-json\/wp\/v2\/comments?post=30341"}],"version-history":[{"count":0,"href":"https:\/\/onlinetranslators.de\/news\/wp-json\/wp\/v2\/posts\/30341\/revisions"}],"wp:attachment":[{"href":"https:\/\/onlinetranslators.de\/news\/wp-json\/wp\/v2\/media?parent=30341"}],"wp:term":[{"taxonomy":"category","embeddable":true,"href":"https:\/\/onlinetranslators.de\/news\/wp-json\/wp\/v2\/categories?post=30341"},{"taxonomy":"post_tag","embeddable":true,"href":"https:\/\/onlinetranslators.de\/news\/wp-json\/wp\/v2\/tags?post=30341"}],"curies":[{"name":"wp","href":"https:\/\/api.w.org\/{rel}","templated":true}]}}