{"id":30289,"date":"2025-08-03T19:26:44","date_gmt":"2025-08-03T16:26:44","guid":{"rendered":"https:\/\/onlinetranslators.de\/news\/nachrichten\/reaktion-auf-veroffentlichung-merz-ist-entsetzt-uber-grauel-videos-der-hamas\/"},"modified":"2025-08-03T19:26:44","modified_gmt":"2025-08-03T16:26:44","slug":"reaktion-auf-veroffentlichung-merz-ist-entsetzt-uber-grauel-videos-der-hamas","status":"publish","type":"post","link":"https:\/\/onlinetranslators.de\/news\/nachrichten\/reaktion-auf-veroffentlichung-merz-ist-entsetzt-uber-grauel-videos-der-hamas\/","title":{"rendered":"Reaktion auf Ver\u00f6ffentlichung: Merz ist &#8220;entsetzt&#8221; \u00fcber Gr\u00e4uel-Videos der Hamas"},"content":{"rendered":"<p class=\"caps\">Politik         \t\t                   \t\t               \t\t                    <\/p>\n<figure> \t\t                       \t\t                        <img decoding=\"async\" alt=\"&quot;Die Hamas qu\u00e4lt die Geiseln, terrorisiert Israel und benutzt die eigene Bev\u00f6lkerung im Gazastreifen als Schutzschild&quot;, sagt Merz.\" src=\"https:\/\/www.n-tv.de\/img\/25930510-1753718521000\/16-9\/750\/Kanzler-Merz-auerte-sich-nach-einer-Sitzung-des-Sicherheitskabinetts.jpg\"\/><figcaption>\n<p>&quot;Die Hamas qu\u00e4lt die Geiseln, terrorisiert Israel und benutzt die eigene Bev\u00f6lkerung im Gazastreifen als Schutzschild&quot;, sagt Merz.<\/p>\n<\/figcaption><\/figure>\n<p><strong>Kanzler Merz reagiert scharf auf die Ver\u00f6ffentlichung der verst\u00f6renden Propagandavideos, die zwei ausgemergelte Hamas-Geiseln zeigen. Er fordert einen Waffenstillstand &#8211; unter der Bedingung, dass alle Gefangenen freigelassen werden. Auch Au\u00dfenminister Wadephul ist ersch\u00fcttert.<\/strong><\/p>\n<p>Bundeskanzler Friedrich Merz hat sich schockiert \u00fcber die von der radikalislamischen Hamas verbreiteten Aufnahmen ausgehungerter israelischer Geiseln gezeigt. &quot;Ich bin entsetzt \u00fcber die Bilder von Evyatar David und Rom Braslavski&quot;, sagte Merz der &quot;Bild&quot;-Zeitung. &quot;Die Hamas qu\u00e4lt die Geiseln, terrorisiert Israel und benutzt die eigene Bev\u00f6lkerung im Gazastreifen als Schutzschild.&quot; Gerade deshalb f\u00fchre zun\u00e4chst kein Weg an einem verhandelten Waffenstillstand vorbei, betonte Merz. &quot;Die Freilassung aller Geiseln ist daf\u00fcr zwingende Voraussetzung.&quot; Die Hamas d\u00fcrfe dann aber &quot;in der Zukunft von Gaza keine Rolle spielen&quot;. <\/p>\n<p>Die Hamas und die mit ihr verb\u00fcndete Gruppe Islamischer Dschihad hatten drei Propagandavideos der seit Oktober 2023 gefangen gehaltenen Geiseln verbreitet. Eines der Videos zeigt den abgemagerten 24-j\u00e4hrigen David, wie er sich in einem engen Tunnel sein eigenes Grab zu schaufeln scheint. Ein anderes Video zeigt, wie der Deutsch-Israeli Braslavski sich Nachrichtenvideos \u00fcber die Hungersnot der Pal\u00e4stinenser im Gazastreifen anschauen muss. Merz forderte die israelische Regierung auch auf, den Zynismus der Hamas nicht zu erwidern. Israel m\u00fcsse f\u00fcr die Bev\u00f6lkerung im Gazastreifen &quot;weiter humanit\u00e4re Hilfe leisten&quot;. <\/p>\n<figure> <a href=\"https:\/\/www.n-tv.de\/politik\/Hamas-zwingt-Geisel-eigenes-Grab-zu-schaufeln-article25941875.html\" rel=\"noreferrer\" target=\"_blank\">      <img decoding=\"async\" alt=\"Screenshot 2025-08-02 201641.png\" src=\"https:\/\/www.n-tv.de\/img\/25941898-1754158636000\/17-6\/1136\/Screenshot-2025-08-02-201641.jpg\"\/> <\/a> <\/figure>\n<p>   Politik  02.08.25    In neuem Propaganda-Video Hamas zwingt Geisel, eigenes Grab zu schaufeln    <\/p>\n<p>Auch Au\u00dfenminister Johann Wadephul, der am Freitag von einer Reise nach Israel und in die Pal\u00e4stinensergebiete zur\u00fcckgekehrt war, \u00e4u\u00dferte sich schockiert. Die Clips zeigten &quot;die ganze Niedertracht ihrer Peiniger&quot;, sagte Wadephul zur &quot;Bild&quot;-Zeitung. Zuvor hatte Frankreichs Pr\u00e4sident Emmanuel Macron sich aufgebracht ge\u00e4u\u00dfert: &quot;Abscheuliche Grausamkeit, grenzenlose Unmenschlichkeit: Das ist es, was die Hamas verk\u00f6rpert&quot;, schrieb er auf X. Die L\u00f6sung sei &quot;die der beiden Staaten Israel und Pal\u00e4stina, die friedlich nebeneinander leben&quot;.<\/p>\n<h2>220 Lastwagen mit Hilfsg\u00fctern<\/h2>\n<p>Die Bundesregierung hatte am Samstag &quot;erste, leichte Fortschritte bei der humanit\u00e4ren Hilfe&quot; f\u00fcr die Menschen im Gazastreifen konstatiert. Diese w\u00fcrden &quot;allerdings bei weitem nicht ausreichen, um die Notlage zu lindern&quot;. Sie sah Israel laut einer Erkl\u00e4rung &quot;weiter in der Pflicht, eine umfassende Versorgung auch mit Unterst\u00fctzung der Vereinten Nationen und anderer humanit\u00e4rer Organisationen sicherzustellen&quot;. <\/p>\n<figure> <a href=\"https:\/\/www.n-tv.de\/politik\/Israelische-Geisel-Familien-beklagen-Holocaust-article25941573.html\" rel=\"noreferrer\" target=\"_blank\">      <img decoding=\"async\" alt=\"4c55170b7f69477c3b55821553c9dd7c.jpg\" src=\"https:\/\/www.n-tv.de\/img\/25941564-1754134948000\/17-6\/1136\/4c55170b7f69477c3b55821553c9dd7c.jpg\"\/> <\/a> <\/figure>\n<p>   Politik  02.08.25    Ruf nach umfassendem Abkommen Israelische Geisel-Familien beklagen &quot;Holocaust&quot;    <\/p>\n<p>Aus deutschen Sicherheitskreisen hie\u00df es in diesem Zusammenhang, derzeit k\u00e4men \u00fcber den Landweg pro Tag wieder 220 Lastwagen mit Hilfsg\u00fctern in den Gazastreifen. Zwischen 50 und 100 Prozent der Lieferungen erreichen demnach aber nicht die Bev\u00f6lkerung, weil sie von der Hamas oder kriminellen Organisationen abgefangen werden.<\/p>\n<p>Quelle: ntv.de, jki\/AFP\/dpa<\/p>\n","protected":false},"excerpt":{"rendered":"<p>Politik &quot;Die Hamas qu\u00e4lt die Geiseln, terrorisiert Israel und benutzt die eigene Bev\u00f6lkerung im Gazastreifen als Schutzschild&quot;, sagt Merz. Kanzler Merz reagiert scharf auf die Ver\u00f6ffentlichung der verst\u00f6renden Propagandavideos, die<\/p>\n","protected":false},"author":1,"featured_media":0,"comment_status":"open","ping_status":"open","sticky":false,"template":"","format":"standard","meta":{"footnotes":""},"categories":[1],"tags":[],"class_list":["post-30289","post","type-post","status-publish","format-standard","hentry","category-nachrichten"],"_links":{"self":[{"href":"https:\/\/onlinetranslators.de\/news\/wp-json\/wp\/v2\/posts\/30289","targetHints":{"allow":["GET"]}}],"collection":[{"href":"https:\/\/onlinetranslators.de\/news\/wp-json\/wp\/v2\/posts"}],"about":[{"href":"https:\/\/onlinetranslators.de\/news\/wp-json\/wp\/v2\/types\/post"}],"author":[{"embeddable":true,"href":"https:\/\/onlinetranslators.de\/news\/wp-json\/wp\/v2\/users\/1"}],"replies":[{"embeddable":true,"href":"https:\/\/onlinetranslators.de\/news\/wp-json\/wp\/v2\/comments?post=30289"}],"version-history":[{"count":0,"href":"https:\/\/onlinetranslators.de\/news\/wp-json\/wp\/v2\/posts\/30289\/revisions"}],"wp:attachment":[{"href":"https:\/\/onlinetranslators.de\/news\/wp-json\/wp\/v2\/media?parent=30289"}],"wp:term":[{"taxonomy":"category","embeddable":true,"href":"https:\/\/onlinetranslators.de\/news\/wp-json\/wp\/v2\/categories?post=30289"},{"taxonomy":"post_tag","embeddable":true,"href":"https:\/\/onlinetranslators.de\/news\/wp-json\/wp\/v2\/tags?post=30289"}],"curies":[{"name":"wp","href":"https:\/\/api.w.org\/{rel}","templated":true}]}}