{"id":30287,"date":"2025-08-03T11:26:03","date_gmt":"2025-08-03T08:26:03","guid":{"rendered":"https:\/\/onlinetranslators.de\/news\/nachrichten\/dusseldorf-folgt-hannover-deutsche-stadte-wollen-kinder-aus-gaza-und-israel-aufnehmen\/"},"modified":"2025-08-03T11:26:03","modified_gmt":"2025-08-03T08:26:03","slug":"dusseldorf-folgt-hannover-deutsche-stadte-wollen-kinder-aus-gaza-und-israel-aufnehmen","status":"publish","type":"post","link":"https:\/\/onlinetranslators.de\/news\/nachrichten\/dusseldorf-folgt-hannover-deutsche-stadte-wollen-kinder-aus-gaza-und-israel-aufnehmen\/","title":{"rendered":"D\u00fcsseldorf folgt Hannover: Deutsche St\u00e4dte wollen Kinder aus Gaza und Israel aufnehmen"},"content":{"rendered":"<p class=\"caps\">Politik         \t\t                   \t\t               \t\t                    <\/p>\n<figure> \t\t                       \t\t                        <img decoding=\"async\" alt=\"D\u00fcsseldorfs Stadtoberhaupt Stephan Keller schlie\u00dft sich seinem Amtskollegen aus Hannover an.\" src=\"https:\/\/www.n-tv.de\/img\/25942222-1754205633000\/16-9\/750\/490556747.jpg\"\/><figcaption>\n<p>D\u00fcsseldorfs Stadtoberhaupt Stephan Keller schlie\u00dft sich seinem Amtskollegen aus Hannover an.<\/p>\n<\/figcaption><\/figure>\n<p><strong>Hannover bietet an, besonders schutzbed\u00fcrftige Kinder aus dem Gazastreifen in Obhut zu nehmen. D\u00fcsseldorfs Oberb\u00fcrgermeister h\u00e4lt das f\u00fcr eine &quot;zutiefst menschliche Geste&quot;, die er ebenfalls leisten m\u00f6chte. Erste Gespr\u00e4che mit Gemeinden in der Stadt werden gef\u00fchrt.<\/strong><\/p>\n<p>Nach Hannover will auch D\u00fcsseldorf Kinder aus dem Gazastreifen und Israel aufnehmen, die besonders schutzbed\u00fcrftig oder traumatisiert sind. Mit Blick auf die Ank\u00fcndigung der nieders\u00e4chsischen Landeshauptstadt sagte der D\u00fcsseldorfer Oberb\u00fcrgermeister Stephan Keller von der CDU: &quot;Diese starke und zutiefst menschliche Geste wollen wir auch in D\u00fcsseldorf aufgreifen. Bei Fragen der Haltung und Menschlichkeit stehen wir in D\u00fcsseldorf \u00fcber Parteigrenzen hinweg zusammen.&quot;<\/p>\n<figure> <a href=\"https:\/\/www.n-tv.de\/mediathek\/videos\/politik\/Krieg-in-Gaza-Wir-machen-uns-mit-schuldig-article25941246.html\" rel=\"noreferrer\" target=\"_blank\">      <img decoding=\"async\" alt=\"Duchrow.jpg\" src=\"https:\/\/www.n-tv.de\/img\/25941297-1754122434000\/16-9\/1136\/Duchrow.jpg\"\/>    06:57 min  <\/a> <\/figure>\n<p>   Politik  02.08.25    Duchrow von Amnesty International Krieg in Gaza: &quot;Wir machen uns mit schuldig&quot;    <\/p>\n<p>Die Stadt Hannover hatte am Donnerstag angek\u00fcndigt, bis zu 20 Kinder aufzunehmen. Oberb\u00fcrgermeister Belit Onay von den Gr\u00fcnen sagte, aktuell st\u00fcnden bis zu 20 Inobhutnahme-Pl\u00e4tze bereit. Eine Ausweitung sei denkbar, etwa \u00fcber Gast- oder Pflegefamilien. Laut dem Oberb\u00fcrgermeister haben sich auch andere St\u00e4dte f\u00fcr eine Beteiligung an \u00e4hnlichen Programmen interessiert.<\/p>\n<p>In D\u00fcsseldorf ist allerdings der Umfang der Hilfe noch unklar. &quot;In der kommenden Woche wollen wir die Chancen der Realisierung unseres Vorhabens eruieren&quot;, hei\u00dft es in dem von der Stadtverwaltung verbreitete Statement. Das wurde neben Keller noch von B\u00fcrgermeisterin Clara Gerlach von den Gr\u00fcnen und Oberb\u00fcrgermeisterkandidat Fabian Zachel von der SPD unterzeichnet. Erste Gespr\u00e4che seien bereits gef\u00fchrt worden &#8211; unter anderem mit der J\u00fcdischen Gemeinde und dem Kreis der D\u00fcsseldorfer Muslime.<\/p>\n<p>Quelle: ntv.de, chl\/dpa<\/p>\n","protected":false},"excerpt":{"rendered":"<p>Politik D\u00fcsseldorfs Stadtoberhaupt Stephan Keller schlie\u00dft sich seinem Amtskollegen aus Hannover an. Hannover bietet an, besonders schutzbed\u00fcrftige Kinder aus dem Gazastreifen in Obhut zu nehmen. D\u00fcsseldorfs Oberb\u00fcrgermeister h\u00e4lt das f\u00fcr<\/p>\n","protected":false},"author":1,"featured_media":0,"comment_status":"open","ping_status":"open","sticky":false,"template":"","format":"standard","meta":{"footnotes":""},"categories":[1],"tags":[],"class_list":["post-30287","post","type-post","status-publish","format-standard","hentry","category-nachrichten"],"_links":{"self":[{"href":"https:\/\/onlinetranslators.de\/news\/wp-json\/wp\/v2\/posts\/30287","targetHints":{"allow":["GET"]}}],"collection":[{"href":"https:\/\/onlinetranslators.de\/news\/wp-json\/wp\/v2\/posts"}],"about":[{"href":"https:\/\/onlinetranslators.de\/news\/wp-json\/wp\/v2\/types\/post"}],"author":[{"embeddable":true,"href":"https:\/\/onlinetranslators.de\/news\/wp-json\/wp\/v2\/users\/1"}],"replies":[{"embeddable":true,"href":"https:\/\/onlinetranslators.de\/news\/wp-json\/wp\/v2\/comments?post=30287"}],"version-history":[{"count":0,"href":"https:\/\/onlinetranslators.de\/news\/wp-json\/wp\/v2\/posts\/30287\/revisions"}],"wp:attachment":[{"href":"https:\/\/onlinetranslators.de\/news\/wp-json\/wp\/v2\/media?parent=30287"}],"wp:term":[{"taxonomy":"category","embeddable":true,"href":"https:\/\/onlinetranslators.de\/news\/wp-json\/wp\/v2\/categories?post=30287"},{"taxonomy":"post_tag","embeddable":true,"href":"https:\/\/onlinetranslators.de\/news\/wp-json\/wp\/v2\/tags?post=30287"}],"curies":[{"name":"wp","href":"https:\/\/api.w.org\/{rel}","templated":true}]}}