{"id":30114,"date":"2025-07-07T11:16:25","date_gmt":"2025-07-07T08:16:25","guid":{"rendered":"https:\/\/onlinetranslators.de\/news\/nachrichten\/falls-deals-ausbleiben-trump-will-mit-zoll-hammer-ab-august-ernst-machen\/"},"modified":"2025-07-07T11:16:25","modified_gmt":"2025-07-07T08:16:25","slug":"falls-deals-ausbleiben-trump-will-mit-zoll-hammer-ab-august-ernst-machen","status":"publish","type":"post","link":"https:\/\/onlinetranslators.de\/news\/nachrichten\/falls-deals-ausbleiben-trump-will-mit-zoll-hammer-ab-august-ernst-machen\/","title":{"rendered":"Falls Deals ausbleiben: Trump will mit Zoll-Hammer ab August ernst machen"},"content":{"rendered":"<p class=\"caps\">Wirtschaft         \t\t                   \t\t               \t\t                    <\/p>\n<figure> \t\t                       \t\t                        <img decoding=\"async\" alt=\"Ab August sollen die Einfuhrz\u00f6lle greifen. \" src=\"https:\/\/www.n-tv.de\/img\/25883065-1751869577000\/16-9\/750\/262385176.jpg\"\/><figcaption>\n<p>Ab August sollen die Einfuhrz\u00f6lle greifen.<\/p>\n<\/figcaption><\/figure>\n<p><strong>Im kommenden Monat sollen die Trump&#039;schen Einfuhrz\u00f6lle in den USA nun endg\u00fcltig in Kraft treten. Allerdings stehen mehrere Handelsdeals bereits kurz vor dem Abschluss, hei\u00dft es aus dem Wei\u00dfen Haus. Rund ein Dutzend L\u00e4nder muss sich aber bereits jetzt auf Post aus Washington einstellen. <\/strong><\/p>\n<p>US-Pr\u00e4sident Donald Trump hat das Inkrafttreten der angedrohten hohen Einfuhrz\u00f6lle ab dem 1. August best\u00e4tigt, sollte es nicht zuvor zu einer Einigung mit verschiedenen L\u00e4ndern kommen. Die USA st\u00fcnden kurz vor dem Abschluss mehrerer Handelsabkommen in den kommenden Tagen und w\u00fcrden verschiedene L\u00e4nder bis zum 9. Juli \u00fcber h\u00f6here Z\u00f6lle informieren, teilte Trump mit. <\/p>\n<figure> <a href=\"https:\/\/www.n-tv.de\/mediathek\/videos\/wirtschaft\/EU-koennte-schon-bald-Post-von-Trump-bekommen-article25879479.html\" rel=\"noreferrer\" target=\"_blank\">      <img decoding=\"async\" alt=\"Trump.jpg\" src=\"https:\/\/www.n-tv.de\/img\/25880157-1751638646000\/16-9\/1136\/Trump.jpg\"\/>    01:15 min  <\/a> <\/figure>\n<p>   Wirtschaft  04.07.25    Kaum Hoffnung auf Zolleinigung EU k\u00f6nnte schon bald Post von Trump bekommen    <\/p>\n<p>Auf Nachfrage erkl\u00e4rte auch US-Handelsminister Howard Lutnick, dass h\u00f6here Z\u00f6lle am 1. August in Kraft treten w\u00fcrden, Trump aber die Tarife und Vereinbarungen jetzt festlege. Das neue Datum war zuvor bereits von US-Finanzminister Scott Bessent angek\u00fcndigt worden. Urspr\u00fcnglich sollten die Z\u00f6lle ab dem 9. Juli gelten, nun wurde die Frist um drei Wochen verschoben. <\/p>\n<p>Im Laufe des Tages wollen die USA Trumps Angaben zufolge auch eine Reihe von Handelspartnern \u00fcber die Verh\u00e4ngung von Strafz\u00f6llen informieren. Ihm zufolge werden &quot;wahrscheinlich zw\u00f6lf&quot; Briefe verschickt. Welche L\u00e4nder betroffen sind, ist noch unklar. Die Z\u00f6lle sollen zwischen 10 und 70 Prozent betragen.<\/p>\n<figure> <a href=\"https:\/\/www.n-tv.de\/wirtschaft\/Trump-wettert-gegen-Brics-Zusatzzoll-fuer-Mitglieder-article25883025.html\" rel=\"noreferrer\" target=\"_blank\">      <img decoding=\"async\" alt=\"cae3f94926740f2b4be5dce17e5c7dbb.jpg\" src=\"https:\/\/www.n-tv.de\/img\/25883031-1751868332000\/17-6\/1136\/cae3f94926740f2b4be5dce17e5c7dbb.jpg\"\/> <\/a> <\/figure>\n<p>   Wirtschaft  07.07.25    Nach Kritik an US-Handelspolitik Trump wettert gegen Brics &#8211; Zusatzzoll f\u00fcr Mitglieder    <\/p>\n<p>Trump hatte Anfang April hohe Zollaufschl\u00e4ge gegen zahlreiche Staaten verh\u00e4ngt und diese kurz darauf f\u00fcr die meisten L\u00e4nder f\u00fcr eine 90-t\u00e4gige Verhandlungsphase auf zehn Prozent reduziert. Zus\u00e4tzlich gelten Sonderz\u00f6lle auf bestimmte Produkte, etwa auf Stahl- und Aluminium- sowie Autoimporte. F\u00fcr die EU l\u00e4uft die Frist am Mittwoch aus, f\u00fcr zahlreiche weitere L\u00e4nder bereits am Dienstag. Br\u00fcssel und Washington haben bislang keine Einigung im Zollstreit erzielt. <\/p>\n<p>Die Europ\u00e4ische Union nannte Bessent als positives Beispiel f\u00fcr den Fortschritt von Verhandlungen. Die EU erziele nach einem &quot;langsamen Start&quot; mittlerweile &quot;sehr gute Fortschritte&quot;, sagte er. Unterh\u00e4ndler von EU und USA f\u00fchrten am Wochenende Gespr\u00e4che.<\/p>\n<p>Quelle: ntv.de, lme\/rts\/AFP<\/p>\n","protected":false},"excerpt":{"rendered":"<p>Wirtschaft Ab August sollen die Einfuhrz\u00f6lle greifen. Im kommenden Monat sollen die Trump&#039;schen Einfuhrz\u00f6lle in den USA nun endg\u00fcltig in Kraft treten. Allerdings stehen mehrere Handelsdeals bereits kurz vor dem<\/p>\n","protected":false},"author":1,"featured_media":0,"comment_status":"open","ping_status":"open","sticky":false,"template":"","format":"standard","meta":{"footnotes":""},"categories":[1],"tags":[],"class_list":["post-30114","post","type-post","status-publish","format-standard","hentry","category-nachrichten"],"_links":{"self":[{"href":"https:\/\/onlinetranslators.de\/news\/wp-json\/wp\/v2\/posts\/30114","targetHints":{"allow":["GET"]}}],"collection":[{"href":"https:\/\/onlinetranslators.de\/news\/wp-json\/wp\/v2\/posts"}],"about":[{"href":"https:\/\/onlinetranslators.de\/news\/wp-json\/wp\/v2\/types\/post"}],"author":[{"embeddable":true,"href":"https:\/\/onlinetranslators.de\/news\/wp-json\/wp\/v2\/users\/1"}],"replies":[{"embeddable":true,"href":"https:\/\/onlinetranslators.de\/news\/wp-json\/wp\/v2\/comments?post=30114"}],"version-history":[{"count":0,"href":"https:\/\/onlinetranslators.de\/news\/wp-json\/wp\/v2\/posts\/30114\/revisions"}],"wp:attachment":[{"href":"https:\/\/onlinetranslators.de\/news\/wp-json\/wp\/v2\/media?parent=30114"}],"wp:term":[{"taxonomy":"category","embeddable":true,"href":"https:\/\/onlinetranslators.de\/news\/wp-json\/wp\/v2\/categories?post=30114"},{"taxonomy":"post_tag","embeddable":true,"href":"https:\/\/onlinetranslators.de\/news\/wp-json\/wp\/v2\/tags?post=30114"}],"curies":[{"name":"wp","href":"https:\/\/api.w.org\/{rel}","templated":true}]}}