{"id":30113,"date":"2025-07-07T07:16:11","date_gmt":"2025-07-07T04:16:11","guid":{"rendered":"https:\/\/onlinetranslators.de\/news\/nachrichten\/wegen-beleidigung-erdogans-turkische-justiz-nimmt-oppositionschef-ozel-auf-korn\/"},"modified":"2025-07-07T07:16:11","modified_gmt":"2025-07-07T04:16:11","slug":"wegen-beleidigung-erdogans-turkische-justiz-nimmt-oppositionschef-ozel-auf-korn","status":"publish","type":"post","link":"https:\/\/onlinetranslators.de\/news\/nachrichten\/wegen-beleidigung-erdogans-turkische-justiz-nimmt-oppositionschef-ozel-auf-korn\/","title":{"rendered":"Wegen Beleidigung Erdogans: T\u00fcrkische Justiz nimmt Oppositionschef \u00d6zel auf Korn"},"content":{"rendered":"<p class=\"caps\">Politik         \t\t                   \t\t               \t\t                    <\/p>\n<figure> \t\t                       \t\t                        <img decoding=\"async\" alt=\"CHP-Chef \u00d6zel ermutigt die T\u00fcrken, sich nicht den \u00c4ngsten Erdogans zu beugen. \" src=\"https:\/\/www.n-tv.de\/img\/25882742-1751855265000\/16-9\/750\/533399633.jpg\"\/><figcaption>\n<p>CHP-Chef \u00d6zel ermutigt die T\u00fcrken, sich nicht den \u00c4ngsten Erdogans zu beugen.<\/p>\n<\/figcaption><\/figure>\n<p><strong>Der Druck auf die t\u00fcrkische Opposition w\u00e4chst weiter: Nach der Verhaftung des Istanbuler B\u00fcrgermeisters Imamoglu ger\u00e4t sein Parteifreund \u00d6zel ins Fadenkreuz der Staatsanwaltschaft. Weil der CHP-Chef angeblich Pr\u00e4sident Erdogan beleidigt haben soll, droht ihm der Entzug seiner Immunit\u00e4t. <\/strong><\/p>\n<p>Die t\u00fcrkische Generalstaatsanwaltschaft hat wegen des Verdachts der &quot;Pr\u00e4sidentenbeleidigung&quot; Ermittlungen gegen Oppositionschef \u00d6zg\u00fcr \u00d6zel eingeleitet. Die Vorw\u00fcrfe beziehen sich auf \u00c4u\u00dferungen des CHP-Chefs bei einer Pressekonferenz nach einer Parteisitzung am Samstag, wie die Staatsanwaltschaft laut Berichten t\u00fcrkischer Medien erkl\u00e4rte. \u00d6zel habe dabei nicht nur Pr\u00e4sident Recep Tayyip Erdogan beleidigt, sondern auch Drohungen gegen Entscheidungstr\u00e4ger in Beh\u00f6rden ausgesto\u00dfen und zu einer Straftat angestiftet, hie\u00df es weiter.<\/p>\n<figure> <a href=\"https:\/\/www.n-tv.de\/politik\/Tuerkische-Staatsanwaltschaft-nimmt-Oppositionsfuehrer-ins-Visier-article25815180.html\" rel=\"noreferrer\" target=\"_blank\">      <img decoding=\"async\" alt=\"6ee1e5975963a0c0422554e6be783de0.jpg\" src=\"https:\/\/www.n-tv.de\/img\/25815183-1749114131000\/17-6\/1136\/6ee1e5975963a0c0422554e6be783de0.jpg\"\/> <\/a> <\/figure>\n<p>   Politik  05.06.25    Erdogan verst\u00e4rkt den Druck T\u00fcrkische Staatsanwaltschaft nimmt Oppositionsf\u00fchrer ins Visier    <\/p>\n<p>\u00d6zel hatte sich am Samstag zur Festnahme von drei B\u00fcrgermeistern seiner Partei im Rahmen von Korruptionsermittlungen ge\u00e4u\u00dfert. &quot;Jeder wird seinen Platz in der Geschichte bekommen&quot;, sagte der Chef der linksnationalistischen Oppositionspartei &#8211; diejenigen, die &quot;Wahlergebnisse sch\u00fctzen&quot; genauso wie diejenigen, die Erdogan &quot;und seinen \u00c4ngsten&quot; nachg\u00e4ben. Dem t\u00fcrkischen Pr\u00e4sidenten warf \u00d6zel vor: &quot;Sie nehmen ihnen ihr Wahlrecht weg, Sie nehmen ihnen die B\u00fcrgermeister weg, die sie gew\u00e4hlt haben, Sie stecken den k\u00fcnftigen Pr\u00e4sidenten ins Gef\u00e4ngnis.&quot;<\/p>\n<h2>\u00d6zel soll Immunit\u00e4t entzogen werden<\/h2>\n<p>Der Oppositionsf\u00fchrer bezog sich dabei auf seinen inhaftierten Parteikollegen, Istanbuls B\u00fcrgermeister Ekrem Imamoglu. Dieser ist der wichtigste innenpolitischer Rivale Erdogans. Er war am 19. M\u00e4rz festgenommen worden und sitzt wegen Korruptionsvorw\u00fcrfen, die er bestreitet, in Untersuchungshaft. Imamoglus Festnahme hatte die gr\u00f6\u00dfte Protestwelle in der T\u00fcrkei seit den sogenannten Gezi-Protesten im Jahr 2013 ausgel\u00f6st. Dabei waren tausende Menschen festgenommen worden.<\/p>\n<figure> <a href=\"https:\/\/www.n-tv.de\/politik\/Polizei-nimmt-fuenf-oppositionelle-Buergermeister-in-der-Tuerkei-fest-article25812948.html\" rel=\"noreferrer\" target=\"_blank\">      <img decoding=\"async\" alt=\"imago807508483.jpg\" src=\"https:\/\/www.n-tv.de\/img\/25812940-1749037104000\/17-6\/1136\/imago807508483.jpg\"\/> <\/a> <\/figure>\n<p>   Politik  04.06.25    Korruptionsvorw\u00fcrfe gegen CHP Polizei nimmt f\u00fcnf oppositionelle B\u00fcrgermeister in der T\u00fcrkei fest    <\/p>\n<p>Erdogan hatte bereits im November Klage wegen Pr\u00e4sidentenbeleidigung gegen \u00d6zel eingeleitet. Zudem laufen weitere Verfahren gegen den CHP-Chef. T\u00fcrkischen Medien zufolge soll \u00d6zel die parlamentarische Immunit\u00e4t entzogen werden. Damit w\u00e4re es m\u00f6glich, ihn zu einer Haftstrafe zu verurteilen.<\/p>\n<p>Die neuen Ermittlungen gegen \u00d6zel und die Festnahme der drei CHP-B\u00fcrgermeister vom Wochenende sind die j\u00fcngsten Schritte in einer Reihe von Ermittlungen gegen Politiker der Partei. Erdogan \u00fcbt zunehmend Druck auf die CHP aus, die bei der Kommunalwahl im vergangenen Jahr einen gro\u00dfen Sieg gegen seine islamisch-konservative AKP errungen hatte.<\/p>\n<p>Quelle: ntv.de, mau\/AFP<\/p>\n","protected":false},"excerpt":{"rendered":"<p>Politik CHP-Chef \u00d6zel ermutigt die T\u00fcrken, sich nicht den \u00c4ngsten Erdogans zu beugen. Der Druck auf die t\u00fcrkische Opposition w\u00e4chst weiter: Nach der Verhaftung des Istanbuler B\u00fcrgermeisters Imamoglu ger\u00e4t sein<\/p>\n","protected":false},"author":1,"featured_media":0,"comment_status":"open","ping_status":"open","sticky":false,"template":"","format":"standard","meta":{"footnotes":""},"categories":[1],"tags":[],"class_list":["post-30113","post","type-post","status-publish","format-standard","hentry","category-nachrichten"],"_links":{"self":[{"href":"https:\/\/onlinetranslators.de\/news\/wp-json\/wp\/v2\/posts\/30113","targetHints":{"allow":["GET"]}}],"collection":[{"href":"https:\/\/onlinetranslators.de\/news\/wp-json\/wp\/v2\/posts"}],"about":[{"href":"https:\/\/onlinetranslators.de\/news\/wp-json\/wp\/v2\/types\/post"}],"author":[{"embeddable":true,"href":"https:\/\/onlinetranslators.de\/news\/wp-json\/wp\/v2\/users\/1"}],"replies":[{"embeddable":true,"href":"https:\/\/onlinetranslators.de\/news\/wp-json\/wp\/v2\/comments?post=30113"}],"version-history":[{"count":0,"href":"https:\/\/onlinetranslators.de\/news\/wp-json\/wp\/v2\/posts\/30113\/revisions"}],"wp:attachment":[{"href":"https:\/\/onlinetranslators.de\/news\/wp-json\/wp\/v2\/media?parent=30113"}],"wp:term":[{"taxonomy":"category","embeddable":true,"href":"https:\/\/onlinetranslators.de\/news\/wp-json\/wp\/v2\/categories?post=30113"},{"taxonomy":"post_tag","embeddable":true,"href":"https:\/\/onlinetranslators.de\/news\/wp-json\/wp\/v2\/tags?post=30113"}],"curies":[{"name":"wp","href":"https:\/\/api.w.org\/{rel}","templated":true}]}}