{"id":30101,"date":"2025-07-05T14:35:53","date_gmt":"2025-07-05T11:35:53","guid":{"rendered":"https:\/\/onlinetranslators.de\/news\/nachrichten\/relativ-verarscht-worden-radstar-buchmann-rechnet-knallhart-mit-ex-team-ab\/"},"modified":"2025-07-05T14:35:53","modified_gmt":"2025-07-05T11:35:53","slug":"relativ-verarscht-worden-radstar-buchmann-rechnet-knallhart-mit-ex-team-ab","status":"publish","type":"post","link":"https:\/\/onlinetranslators.de\/news\/nachrichten\/relativ-verarscht-worden-radstar-buchmann-rechnet-knallhart-mit-ex-team-ab\/","title":{"rendered":"&#8220;Relativ verarscht worden&#8221;: Radstar Buchmann rechnet knallhart mit Ex-Team ab"},"content":{"rendered":"<p class=\"caps\">Sport         \t\t                   \t\t               \t\t                    <\/p>\n<figure> \t\t                       \t\t                        <img decoding=\"async\" alt=\"Emanuel Buchmann f\u00e4hrt jetzt f\u00fcr das franz\u00f6sische Cofidis-Team.\" src=\"https:\/\/www.n-tv.de\/img\/25881053-1751709660000\/16-9\/750\/1a25be1af0a7e0f962c71dd99097e27a.jpg\"\/><figcaption>\n<p>Emanuel Buchmann f\u00e4hrt jetzt f\u00fcr das franz\u00f6sische Cofidis-Team.<\/p>\n<\/figcaption><\/figure>\n<p><strong>Bei der diesj\u00e4hrigen Tour de France geht Emanuel Buchmann f\u00fcr das Team Cofidis an den Start. Seine Zeit bei Bora-hansgrohe l\u00e4sst ihn aber auch vor dem Start der Frankreich-Rundfahrt nicht los. Mit w\u00fctenden Worten rechnet er mit seinem Ex-Team ab.<\/strong><\/p>\n<p>Radprofi Emanuel Buchmann sieht seine letzte Vertragsverl\u00e4ngerung beim damaligen Team Bora-hansgrohe als Fehler an und hat mit durchaus drastischen Worten \u00fcber seinen Abschied von der Mannschaft aus dem bayrischen Raubling gesprochen. Am Schluss sei er &quot;relativ verarscht worden&quot;, sagte der 32-J\u00e4hrige vor dem Start der 112. Tour de France am Samstag der M\u00fcnchner Abendzeitung. <\/p>\n<p>&quot;Die letzten zwei Jahre war ich nicht mehr gl\u00fccklich, auch die Stimmung war nicht mehr so gut&quot;, sagte Buchmann: &quot;Gerade das letzte Jahr war wirklich nicht mehr sch\u00f6n. Da hatte ich wenig Spa\u00df und bin auch relativ verarscht worden, w\u00fcrde ich sagen.&quot; <\/p>\n<p>&quot;Als ich 2021 f\u00fcr drei Jahre verl\u00e4ngert hatte, war ich der \u00dcberzeugung, dass das weiter der beste Weg f\u00fcr mich ist, aber im Nachhinein w\u00e4re ich lieber zwei Jahre fr\u00fcher gewechselt&quot;, sagte Buchmann: &quot;Aber so etwas wei\u00df man nicht vorher.&quot;<\/p>\n<figure> <a href=\"https:\/\/www.n-tv.de\/sport\/Unberechenbarer-Superstar-bei-Tour-de-France-Was-Pogacar-macht-ist-manchmal-extrem-wild-article25879217.html\" rel=\"noreferrer\" target=\"_blank\">      <img decoding=\"async\" alt=\"6f7be23a5c35e9c6ae06ae81c963a9f2.jpg\" src=\"https:\/\/www.n-tv.de\/img\/25879223-1751622868000\/17-6\/1136\/6f7be23a5c35e9c6ae06ae81c963a9f2.jpg\"\/> <\/a> <\/figure>\n<p>   Sport  05.07.25    Bittere Tour-D\u00e9j\u00e0-vus drohen Unberechenbarer Gigant: &quot;Wie Pogacar f\u00e4hrt, ist manchmal extrem wild&quot;    <\/p>\n<p>Buchmann hatte das Team, das mittlerweile unter dem Namen Red Bull-Bora-hansgrohe firmiert, erst Ende 2024 verlassen. Zuvor war Buchmann nicht wie zun\u00e4chst angedacht f\u00fcr den Giro nominiert worden und dar\u00fcber recht erbost gewesen. Nun ist der Tour-Vierte von 2019 bei der Frankreich-Rundfahrt als Kapit\u00e4n der franz\u00f6sischen Equipe Cofidis im Einsatz. <\/p>\n<p>Buchmann trauert der Zeit nach seinem knapp verpassten Podest vor sechs Jahren nach. &quot;2019 ist inzwischen eine lange Zeit her. Ich hatte sehr viel Pech mit St\u00fcrzen, mit Krankheiten zur falschen Zeit, und konnte dadurch nicht mehr das abrufen, was ich da gezeigt habe&quot;, sagte er: &quot;Ich denke, dass ich sonst gerade 2020 die Chance gehabt h\u00e4tte, ums Podium mitzufahren.&quot;<\/p>\n<p>Quelle: ntv.de, tno\/sid<\/p>\n","protected":false},"excerpt":{"rendered":"<p>Sport Emanuel Buchmann f\u00e4hrt jetzt f\u00fcr das franz\u00f6sische Cofidis-Team. Bei der diesj\u00e4hrigen Tour de France geht Emanuel Buchmann f\u00fcr das Team Cofidis an den Start. Seine Zeit bei Bora-hansgrohe l\u00e4sst<\/p>\n","protected":false},"author":1,"featured_media":0,"comment_status":"open","ping_status":"open","sticky":false,"template":"","format":"standard","meta":{"footnotes":""},"categories":[1],"tags":[],"class_list":["post-30101","post","type-post","status-publish","format-standard","hentry","category-nachrichten"],"_links":{"self":[{"href":"https:\/\/onlinetranslators.de\/news\/wp-json\/wp\/v2\/posts\/30101","targetHints":{"allow":["GET"]}}],"collection":[{"href":"https:\/\/onlinetranslators.de\/news\/wp-json\/wp\/v2\/posts"}],"about":[{"href":"https:\/\/onlinetranslators.de\/news\/wp-json\/wp\/v2\/types\/post"}],"author":[{"embeddable":true,"href":"https:\/\/onlinetranslators.de\/news\/wp-json\/wp\/v2\/users\/1"}],"replies":[{"embeddable":true,"href":"https:\/\/onlinetranslators.de\/news\/wp-json\/wp\/v2\/comments?post=30101"}],"version-history":[{"count":0,"href":"https:\/\/onlinetranslators.de\/news\/wp-json\/wp\/v2\/posts\/30101\/revisions"}],"wp:attachment":[{"href":"https:\/\/onlinetranslators.de\/news\/wp-json\/wp\/v2\/media?parent=30101"}],"wp:term":[{"taxonomy":"category","embeddable":true,"href":"https:\/\/onlinetranslators.de\/news\/wp-json\/wp\/v2\/categories?post=30101"},{"taxonomy":"post_tag","embeddable":true,"href":"https:\/\/onlinetranslators.de\/news\/wp-json\/wp\/v2\/tags?post=30101"}],"curies":[{"name":"wp","href":"https:\/\/api.w.org\/{rel}","templated":true}]}}