{"id":30078,"date":"2025-07-02T20:56:01","date_gmt":"2025-07-02T17:56:01","guid":{"rendered":"https:\/\/onlinetranslators.de\/news\/nachrichten\/bvb-wirft-monterrey-raus-rambo-ramos-verpasst-dramatischen-heldenmoment\/"},"modified":"2025-07-02T20:56:01","modified_gmt":"2025-07-02T17:56:01","slug":"bvb-wirft-monterrey-raus-rambo-ramos-verpasst-dramatischen-heldenmoment","status":"publish","type":"post","link":"https:\/\/onlinetranslators.de\/news\/nachrichten\/bvb-wirft-monterrey-raus-rambo-ramos-verpasst-dramatischen-heldenmoment\/","title":{"rendered":"BVB wirft Monterrey raus: Rambo Ramos verpasst dramatischen Heldenmoment"},"content":{"rendered":"<p class=\"caps\">Fu\u00dfball         \t\t                   \t\t               \t\t                    <\/p>\n<figure> \t\t                       \t\t                        <img decoding=\"async\" alt=\"Diesmal erzwingt Sergio Ramos nicht die Verl\u00e4ngerung.\" src=\"https:\/\/www.n-tv.de\/img\/25873775-1751444713000\/16-9\/750\/imago1063428231.jpg\"\/><figcaption>\n<p>Diesmal erzwingt Sergio Ramos nicht die Verl\u00e4ngerung.<\/p>\n<\/figcaption><\/figure>\n<p><strong>Sergio Ramos ist eine Fu\u00dfball-Legende. Er hat mit Real Madrid und der Spanischen Nationalmannschaft alles gewonnen. Nun verbringt er die letzten Meter seiner Karriere bei CF Monterrey in Mexiko &#8211; und hatte wom\u00f6glich seinen letzten internationalen Auftritt.<\/strong><\/p>\n<p>Fast h\u00e4tte er es geschafft. Fast w\u00e4re er noch einmal der Held gewesen, wie so oft in seiner herausragenden Karriere. Die Tausenden Fans des CF Monterrey hatten in der Nachspielzeit des Achtelfinales gegen Borussia Dortmund den Torschrei schon auf den Lippen, BVB-Schlussmann Gregor Kobel war im Dome von Atlanta bereits geschlagen und konnte dem Ball nur noch hinterherschauen. Einem Ball, den ein Mann auch mit 39 Jahren noch so wuchtig Richtung Dreiangel gek\u00f6pft hatte, wie in seiner Glanzzeit. Doch diesmal landete der Kopfball von Sergio Ramos nicht zum 2:2 im Netz, sondern ging knapp am linken Pfosten vorbei.<\/p>\n<p>Es h\u00e4tte eine weitere Heldengeschichte dieses Sergio Ramos Garcia werden k\u00f6nnen. Er h\u00e4tte Monterrey in die Verl\u00e4ngerung k\u00f6pfen k\u00f6nnen, nachdem die Mannschaft aus Mexiko durch zwei sch\u00f6n herausgespielte Treffer von Serhou Guirassy in der 14. und 24. Minute 0:2 hinten lag, in der 48. Minute durch German Berterame auf 1:2 verk\u00fcrzte und in der Folgezeit bereits vor dem Last-Minute-Kopfball von Ramos Chancen zum Ausgleich hatte.<\/p>\n<figure> <a href=\"https:\/\/www.n-tv.de\/sport\/fussball\/Boese-Uberraschung-fuer-Bellingham-macht-BVB-traurig-article25873608.html\" rel=\"noreferrer\" target=\"_blank\">      <img decoding=\"async\" alt=\"imago1063421174.jpg\" src=\"https:\/\/www.n-tv.de\/img\/25872847-1751428562000\/17-6\/1136\/imago1063421174.jpg\"\/> <\/a> <\/figure>\n<p>   Fu\u00dfball  02.07.25    &quot;\u00c4rgerlich&quot;, &quot;sehr bitter&quot; B\u00f6se \u00dcberraschung f\u00fcr Bellingham macht BVB traurig    <\/p>\n<h2>&quot;Das ist Fu\u00dfball&quot;<\/h2>\n<p>So aber schied Monterrey im Achtelfinale dieser FIFA-Klub-WM aus. Und es k\u00f6nnte an diesem Abend des 1. Juli 2025 in Atlanta wom\u00f6glich der letzte Auftritt des Spanischen Matadoren Sergio Ramos auf der internationalen B\u00fchne gewesen sein. &quot;Das ist Fu\u00dfball. Manchmal klappt es nicht so, wie du es m\u00f6chtest. Wir hatten einige Gelegenheiten, haben sie aber nicht nutzen k\u00f6nnen&quot;, res\u00fcmierte Ramos.<\/p>\n<p>Beim Einmarsch der Spieler, die bei dieser Klub-WM individuell vorgestellt werden und einzeln aus den Katakomben auf den Rasen kommen, wurde es beim letzten der 22 Profis beider Teams mit Abstand am lautesten. &quot;Your captain, number 93, Sergio Raaaaaamosssss!&quot;<\/p>\n<figure> <a href=\"https:\/\/www.n-tv.de\/sport\/fussball\/Thomas-Mueller-spricht-ueber-den-bittersten-Moment-seiner-Karriere-article25872012.html\" rel=\"noreferrer\" target=\"_blank\">      <img decoding=\"async\" alt=\"imago10863274.jpg\" src=\"https:\/\/www.n-tv.de\/img\/25872004-1751380812000\/17-6\/1136\/imago10863274.jpg\"\/> <\/a> <\/figure>\n<p>   Fu\u00dfball  01.07.25    &quot;Das war ein gro\u00dfer Crash&quot; Thomas M\u00fcller spricht \u00fcber den bittersten Moment seiner Karriere    <\/p>\n<p>Ja, es gibt ihn noch. Tats\u00e4chlich. Viele hatten ihn schon aus den Augen verloren und es war ja auch ziemlich ruhig geworden um Ramos. Im vergangenen Sommer hatte er den FC Sevilla, seinen Jugendverein, verlassen, verschwand somit komplett von der hell erleuchteten, europ\u00e4ischen Fu\u00dfballb\u00fchne. Der Mann, bei dem sich St\u00fcrmer instinktiv an ihre Kn\u00f6chel, Schienbeine, Rippen oder auch Wangenknochen fassen, sobald sie seinen Namen h\u00f6ren, ist im Februar nach Mexiko gegangen, hat in Monterrey einen Ein-Jahres-Vertrag unterschrieben.<\/p>\n<h2>Neue R\u00fcckennummer als Hommage<\/h2>\n<p>Ramos tr\u00e4gt bei seinem neuen Klub nicht die R\u00fcckennummer 4, wie bislang immer in seiner Vereins-Karriere, sondern die 93, die er auch auf seine Kopfhaut t\u00e4towiert hat. Es ist eine Hommage an die 93. Minute im Champions-League-Finale 2014 zwischen Real und Atl\u00e9tico Madrid. Damals k\u00f6pfte Ramos in jener Nachspielzeit den 1:1-Ausgleich. Noch heute spricht er vom &quot;epischsten Augenblick meiner Karriere.&quot; Real besiegte den Stadtrivalen schlie\u00dflich in der Verl\u00e4ngerung 4:1.<\/p>\n<p>Insgesamt 16 Jahre, von 2005 bis 2021, spielte Sergio Ramos f\u00fcr die K\u00f6niglichen. Er war ein Raubein, ein Rambo &#8211; und er wurde so zur Vereinslegende. Der geb\u00fcrtige Andalusier gewann in seiner Karriere alles, was es als Fu\u00dfballer zu gewinnen gibt &#8211; auf Vereinsebene und mit der spanischen Nationalmannschaft. Weltmeister, Europameister, Champions-League-Sieger, Spanischer und Franz\u00f6sischer Meister, etc. Viele dieser Titel gewann er sogar mehrmals. Keiner hat so oft das Spanische Nationaltrikot getragen wie Ramos: 180 Mal. Einhundertachtzig! Lothar Matth\u00e4us ist bekanntlich Deutschlands Rekordspieler, hat aber trotzdem 30 L\u00e4nderspiele weniger absolviert als der Spanier.<\/p>\n<h2>Das letzte gro\u00dfe Duell ist geplatzt<\/h2>\n<p>Ramos ist zwar auf den letzten Metern seiner legend\u00e4ren Laufbahn, hat aber, das wurde bei dieser Klub-WM deutlich, in der Abwehrmitte seiner mexikanischen Mannschaft immer noch eine starke Pr\u00e4senz und Ausstrahlung. Und im Auftaktspiel gegen Inter Mailand hatte er beim 1:1 per Kopfball sogar das 1:0 erzielt. Auch gegen Dortmund fiel er auf, gestikulierte, dirigierte, reklamierte &#8211; und st\u00fcrmte in der Schlussphase unaufhaltsam vorne mit.<\/p>\n<p>Die Leistung und der insgesamt couragierte Auftritt werden der Mannschaft f\u00fcr die Zukunft helfen, betonte Ramos. Man habe insgesamt &quot;eine fantastische Partie&quot; gespielt und k\u00f6nne stolz sein, meinte der Routinier. So \u00e4rgerlich die Niederlage f\u00fcr Monterrey ist, f\u00fcr Ramos ist sie besonders bitter. Denn im Viertelfinale h\u00e4tte es ein Wiedersehen mit Real Madrid gegeben, vor 80.000 Zuschauern in New York.<\/p>\n<p>Quelle: ntv.de<\/p>\n","protected":false},"excerpt":{"rendered":"<p>Fu\u00dfball Diesmal erzwingt Sergio Ramos nicht die Verl\u00e4ngerung. Sergio Ramos ist eine Fu\u00dfball-Legende. Er hat mit Real Madrid und der Spanischen Nationalmannschaft alles gewonnen. Nun verbringt er die letzten Meter<\/p>\n","protected":false},"author":1,"featured_media":0,"comment_status":"open","ping_status":"open","sticky":false,"template":"","format":"standard","meta":{"footnotes":""},"categories":[1],"tags":[],"class_list":["post-30078","post","type-post","status-publish","format-standard","hentry","category-nachrichten"],"_links":{"self":[{"href":"https:\/\/onlinetranslators.de\/news\/wp-json\/wp\/v2\/posts\/30078","targetHints":{"allow":["GET"]}}],"collection":[{"href":"https:\/\/onlinetranslators.de\/news\/wp-json\/wp\/v2\/posts"}],"about":[{"href":"https:\/\/onlinetranslators.de\/news\/wp-json\/wp\/v2\/types\/post"}],"author":[{"embeddable":true,"href":"https:\/\/onlinetranslators.de\/news\/wp-json\/wp\/v2\/users\/1"}],"replies":[{"embeddable":true,"href":"https:\/\/onlinetranslators.de\/news\/wp-json\/wp\/v2\/comments?post=30078"}],"version-history":[{"count":0,"href":"https:\/\/onlinetranslators.de\/news\/wp-json\/wp\/v2\/posts\/30078\/revisions"}],"wp:attachment":[{"href":"https:\/\/onlinetranslators.de\/news\/wp-json\/wp\/v2\/media?parent=30078"}],"wp:term":[{"taxonomy":"category","embeddable":true,"href":"https:\/\/onlinetranslators.de\/news\/wp-json\/wp\/v2\/categories?post=30078"},{"taxonomy":"post_tag","embeddable":true,"href":"https:\/\/onlinetranslators.de\/news\/wp-json\/wp\/v2\/tags?post=30078"}],"curies":[{"name":"wp","href":"https:\/\/api.w.org\/{rel}","templated":true}]}}