{"id":30068,"date":"2025-07-01T03:56:09","date_gmt":"2025-07-01T00:56:09","guid":{"rendered":"https:\/\/onlinetranslators.de\/news\/nachrichten\/visa-entzug-wegen-antisemitismus-britisches-rap-duo-darf-nicht-in-die-usa-einreisen\/"},"modified":"2025-07-01T03:56:09","modified_gmt":"2025-07-01T00:56:09","slug":"visa-entzug-wegen-antisemitismus-britisches-rap-duo-darf-nicht-in-die-usa-einreisen","status":"publish","type":"post","link":"https:\/\/onlinetranslators.de\/news\/nachrichten\/visa-entzug-wegen-antisemitismus-britisches-rap-duo-darf-nicht-in-die-usa-einreisen\/","title":{"rendered":"Visa-Entzug wegen Antisemitismus: Britisches Rap-Duo darf nicht in die USA einreisen"},"content":{"rendered":"<p class=\"caps\">Unterhaltung         \t\t                   \t\t               \t\t                    <\/p>\n<figure> \t\t                       \t\t                        <img decoding=\"async\" alt=\"Ihre Tour f\u00e4llt aus: Bob Vylan sind in den USA nicht mehr erw\u00fcnscht.  \" src=\"https:\/\/www.n-tv.de\/img\/25869884-1751329003000\/16-9\/750\/imago368003233.jpg\"\/><figcaption>\n<p>Ihre Tour f\u00e4llt aus: Bob Vylan sind in den USA nicht mehr erw\u00fcnscht.<\/p>\n<\/figcaption><\/figure>\n<p><strong>Wegen Israel-feindlicher Parolen auf einem Festival verliert eine britische Band ihre Visa f\u00fcr eine geplante Tour in den USA. Das Duo Bob Vylan brachte mit einem Aufruf zum Mord an israelischen Soldaten bereits die BBC in Erkl\u00e4rungsnot. <\/strong><\/p>\n<p>Das US-Au\u00dfenministerium hat den Mitgliedern des Punk-Hip-Hop-Duos Bob Vylan ihre Visa f\u00fcr eine geplante Tournee in den Vereinigten Staaten entzogen. Hintergrund seien hasserf\u00fcllte \u00c4u\u00dferungen bei einem Auftritt der Band auf dem britischen Glastonbury-Festival, erkl\u00e4rte Vize-Au\u00dfenminister Christopher Landau auf der Plattform X. &quot;Ausl\u00e4nder, die Gewalt und Hass verherrlichen, sind keine willkommenen Besucher in unserem Land&quot;, schrieb er weiter. Zuvor hatte es bereits Medienberichte \u00fcber den Entzug der Visa gegeben.<\/p>\n<figure> <a href=\"https:\/\/www.n-tv.de\/leute\/Anti-Israel-Ausserungen-bringen-Rapper-in-Bedraengnis-article25867338.html\" rel=\"noreferrer\" target=\"_blank\">      <img decoding=\"async\" alt=\"533588144.jpg\" src=\"https:\/\/www.n-tv.de\/img\/25867330-1751213576000\/17-6\/1136\/533588144.jpg\"\/> <\/a> <\/figure>\n<p>   Unterhaltung  29.06.25    Polizei leitet Ermittlungen ein Anti-Israel-\u00c4u\u00dferungen bringen Rapper in Bedr\u00e4ngnis    <\/p>\n<p>Ein Bandmitglied hatte das Publikum bei dem Kult-Festival aufgefordert, nicht nur &quot;Free, free Palestine&quot;, sondern auch &quot;Death, death to the IDF&quot; (Tod den israelischen Streitkr\u00e4ften) zu skandieren. Der Auftritt wurde von der BBC live im Internet gestreamt. <\/p>\n<p>Premierminister Keir Starmer und weitere Politiker mehrerer Parteien forderten eine Erkl\u00e4rung der BBC. &quot;Es gibt keine Entschuldigung f\u00fcr diese Art der absto\u00dfenden Hassrede&quot;, sagte der Labour-Politiker der britischen Nachrichtenagentur PA zufolge. Auch die britische Medienaufsicht Ofcom teilte mit, sie sei &quot;tief besorgt&quot; und forderte Rechenschaft.<\/p>\n<h2>Band \u00e4u\u00dfert sich moderater auf Instagram<\/h2>\n<p>Auf den wachsenden Druck hin distanzierte sich der Sender deutlich und r\u00e4umte Fehler ein. In der BBC-Mitteilung hie\u00df es dazu: &quot;Die antisemitischen \u00c4u\u00dferungen von Bob Vylan sind v\u00f6llig inakzeptabel und haben keinen Platz in unseren Sendungen.&quot; Die Richtlinien f\u00fcr Live-Sendungen sollten zudem \u00fcberpr\u00fcft werden, so die Ank\u00fcndigung.<\/p>\n<figure> <a href=\"https:\/\/www.n-tv.de\/politik\/Bodo-Ramelow-denkt-ueber-Austritt-aus-der-Linkspartei-nach-article25846486.html\" rel=\"noreferrer\" target=\"_blank\">      <img decoding=\"async\" alt=\"529653302.jpg\" src=\"https:\/\/www.n-tv.de\/img\/25846497-1750350012000\/17-6\/1136\/529653302.jpg\"\/> <\/a> <\/figure>\n<p>   Politik  19.06.25    Kritik an &quot;Bewegungslinken&quot; Bodo Ramelow denkt \u00fcber Austritt aus der Linkspartei nach    <\/p>\n<p>Die BBC \u00fcbertr\u00e4gt traditionell gro\u00dfe Teile des Festivals in der Grafschaft Somerset. Dass die israelfeindlichen Parolen zun\u00e4chst unkommentiert gesendet wurden, stie\u00df auf breite Kritik &#8211; zumal Bob Vylan bereits zuvor mit umstrittenen Aussagen zum Gaza-Krieg aufgefallen waren. Die Festival-Organisatoren hatten sich bereits kurz nach dem Vorfall klar distanziert.<\/p>\n<p>Auf dem Instagram-Account der Band war sp\u00e4ter ein Aufruf zu Protest f\u00fcr einen Wandel in der Au\u00dfenpolitik zu lesen, der sehr viel differenzierter klang als die Parolen vom Festival. Reue war darin aber nicht zu erkennen.<\/p>\n<p>Quelle: ntv.de, mau\/dpa<\/p>\n","protected":false},"excerpt":{"rendered":"<p>Unterhaltung Ihre Tour f\u00e4llt aus: Bob Vylan sind in den USA nicht mehr erw\u00fcnscht. Wegen Israel-feindlicher Parolen auf einem Festival verliert eine britische Band ihre Visa f\u00fcr eine geplante Tour<\/p>\n","protected":false},"author":1,"featured_media":0,"comment_status":"open","ping_status":"open","sticky":false,"template":"","format":"standard","meta":{"footnotes":""},"categories":[1],"tags":[],"class_list":["post-30068","post","type-post","status-publish","format-standard","hentry","category-nachrichten"],"_links":{"self":[{"href":"https:\/\/onlinetranslators.de\/news\/wp-json\/wp\/v2\/posts\/30068","targetHints":{"allow":["GET"]}}],"collection":[{"href":"https:\/\/onlinetranslators.de\/news\/wp-json\/wp\/v2\/posts"}],"about":[{"href":"https:\/\/onlinetranslators.de\/news\/wp-json\/wp\/v2\/types\/post"}],"author":[{"embeddable":true,"href":"https:\/\/onlinetranslators.de\/news\/wp-json\/wp\/v2\/users\/1"}],"replies":[{"embeddable":true,"href":"https:\/\/onlinetranslators.de\/news\/wp-json\/wp\/v2\/comments?post=30068"}],"version-history":[{"count":0,"href":"https:\/\/onlinetranslators.de\/news\/wp-json\/wp\/v2\/posts\/30068\/revisions"}],"wp:attachment":[{"href":"https:\/\/onlinetranslators.de\/news\/wp-json\/wp\/v2\/media?parent=30068"}],"wp:term":[{"taxonomy":"category","embeddable":true,"href":"https:\/\/onlinetranslators.de\/news\/wp-json\/wp\/v2\/categories?post=30068"},{"taxonomy":"post_tag","embeddable":true,"href":"https:\/\/onlinetranslators.de\/news\/wp-json\/wp\/v2\/tags?post=30068"}],"curies":[{"name":"wp","href":"https:\/\/api.w.org\/{rel}","templated":true}]}}