{"id":30060,"date":"2025-06-29T19:06:15","date_gmt":"2025-06-29T16:06:15","guid":{"rendered":"https:\/\/onlinetranslators.de\/news\/nachrichten\/woltemade-zoff-eskaliert-lothar-matthaus-uli-hoenes-lebt-in-der-vergangenheit\/"},"modified":"2025-06-29T19:06:15","modified_gmt":"2025-06-29T16:06:15","slug":"woltemade-zoff-eskaliert-lothar-matthaus-uli-hoenes-lebt-in-der-vergangenheit","status":"publish","type":"post","link":"https:\/\/onlinetranslators.de\/news\/nachrichten\/woltemade-zoff-eskaliert-lothar-matthaus-uli-hoenes-lebt-in-der-vergangenheit\/","title":{"rendered":"Woltemade-Zoff eskaliert: Lothar Matth\u00e4us: Uli Hoene\u00df lebt in der Vergangenheit"},"content":{"rendered":"<p class=\"caps\">Fu\u00dfball         \t\t                   \t\t               \t\t                    <\/p>\n<figure> \t\t                       \t\t                        <img decoding=\"async\" alt=\"Uli Hoene\u00df sieht sich harten Angriffen ausgesetzt.\" src=\"https:\/\/www.n-tv.de\/img\/25867295-1751210593000\/16-9\/750\/imago1063262584.jpg\"\/><figcaption>\n<p>Uli Hoene\u00df sieht sich harten Angriffen ausgesetzt.<\/p>\n<\/figcaption><\/figure>\n<p><strong>Die Zukunft von Stuttgarts Shootingstar Nick Woltemade sorgt seit Tagen f\u00fcr Schlagzeilen. Was Lothar Matth\u00e4us dazu sagt, passt Uli Hoene\u00df so gar nicht. Doch der Rekordnationalspieler schl\u00e4gt zur\u00fcck.<\/strong><\/p>\n<p>Rund um den Transfer-Poker um Fu\u00dfball-Nationalst\u00fcrmer Nick Woltemade hat sich auch ein Verbal-Duell zwischen Uli Hoene\u00df und Lothar Matth\u00e4us entwickelt. Der deutsche Rekordnationalspieler habe angesichts seiner Aussagen in der Causa Woltemade &quot;nicht alle Tassen im Schrank&quot;, sagte Hoene\u00df dem &quot;Kicker&quot;. Matth\u00e4us wiederum sagte der &quot;Bild&quot;, dass er die &quot;Beleidigungen&quot; des Ehrenpr\u00e4sidenten des FC Bayern M\u00fcnchen nicht mehr ernst nehme und dieser in einer eigenen Welt lebe.<\/p>\n<p>Die Bayern wollen Woltemade verpflichten &#8211; und der Angreifer w\u00fcrde offenbar gern schon in diesem Sommer vom VfB Stuttgart nach M\u00fcnchen wechseln. Der Abl\u00f6sepoker l\u00e4uft bereits und sorgt seit Tagen f\u00fcr Schlagzeilen. Noch sollen beide Klubs in ihren Vorstellungen weit auseinander liegen. Der 23-j\u00e4hrige Woltemade wurde bei der am Samstag zu Ende gegangenen U21-Europameisterschaft Torsch\u00fctzenk\u00f6nig und verlor mit der deutschen Mannschaft erst im Finale gegen England. Er steht beim VfB noch bis zum 30. Juni 2028 unter Vertrag. Der Kontrakt enth\u00e4lt keine Ausstiegsklausel.<\/p>\n<h2>&quot;Hoene\u00df lebt in seiner Welt&quot;<\/h2>\n<p>Matth\u00e4us, der auch als TV-Experte arbeitet, hatte der &quot;Bild&quot;-Zeitung gesagt, dass er es richtig finde, dass sich die Bayern um Woltemade bem\u00fchen. Eine Abl\u00f6sesumme von 60 Millionen Euro halte er aber f\u00fcr zu wenig. &quot;W\u00e4ren 80 bis 100 Millionen genannt worden, h\u00e4tte mich das nicht \u00fcberrascht&quot;, hatte Matth\u00e4us erkl\u00e4rt. Astronomische Summen, wie Hoene\u00df offenbar findet. Mit solchen Aussagen setze Matth\u00e4us vor allem den VfB unter Druck, der am Ende bei einer niedrigeren Abl\u00f6se \u00f6ffentlich als Verlierer dastehen w\u00fcrde, meinte der 73-J\u00e4hrige. Woltemade selbst wollte sich rund um das Finale der U21-EM im slowakischen Bratislava nicht n\u00e4her zu seinen Zukunftspl\u00e4nen \u00e4u\u00dfern.<\/p>\n<figure> <a href=\"https:\/\/www.n-tv.de\/sport\/fussball\/Uli-Hoeness-wuetet-gegen-Lothar-Matthaeus-article25867055.html\" rel=\"noreferrer\" target=\"_blank\">      <img decoding=\"async\" alt=\"imago45949101.jpg\" src=\"https:\/\/www.n-tv.de\/img\/25867031-1751196833000\/17-6\/1136\/imago45949101.jpg\"\/> <\/a> <\/figure>\n<p>   Fu\u00dfball  29.06.25    &quot;Nicht alle Tassen im Schrank&quot; Uli Hoene\u00df w\u00fctet gegen Lothar Matth\u00e4us    <\/p>\n<p>Daf\u00fcr konterte Matth\u00e4us die Kritik von Hoene\u00df scharf. &quot;Das macht er seit 20, 25 Jahren. Das lasse ich nicht an mich herankommen, da bekommst du eine dicke Haut&quot;, erkl\u00e4rte der 64-J\u00e4hrige. &quot;Uli Hoene\u00df lebt nach wie vor in seiner Welt und hat immer noch nicht verstanden, dass sich nicht nur der Fu\u00dfball, sondern auch das Business weiterentwickelt hat.&quot;<\/p>\n<p>Hoene\u00df sei &quot;wom\u00f6glich, was den Transfermarkt betrifft, nicht mehr auf Stand&quot;, meinte Matth\u00e4us. Es gehe dem langj\u00e4hrigen Bayern-Patron zudem &quot;nur darum, andere Menschen zu attackieren, um von eigenen Fehlern abzulenken.&quot; Matth\u00e4us verwies au\u00dferdem darauf, schon das Gesamtvolumen des Wechsels von Florian Wirtz richtig eingesch\u00e4tzt zu haben. Deutschlands Mittelfeld-Star war vor eineinhalb Wochen von Bayer Leverkusen zum FC Liverpool nach England transferiert worden.<\/p>\n<p>Quelle: ntv.de, sue\/dpa<\/p>\n","protected":false},"excerpt":{"rendered":"<p>Fu\u00dfball Uli Hoene\u00df sieht sich harten Angriffen ausgesetzt. Die Zukunft von Stuttgarts Shootingstar Nick Woltemade sorgt seit Tagen f\u00fcr Schlagzeilen. Was Lothar Matth\u00e4us dazu sagt, passt Uli Hoene\u00df so gar<\/p>\n","protected":false},"author":1,"featured_media":0,"comment_status":"open","ping_status":"open","sticky":false,"template":"","format":"standard","meta":{"footnotes":""},"categories":[1],"tags":[],"class_list":["post-30060","post","type-post","status-publish","format-standard","hentry","category-nachrichten"],"_links":{"self":[{"href":"https:\/\/onlinetranslators.de\/news\/wp-json\/wp\/v2\/posts\/30060","targetHints":{"allow":["GET"]}}],"collection":[{"href":"https:\/\/onlinetranslators.de\/news\/wp-json\/wp\/v2\/posts"}],"about":[{"href":"https:\/\/onlinetranslators.de\/news\/wp-json\/wp\/v2\/types\/post"}],"author":[{"embeddable":true,"href":"https:\/\/onlinetranslators.de\/news\/wp-json\/wp\/v2\/users\/1"}],"replies":[{"embeddable":true,"href":"https:\/\/onlinetranslators.de\/news\/wp-json\/wp\/v2\/comments?post=30060"}],"version-history":[{"count":0,"href":"https:\/\/onlinetranslators.de\/news\/wp-json\/wp\/v2\/posts\/30060\/revisions"}],"wp:attachment":[{"href":"https:\/\/onlinetranslators.de\/news\/wp-json\/wp\/v2\/media?parent=30060"}],"wp:term":[{"taxonomy":"category","embeddable":true,"href":"https:\/\/onlinetranslators.de\/news\/wp-json\/wp\/v2\/categories?post=30060"},{"taxonomy":"post_tag","embeddable":true,"href":"https:\/\/onlinetranslators.de\/news\/wp-json\/wp\/v2\/tags?post=30060"}],"curies":[{"name":"wp","href":"https:\/\/api.w.org\/{rel}","templated":true}]}}