{"id":30059,"date":"2025-06-29T14:56:10","date_gmt":"2025-06-29T11:56:10","guid":{"rendered":"https:\/\/onlinetranslators.de\/news\/nachrichten\/am-tag-der-bundeswehr-merz-besucht-stutzpunkt-und-spricht-klare-worte\/"},"modified":"2025-06-29T14:56:10","modified_gmt":"2025-06-29T11:56:10","slug":"am-tag-der-bundeswehr-merz-besucht-stutzpunkt-und-spricht-klare-worte","status":"publish","type":"post","link":"https:\/\/onlinetranslators.de\/news\/nachrichten\/am-tag-der-bundeswehr-merz-besucht-stutzpunkt-und-spricht-klare-worte\/","title":{"rendered":"Am Tag der Bundeswehr: Merz besucht St\u00fctzpunkt und spricht klare Worte"},"content":{"rendered":"<p class=\"caps\">Politik         \t\t                   \t\t               \t\t                    <\/p>\n<figure> \t\t                       \t\t                        <img decoding=\"async\" alt=\"Friedrich Merz betont bei seinem Besuch in Schwielowsee, dass mehr f\u00fcr die Sicherheit getan werden muss. \" src=\"https:\/\/www.n-tv.de\/img\/25867013-1751196086000\/16-9\/750\/533391650.jpg\"\/><figcaption>\n<p>Friedrich Merz betont bei seinem Besuch in Schwielowsee, dass mehr f\u00fcr die Sicherheit getan werden muss.<\/p>\n<\/figcaption><\/figure>\n<p><strong>Die Bundeswehr \u00f6ffnet bundesweit zehn Standorte f\u00fcr Interessierte und streicht einen neuen Besucherrekord ein. Auch Bundeskanzler Merz kommt &#8211; und zwar mit einer klaren Botschaft. <\/strong><\/p>\n<p>Bundeskanzler Friedrich Merz hat mit Blick auf den russischen Angriffskrieg in der Ukraine gr\u00f6\u00dfere Verteidigungsanstrengungen verlangt und vor einem tr\u00fcgerischen Sicherheitsgef\u00fchl gewarnt. Man d\u00fcrfe &quot;Sicherheit nicht als gegeben hinnehmen&quot;, sagte Merz beim Besuch des Operativen F\u00fchrungskommandos der Bundeswehr in Schwielowsee. &quot;Wir m\u00fcssen mehr tun, dass wir in Freiheit, in Frieden und in Sicherheit leben k\u00f6nnen.&quot;<\/p>\n<p>Merz besuchte das nahe Potsdam gelegene Operative F\u00fchrungskommando am Tag der Bundeswehr, bei dem sich die Streitkr\u00e4fte an zehn Standorten der \u00d6ffentlichkeit pr\u00e4sentierten. Die Bundeswehr registrierte dabei nach Angaben des Verteidigungsministeriums einen Besucherrekord. Es seien rund 280.000 Menschen gekommen &#8211; etwa 45.000 mehr als im vergangenen Jahr und mehr als je zuvor. Die Streitkr\u00e4fte zeigten den Besuchern Kriegsschiffe und Panzer, Hubschrauber flogen Rettungs\u00fcbungen, Soldatinnen und Soldaten erkl\u00e4rten ihre Arbeit und ihren Auftrag.<\/p>\n<figure> <a href=\"https:\/\/www.n-tv.de\/mediathek\/videos\/politik\/Tag-der-Bundeswehr-steht-ganz-im-Zeichen-der-Aufruestung-article25866699.html\" rel=\"noreferrer\" target=\"_blank\">      <img decoding=\"async\" alt=\"Bundeswehr.jpg\" src=\"https:\/\/www.n-tv.de\/img\/25866999-1751195305000\/16-9\/1136\/Bundeswehr.jpg\"\/>    01:47 min  <\/a> <\/figure>\n<p>   Politik  29.06.25    Nachwuchs dringend gesucht Tag der Bundeswehr steht ganz im Zeichen der Aufr\u00fcstung    <\/p>\n<p>Au\u00dfenminister Johann Wadephul besuchte den Luftwaffenst\u00fctzpunkt Jagel in Schleswig-Holstein. &quot;Au\u00dfenpolitik braucht immer auch eine starke Bundeswehr&quot;, sagte der CDU-Politiker. &quot;Und das, was Sie jetzt hier sehen, ist ein gro\u00dfer Beweis, wie tief die Bundeswehr verankert ist in unserer Gesellschaft.&quot;<\/p>\n<h2>Kanzler k\u00fcndigt regelm\u00e4\u00dfige Truppenbesuche an<\/h2>\n<p>Merz dankte allen Soldatinnen und Soldaten f\u00fcr ihren Dienst, f\u00fcr ihre Loyalit\u00e4t zu Deutschland und f\u00fcr &quot;Ihren Einsatz zum Schutz unserer Freiheit, zum Schutz unserer freiheitlichen demokratischen Ordnung&quot;. Er betonte: &quot;Ich m\u00f6chte, dass der Wert der Arbeit der Soldatinnen und Soldaten in unserem Land gesehen und gew\u00fcrdigt wird.&quot;<\/p>\n<p>Der Kanzler k\u00fcndigte in Schwielowsee an, dass er &#8211; wie schon als Oppositionsf\u00fchrer &#8211; regelm\u00e4\u00dfig Bundeswehr-Standorte besuchen wird. Er wolle sehen, wie es um die Bundeswehr stehe. &quot;Und ich m\u00f6chte den Menschen in unserem Lande zeigen: Was Sie hier leisten, das ist grundlegend und entscheidend f\u00fcr unser Leben in Freiheit, in Frieden und in Wohlstand.&quot;<\/p>\n<figure> <a href=\"https:\/\/www.n-tv.de\/politik\/Johann-Wadephul-warnt-eindringlich-vor-Russland-article25866686.html\" rel=\"noreferrer\" target=\"_blank\">      <img decoding=\"async\" alt=\"dce816feb7d40fb017a61b0a1f34be12.jpg\" src=\"https:\/\/www.n-tv.de\/img\/25866687-1751179063000\/17-6\/1136\/dce816feb7d40fb017a61b0a1f34be12.jpg\"\/> <\/a> <\/figure>\n<p>   Politik  29.06.25    &quot;Bedroht direkt unser Leben&quot; Johann Wadephul warnt eindringlich vor Russland    <\/p>\n<p>Der Kanzler schaute sich auch den Wald der Erinnerung an. Dort sind an Betonstelen die Namen aller 119 bisher in Auslandseins\u00e4tzen get\u00f6teten Soldatinnen und Soldaten festgehalten. Merz legte eine wei\u00dfe Rose nieder und verharrte einen Augenblick im stillen Gedenken.<\/p>\n<p>Das Operative F\u00fchrungskommando verantwortet im Inland die Operationsplanung, -f\u00fchrung und -auswertung f\u00fcr alle vier Teilstreitkr\u00e4fte, also Heer, Luftwaffe, Marine und die Truppe f\u00fcr den Cyber- und Informationsraum. Es hat die Operationsf\u00fchrung f\u00fcr die Auslandseins\u00e4tze. Und es ist die zentrale Ansprechstelle f\u00fcr nationale Beh\u00f6rden sowie f\u00fcr die Nato und befreundete Streitkr\u00e4fte.<\/p>\n<h2>Regierung will Waffenk\u00e4ufe beschleunigen<\/h2>\n<p>Um die Bundeswehr schneller modern auszur\u00fcsten, will die Bundesregierung den Kauf von Waffen und anderen R\u00fcstungsg\u00fctern deutlich beschleunigen. Das geht aus einem Referentenentwurf des Verteidigungs- und des Wirtschaftsministeriums f\u00fcr ein Gesetz hervor, der der Deutschen Presse-Agentur vorliegt. Zentrale Ziele seien &quot;Beschleunigung und Vereinfachung f\u00fcr alle Beschaffungen f\u00fcr die Bundeswehr&quot;, zitierte das &quot;Handelsblatt&quot; Kreise des Wirtschaftsministeriums.<\/p>\n<figure> <a href=\"https:\/\/www.n-tv.de\/politik\/Spahn-fordert-europaeischen-Atom-Schutzschirm-article25866293.html\" rel=\"noreferrer\" target=\"_blank\">      <img decoding=\"async\" alt=\"fcd1ee0b507f995a99101983e8dbdacf.jpg\" src=\"https:\/\/www.n-tv.de\/img\/25866295-1751124663000\/17-6\/1136\/fcd1ee0b507f995a99101983e8dbdacf.jpg\"\/> <\/a> <\/figure>\n<p>   Politik  28.06.25    Wegen &quot;russischer Aggression&quot; Spahn: Deutschland braucht Zugriff auf Atomwaffen    <\/p>\n<p>Dazu sollen bestimmte dringliche Auftr\u00e4ge k\u00fcnftig nicht mehr EU-weit ausgeschrieben werden, sondern nur noch national. Auftr\u00e4ge sollen nach Ausschreibungen auch dann vergeben werden k\u00f6nnen, wenn ein unterlegener Bieter dagegen klagt. Bislang ist das anders, was Anschaffungen teilweise um Jahre verz\u00f6gert. Der Gesetzgeber kann zudem ein Vergabeverfahren einleiten, selbst wenn die Finanzierung noch nicht gesichert ist. Au\u00dferdem werden Dokumentationspflichten abgeschw\u00e4cht, um B\u00fcrokratieballast abzuwerfen.<\/p>\n<h2>Spahn will europ\u00e4ischen Atomschirm mit deutscher F\u00fchrung<\/h2>\n<p>Um Europa unabh\u00e4ngiger von den USA zu machen, forderte Unionsfraktionschef Jens Spahn einen europ\u00e4ischen Atomschutzschirm &#8211; mit einer F\u00fchrungsrolle Deutschlands. &quot;Ich wei\u00df, welche Abwehrreflexe sich jetzt sofort regen, aber ja: Wir sollten eine Debatte \u00fcber einen eigenst\u00e4ndigen europ\u00e4ischen nuklearen Schutzschirm f\u00fchren. Und das funktioniert nur mit deutscher F\u00fchrung&quot;, sagte er der &quot;Welt am Sonntag&quot;. Der CDU-Politiker antwortete auf die Frage, ob Deutschland Atommacht werden solle.<\/p>\n<figure> <a href=\"https:\/\/www.n-tv.de\/politik\/1200-Soldaten-bei-Militaeruebung-am-Rhein-im-Einsatz-article25865904.html\" rel=\"noreferrer\" target=\"_blank\">      <img decoding=\"async\" alt=\"533384588.jpg\" src=\"https:\/\/www.n-tv.de\/img\/25865898-1751100206000\/17-6\/1136\/533384588.jpg\"\/> <\/a> <\/figure>\n<p>   Politik  28.06.25    Vier L\u00e4nder bei &quot;Grand Crossing&quot; 1200 Soldaten bei Milit\u00e4r\u00fcbung am Rhein im Einsatz    <\/p>\n<p>Was konkret er damit meint, bleibt in dem Interview allerdings unklar. Merz hatte im Mai angek\u00fcndigt, mit den europ\u00e4ischen Atomm\u00e4chten Gro\u00dfbritannien und Frankreich Gespr\u00e4che \u00fcber eine gemeinsame atomare Abschreckung f\u00fchren zu wollen &#8211; als Erg\u00e4nzung zum atomaren Schutzschild der USA. Deutschland ist keine Atommacht, stellt aber im Rahmen der sogenannten nuklearen Teilhabe Kampfflugzeuge bereit, die im Verteidigungsfall mit in Deutschland lagernden US-Atombomben best\u00fcckt werden k\u00f6nnten.<\/p>\n<p>Quelle: ntv.de, jaz\/dpa<\/p>\n","protected":false},"excerpt":{"rendered":"<p>Politik Friedrich Merz betont bei seinem Besuch in Schwielowsee, dass mehr f\u00fcr die Sicherheit getan werden muss. Die Bundeswehr \u00f6ffnet bundesweit zehn Standorte f\u00fcr Interessierte und streicht einen neuen Besucherrekord<\/p>\n","protected":false},"author":1,"featured_media":0,"comment_status":"open","ping_status":"open","sticky":false,"template":"","format":"standard","meta":{"footnotes":""},"categories":[1],"tags":[],"class_list":["post-30059","post","type-post","status-publish","format-standard","hentry","category-nachrichten"],"_links":{"self":[{"href":"https:\/\/onlinetranslators.de\/news\/wp-json\/wp\/v2\/posts\/30059","targetHints":{"allow":["GET"]}}],"collection":[{"href":"https:\/\/onlinetranslators.de\/news\/wp-json\/wp\/v2\/posts"}],"about":[{"href":"https:\/\/onlinetranslators.de\/news\/wp-json\/wp\/v2\/types\/post"}],"author":[{"embeddable":true,"href":"https:\/\/onlinetranslators.de\/news\/wp-json\/wp\/v2\/users\/1"}],"replies":[{"embeddable":true,"href":"https:\/\/onlinetranslators.de\/news\/wp-json\/wp\/v2\/comments?post=30059"}],"version-history":[{"count":0,"href":"https:\/\/onlinetranslators.de\/news\/wp-json\/wp\/v2\/posts\/30059\/revisions"}],"wp:attachment":[{"href":"https:\/\/onlinetranslators.de\/news\/wp-json\/wp\/v2\/media?parent=30059"}],"wp:term":[{"taxonomy":"category","embeddable":true,"href":"https:\/\/onlinetranslators.de\/news\/wp-json\/wp\/v2\/categories?post=30059"},{"taxonomy":"post_tag","embeddable":true,"href":"https:\/\/onlinetranslators.de\/news\/wp-json\/wp\/v2\/tags?post=30059"}],"curies":[{"name":"wp","href":"https:\/\/api.w.org\/{rel}","templated":true}]}}