{"id":30056,"date":"2025-06-29T02:36:01","date_gmt":"2025-06-28T23:36:01","guid":{"rendered":"https:\/\/onlinetranslators.de\/news\/nachrichten\/spd-in-demokratischer-pflicht-spd-beschliest-auf-parteitag-vorgehen-zu-afd-verbot\/"},"modified":"2025-06-29T02:36:01","modified_gmt":"2025-06-28T23:36:01","slug":"spd-in-demokratischer-pflicht-spd-beschliest-auf-parteitag-vorgehen-zu-afd-verbot","status":"publish","type":"post","link":"https:\/\/onlinetranslators.de\/news\/nachrichten\/spd-in-demokratischer-pflicht-spd-beschliest-auf-parteitag-vorgehen-zu-afd-verbot\/","title":{"rendered":"&#8220;SPD\u00a0in demokratischer Pflicht&#8221;: SPD beschlie\u00dft auf Parteitag Vorgehen zu AfD-Verbot"},"content":{"rendered":"<p class=\"caps\">Politik         \t\t                   \t\t               \t\t                    <\/p>\n<figure> \t\t                       \t\t                        <img decoding=\"async\" alt=\"Zeigen die Sozialdemokraten heute der AfD die Rote Karte?\" src=\"https:\/\/www.n-tv.de\/img\/25866444-1751141075000\/16-9\/750\/imago417188361.jpg\"\/><figcaption>\n<p>Zeigen die Sozialdemokraten heute der AfD die Rote Karte?<\/p>\n<\/figcaption><\/figure>\n<p><strong>Die Gr\u00fcnen fordern seit einiger Zeit eine Pr\u00fcfung, ob die AfD verboten werden kann. Die SPD zieht heute wom\u00f6glich nach. Kritik an diesem Vorhaben kommt freilich von der selbsternannten Alternative f\u00fcr Deutschland und Sahra Wagenknecht.<\/strong><\/p>\n<p>Die SPD will die Debatte \u00fcber einen Verbotsantrag gegen die AfD vorantreiben. Zum Abschluss des Bundesparteitags in Berlin soll heute ein Antrag beschlossen werden, der sich f\u00fcr entsprechende Vorbereitungen einsetzt. Die Partei wird darin als &quot;klar rechtsextremistisch&quot; bezeichnet. Eine Bund-L\u00e4nder-Arbeitsgruppe soll mit der Sammlung von Materialien f\u00fcr ein Parteiverbot beginnen, wenn der Antrag angenommen wird. &quot;Jetzt ist die Zeit, dass die antragsberechtigten Verfassungsorgane die Voraussetzungen schaffen, um unverz\u00fcglich einen Antrag auf Feststellung der Verfassungswidrigkeit der AfD stellen zu k\u00f6nnen&quot;, hei\u00dft es darin. <\/p>\n<p>Die neue Parteichefin B\u00e4rbel Bas betonte bereits am Freitag: &quot;Wir sollten jetzt wirklich sehr z\u00fcgig kl\u00e4ren, ob ausreichend Material vorliegt, um die Verfassungswidrigkeit der AfD durch das Bundesverfassungsgericht pr\u00fcfen zu lassen.&quot; Wenn es diesen Nachweis gebe, &quot;dann sind wir als SPD in der demokratischen Pflicht, alle Anstrengungen zu unternehmen, damit ein Verbotsantrag stattfinden kann&quot;. <\/p>\n<figure> <a href=\"https:\/\/www.n-tv.de\/mediathek\/videos\/politik\/Bei-AfD-Verbot-und-Diktator-Trump-geht-es-rund-article25825319.html\" rel=\"noreferrer\" target=\"_blank\">      <img decoding=\"async\" alt=\"Blome-Talk.jpg\" src=\"https:\/\/www.n-tv.de\/img\/25825356-1749573771000\/16-9\/1136\/Blome-Talk.jpg\"\/>    38:29 min  <\/a> <\/figure>\n<p>   Politik  10.06.25    Neuer Polit-Talk mit Nikolaus Blome Bei AfD-Verbot und &quot;Diktator Trump&quot; geht es rund    <\/p>\n<p>SPD-Fraktionschef Matthias Miersch warnte mit Blick auf die St\u00e4rke von Union und AfD am Samstag auch davor, dass es im Bundestag theoretisch eine andere Mehrheit gebe, &quot;die Vieles, f\u00fcr das wir stehen, nicht teilen&quot;. Die Sozialdemokraten wollen gleichzeitig aktiv nach Wegen suchen, zur AfD abgewanderte W\u00e4hler zur\u00fcckzugewinnen.<\/p>\n<h2>Gr\u00fcne f\u00fcr Verbot, AfD f\u00fchlt sich best\u00e4rkt<\/h2>\n<p>Gr\u00fcnen-Chef Felix Banaszak zeigte sich in den Zeitungen der Funke Mediengruppe ebenfalls alarmiert. Man d\u00fcrfe nicht noch l\u00e4nger warten mit einem AfD-Verbotsverfahren. &quot;Die AfD hat sich in den vergangenen Jahren immer weiter radikalisiert und stellt eine reale Bedrohung f\u00fcr unsere freiheitliche Gesellschaft dar&quot;, sagte er. &quot;Deshalb ist ein Verbotsverfahren gegen die AfD nicht nur notwendig, sondern \u00fcberf\u00e4llig. Wir m\u00fcssen fr\u00fchzeitig handeln, bevor diese Partei weiter systematisch unsere Demokratie untergr\u00e4bt.&quot; Gleichzeitig d\u00fcrfe die inhaltliche Auseinandersetzung mit rechten Positionen nicht vernachl\u00e4ssigt werden, f\u00fcgte Banaszak hinzu.<\/p>\n<figure> <a href=\"https:\/\/www.n-tv.de\/mediathek\/videos\/politik\/Bei-AfD-Verbot-stellen-sich-zwei-zentrale-Fragen-article25764462.html\" rel=\"noreferrer\" target=\"_blank\">      <img decoding=\"async\" alt=\"afd-logo-hillje.jpg\" src=\"https:\/\/www.n-tv.de\/img\/25765116-1747156877000\/16-9\/1136\/afd-logo-hillje.jpg\"\/>    04:16 min  <\/a> <\/figure>\n<p>   Politik  13.05.25    Hillje fordert zweites Gutachten Bei AfD-Verbot &quot;stellen sich zwei zentrale Fragen&quot;    <\/p>\n<p>Nachdem am Dienstag das Verbot des rechtsextremen Magazins &quot;Compact&quot; vom Bundesverwaltungsgericht aufgehoben wurde, sieht sich die AfD best\u00e4rkt und keine Grundlage f\u00fcr ein Verbot ihrer Partei. &quot;Wir sehen uns darin best\u00e4tigt, dass wir durch und durch verfassungskonform sind&quot;, sagte der Brandenburger AfD-Landtagsfraktionschef Hans-Christoph Berndt. &quot;Und insofern gibt es keine Grundlage f\u00fcr ein AfD-Verbot.&quot;<\/p>\n<p>Sahra Wagenknecht pflichtete dem bei: Eine Debatte um ein AfD-Verbot st\u00e4rke letztlich nur jene Partei, erkl\u00e4rte die Vorsitzende des B\u00fcndnisses Sahra Wagenknecht. &quot;Der autorit\u00e4re Umbau von Staat und Gesellschaft, den auch Nancy Faeser und die gesamte Ampel vorangetrieben haben, muss gestoppt und der Meinungskorridor in Deutschland wieder erweitert werden!&quot;, teilte Wagenknecht mit. <\/p>\n<p>Quelle: ntv.de, mpa\/dpa\/AFP<\/p>\n","protected":false},"excerpt":{"rendered":"<p>Politik Zeigen die Sozialdemokraten heute der AfD die Rote Karte? Die Gr\u00fcnen fordern seit einiger Zeit eine Pr\u00fcfung, ob die AfD verboten werden kann. Die SPD zieht heute wom\u00f6glich nach.<\/p>\n","protected":false},"author":1,"featured_media":0,"comment_status":"open","ping_status":"open","sticky":false,"template":"","format":"standard","meta":{"footnotes":""},"categories":[1],"tags":[],"class_list":["post-30056","post","type-post","status-publish","format-standard","hentry","category-nachrichten"],"_links":{"self":[{"href":"https:\/\/onlinetranslators.de\/news\/wp-json\/wp\/v2\/posts\/30056","targetHints":{"allow":["GET"]}}],"collection":[{"href":"https:\/\/onlinetranslators.de\/news\/wp-json\/wp\/v2\/posts"}],"about":[{"href":"https:\/\/onlinetranslators.de\/news\/wp-json\/wp\/v2\/types\/post"}],"author":[{"embeddable":true,"href":"https:\/\/onlinetranslators.de\/news\/wp-json\/wp\/v2\/users\/1"}],"replies":[{"embeddable":true,"href":"https:\/\/onlinetranslators.de\/news\/wp-json\/wp\/v2\/comments?post=30056"}],"version-history":[{"count":0,"href":"https:\/\/onlinetranslators.de\/news\/wp-json\/wp\/v2\/posts\/30056\/revisions"}],"wp:attachment":[{"href":"https:\/\/onlinetranslators.de\/news\/wp-json\/wp\/v2\/media?parent=30056"}],"wp:term":[{"taxonomy":"category","embeddable":true,"href":"https:\/\/onlinetranslators.de\/news\/wp-json\/wp\/v2\/categories?post=30056"},{"taxonomy":"post_tag","embeddable":true,"href":"https:\/\/onlinetranslators.de\/news\/wp-json\/wp\/v2\/tags?post=30056"}],"curies":[{"name":"wp","href":"https:\/\/api.w.org\/{rel}","templated":true}]}}