{"id":29987,"date":"2025-06-18T04:06:01","date_gmt":"2025-06-18T01:06:01","guid":{"rendered":"https:\/\/onlinetranslators.de\/news\/nachrichten\/keine-grose-abschlusserklarung-diese-sieben-g7-vereinbarungen-hat-trump-abgesegnet\/"},"modified":"2025-06-18T04:06:01","modified_gmt":"2025-06-18T01:06:01","slug":"keine-grose-abschlusserklarung-diese-sieben-g7-vereinbarungen-hat-trump-abgesegnet","status":"publish","type":"post","link":"https:\/\/onlinetranslators.de\/news\/nachrichten\/keine-grose-abschlusserklarung-diese-sieben-g7-vereinbarungen-hat-trump-abgesegnet\/","title":{"rendered":"Keine gro\u00dfe Abschlusserkl\u00e4rung: Diese sieben G7-Vereinbarungen hat Trump abgesegnet"},"content":{"rendered":"<p class=\"caps\">Politik         \t\t                   \t\t               \t\t                    <\/p>\n<figure> \t\t                       \t\t                        <img decoding=\"async\" alt=\"Die Erwartungen an den Gipfel konnten kaum entt\u00e4uscht werden - sie waren wegen Trum\u00fcp\u00fc ohnehin nicht hoch. \" src=\"https:\/\/www.n-tv.de\/img\/25840920-1750207040000\/16-9\/750\/3bd7c50d92a7e83354e55f82b468a749.jpg\"\/><figcaption>\n<p>Die Erwartungen an den Gipfel konnten kaum entt\u00e4uscht werden &#8211; sie waren wegen Trum\u00fcp\u00fc ohnehin nicht hoch.<\/p>\n<\/figcaption><\/figure>\n<p><strong>\u00dcblicherweise enden G7-Gipfel mit einer gro\u00dfen gemeinsamen Abschlusserkl\u00e4rung. 2025 ist das anders, Donald Trump ist mit vielem nicht einverstanden, was die \u00fcbrigen Teilnehmer vereinbaren wollen. Bei einigen Themen stimmt er einer gemeinsamen Linie aber doch zu.<\/strong><\/p>\n<p>Weil US-Pr\u00e4sident Donald Trump bei Themen wie Klimaschutz, Freihandel und Ukraine-Hilfe keine Verpflichtungen eingehen will, gibt es vom diesj\u00e4hrigen G7-Gipfel der gro\u00dfen demokratischen Industriem\u00e4chte keine gro\u00dfe gemeinsame Abschlusserkl\u00e4rung. Um die Gruppe der Sieben (G7) nicht als v\u00f6llig handlungsunf\u00e4hig und zerstritten erscheinen zu lassen, bem\u00fchte sich die kanadische Pr\u00e4sidentschaft darum, zumindest zu ein paar einfacheren Punkten gemeinsame politische Leitlinien und Initiativen zu vereinbaren. In folgenden Bereichen spielte auch Trump mit:<\/p>\n<h2>Kampf gegen irregul\u00e4re Migration und Schleuser<\/h2>\n<p>Deutschland und die anderen G7-Staaten wollen verst\u00e4rkt gegen kriminelle Schleuserbanden vorgehen und dazu auch den Grenzschutz verbessern. In der Erkl\u00e4rung zum Thema hei\u00dft es, die Schleusung von Migranten stehe h\u00e4ufig in Verbindung mit anderen schweren Straftaten wie Geldw\u00e4sche, Korruption sowie Menschen- und Drogenhandel. Zudem seien die Migranten oftmals extremen und lebensbedrohlichen Risiken ausgesetzt &#8211; darunter k\u00f6rperlicher Misshandlung, sexualisierter und geschlechtsspezifischer Gewalt, Erpressung und Zwangsarbeit.<\/p>\n<figure> <a href=\"https:\/\/www.n-tv.de\/mediathek\/videos\/politik\/Merz-zu-Trumps-G7-Abreise-Alle-haben-Verstaendnis-article25840469.html\" rel=\"noreferrer\" target=\"_blank\">      <img decoding=\"async\" alt=\"Friedrich Merz.jpg\" src=\"https:\/\/www.n-tv.de\/img\/25840530-1750175307000\/16-9\/1136\/Friedrich-Merz.jpg\"\/>    07:59 min  <\/a> <\/figure>\n<p>   Politik  17.06.25    Bundeskanzler im Interview Merz zu Trumps G7-Abreise: &quot;Alle haben Verst\u00e4ndnis&quot;    <\/p>\n<p>Die neuen Anstrengungen sollen laut der Erkl\u00e4rung der Staats- und Regierungschefs auf einem im vergangenen Jahr vereinbarten G7-Aktionsplan aufbauen und von den zust\u00e4ndigen Ministern noch in diesem Jahr vorangetrieben werden. Konkret geht es demnach darum, die Jagd auf Schleuserbanden durch eine noch bessere \u00dcberwachung von Geldfl\u00fcssen und eine Zusammenarbeit mit Verkehrsunternehmen zu intensivieren. Ein weiterer Plan: Man will soziale Medien dazu bringen, kriminellen Gruppen keine Plattform f\u00fcr die Koordinierung und Durchf\u00fchrung von Schleuseroperationen zu bieten.<\/p>\n<p>Geplant ist dar\u00fcber hinaus auch, Sanktionen gegen kriminelle Akteure zu pr\u00fcfen, die in die Schleusung von Migranten und den Menschenhandel verwickelt sind &#8211; insbesondere dann, wenn diese Aktivit\u00e4ten von L\u00e4ndern wie zum Beispiel Belarus oder Russland staatlich gesteuert werden. Zur G7 geh\u00f6ren neben Deutschland, den USA und Kanada auch Frankreich, Gro\u00dfbritannien, Italien, Japan sowie die Europ\u00e4ische Union.<\/p>\n<h2>Kampf gegen Waldbr\u00e4nde<\/h2>\n<p>In der Erkl\u00e4rung zeigen sich die G7-Teilnehmer zutiefst besorgt \u00fcber die &quot;rekordverd\u00e4chtigen Waldbr\u00e4nde&quot; in den vergangenen zehn Jahren. Um das Ph\u00e4nomen in den Griff zu bekommen, soll es k\u00fcnftig eine verst\u00e4rkte globale Zusammenarbeit geben. Auf Druck der USA hin wird der Klimawandel als ein wichtiger Faktor allerdings nicht erw\u00e4hnt. Als m\u00f6gliche Pr\u00e4ventionsma\u00dfnahmen gegen neue Br\u00e4nde werden etwa eine nachhaltige Waldbewirtschaftung und ein kontrolliertes Abbrennen von W\u00e4ldern genannt.<\/p>\n<h2>Kampf gegen grenz\u00fcberschreitende Repression<\/h2>\n<p>Unter grenz\u00fcberschreitender Repression verstehen die G7-Staaten eine aggressive Form ausl\u00e4ndischer Einflussnahme, bei der Staaten oder deren Stellvertreter versuchen, Personen oder Gemeinschaften au\u00dferhalb ihrer Landesgrenzen einzusch\u00fcchtern und zu bedrohen. Ein Beispiel sind etwa Cyberattacken und Hetzkampagnen gegen Journalisten oder Menschenrechtler. Als Antwort will die G7 unter anderem Fr\u00fchwarnsysteme aufbauen und betroffene zivilgesellschaftliche Akteure st\u00e4rker unterst\u00fctzen.<\/p>\n<h2>Aktionsplan zu kritischen Mineralien<\/h2>\n<p>Mit einem neuen Aktionsplan f\u00fcr kritische Mineralien wollen die G7-Staaten ihre Abh\u00e4ngigkeit von autorit\u00e4ren Rohstoffm\u00e4chten wie China verringern und eigene Lieferketten f\u00fcr strategisch wichtige Rohstoffe wie Lithium, Kobalt oder seltene Erden absichern. Wichtig ist dies, weil kritische Mineralien f\u00fcr ein breites Spektrum von Technologien f\u00fcr den Klimaschutz, aber auch in Bereichen wie Digitales, Weltraum und Verteidigung unverzichtbar sind.<\/p>\n<figure> <a href=\"https:\/\/www.n-tv.de\/politik\/Trump-Offentlichkeitsheischender-Macron-versteht-immer-alles-falsch-article25838821.html\" rel=\"noreferrer\" target=\"_blank\">      <img decoding=\"async\" alt=\"2025-06-17T051021Z_1855858818_RC234FARGBWM_RTRMADP_3_G7-SUMMIT-TRUMP.JPG\" src=\"https:\/\/www.n-tv.de\/img\/25838837-1750139811000\/17-6\/1136\/2025-06-17T051021Z-1855858818-RC234FARGBWM-RTRMADP-3-G7-SUMMIT-TRUMP.jpg\"\/> <\/a> <\/figure>\n<p>   Politik  17.06.25    Warum reist der US-Pr\u00e4sident ab? Trump: &quot;\u00d6ffentlichkeitsheischender Macron versteht immer alles falsch&quot;    <\/p>\n<p>Der Plan sieht vor, Investitionen zu erleichtern und Partnerschaften mit zuverl\u00e4ssigen rohstoffreichen L\u00e4ndern zu st\u00e4rken. Zudem setzt die G7 auf technologische L\u00f6sungen und internationale Zusammenarbeit, um durch Kreislaufwirtschaft und Innovation die Wettbewerbsf\u00e4higkeit in diesem geopolitisch sensiblen Bereich zu sichern.<\/p>\n<h2>Erkl\u00e4rung zur K\u00fcnstlichen Intelligenz (KI)<\/h2>\n<p>Die G7-Staaten wollen beim Einsatz von K\u00fcnstlicher Intelligenz eine Vorreiterrolle einnehmen &#8211; nicht nur f\u00fcr wirtschaftliches Wachstum, sondern auch f\u00fcr gesellschaftlichen Nutzen. In der Erkl\u00e4rung zum Thema betonen sie einen verantwortungsvollen, menschenzentrierten Umgang mit KI, der Innovation f\u00f6rdert, Arbeitspl\u00e4tze sichert und internationale Gerechtigkeit st\u00e4rkt.<\/p>\n<p>Im Zentrum steht die F\u00f6rderung von kleinen und mittleren Unternehmen, die mit konkreten Programmen und internationaler Zusammenarbeit beim Zugang zu KI-Technologien unterst\u00fctzt werden sollen. Gleichzeitig strebt die G7 eine engere Verzahnung von KI mit \u00f6ffentlichen Dienstleistungen, Energiesystemen und globalen Entwicklungszielen an.<\/p>\n<h2>Gemeinsame Vision f\u00fcr die Zukunft von Quantentechnologien<\/h2>\n<p>Sogenannte Quantentechnologien erm\u00f6glichen zum Beispiel superschnelle Computer, abh\u00f6rsichere Kommunikationskan\u00e4le und eine schnellere und pr\u00e4zisiere Erkennung von Krankheiten. Um das Innovationspotenzial auszusch\u00f6pfen, wollen die G7-Staaten laut ihrer Erkl\u00e4rung zum Thema Forschung und Kommerzialisierung vorantreiben, den Technologietransfer erleichtern und die Ausbildung von Fachkr\u00e4ften f\u00f6rdern.<\/p>\n<figure> <a href=\"https:\/\/www.n-tv.de\/politik\/Carney-und-Trump-naehren-Hoffnung-auf-Einigung-im-Zollstreit-article25838686.html\" rel=\"noreferrer\" target=\"_blank\">      <img decoding=\"async\" alt=\"531573680.jpg\" src=\"https:\/\/www.n-tv.de\/img\/25838690-1750134303000\/17-6\/1136\/531573680.jpg\"\/> <\/a> <\/figure>\n<p>   Politik  17.06.25    Vers\u00f6hnliche Gespr\u00e4che bei G7 Carney und Trump n\u00e4hren Hoffnung auf Einigung im Zollstreit    <\/p>\n<h2>Israel und der Iran<\/h2>\n<p>Die einzige au\u00dfenpolitische Erkl\u00e4rung, die beim G7-Gipfel vereinbart werden konnte, bezieht sich auf den Krieg zwischen Israel und dem Iran. In dem kurzen Text wird der Iran als &quot;die Hauptquelle regionaler Instabilit\u00e4t und des Terrors&quot; bezeichnet und Israels Recht auf Selbstverteidigung betont. Weiter erkl\u00e4ren die Staats- und Regierungschefs der G7, man habe stets unmissverst\u00e4ndlich klargestellt, dass der Iran niemals in den Besitz einer Atomwaffe gelangen d\u00fcrfe.<\/p>\n<p>Direkte Kritik am israelischen Vorgehen gegen den Iran findet sich in der bereits am ersten Gipfeltag angenommenen Erkl\u00e4rung nicht. Es wird lediglich die Bedeutung des Schutzes der Zivilbev\u00f6lkerung in dem Konflikt betont und gefordert, dass die L\u00f6sung der Iran-Krise zu einer umfassenderen Deeskalation der Feindseligkeiten im Nahen Osten f\u00fchren sollte &#8211; einschlie\u00dflich eines Waffenstillstands im Gazastreifen.<\/p>\n<p>Quelle: ntv.de, ino\/dpa<\/p>\n","protected":false},"excerpt":{"rendered":"<p>Politik Die Erwartungen an den Gipfel konnten kaum entt\u00e4uscht werden &#8211; sie waren wegen Trum\u00fcp\u00fc ohnehin nicht hoch. \u00dcblicherweise enden G7-Gipfel mit einer gro\u00dfen gemeinsamen Abschlusserkl\u00e4rung. 2025 ist das anders,<\/p>\n","protected":false},"author":1,"featured_media":0,"comment_status":"open","ping_status":"open","sticky":false,"template":"","format":"standard","meta":{"footnotes":""},"categories":[1],"tags":[],"class_list":["post-29987","post","type-post","status-publish","format-standard","hentry","category-nachrichten"],"_links":{"self":[{"href":"https:\/\/onlinetranslators.de\/news\/wp-json\/wp\/v2\/posts\/29987","targetHints":{"allow":["GET"]}}],"collection":[{"href":"https:\/\/onlinetranslators.de\/news\/wp-json\/wp\/v2\/posts"}],"about":[{"href":"https:\/\/onlinetranslators.de\/news\/wp-json\/wp\/v2\/types\/post"}],"author":[{"embeddable":true,"href":"https:\/\/onlinetranslators.de\/news\/wp-json\/wp\/v2\/users\/1"}],"replies":[{"embeddable":true,"href":"https:\/\/onlinetranslators.de\/news\/wp-json\/wp\/v2\/comments?post=29987"}],"version-history":[{"count":0,"href":"https:\/\/onlinetranslators.de\/news\/wp-json\/wp\/v2\/posts\/29987\/revisions"}],"wp:attachment":[{"href":"https:\/\/onlinetranslators.de\/news\/wp-json\/wp\/v2\/media?parent=29987"}],"wp:term":[{"taxonomy":"category","embeddable":true,"href":"https:\/\/onlinetranslators.de\/news\/wp-json\/wp\/v2\/categories?post=29987"},{"taxonomy":"post_tag","embeddable":true,"href":"https:\/\/onlinetranslators.de\/news\/wp-json\/wp\/v2\/tags?post=29987"}],"curies":[{"name":"wp","href":"https:\/\/api.w.org\/{rel}","templated":true}]}}