{"id":29822,"date":"2025-05-22T17:06:29","date_gmt":"2025-05-22T14:06:29","guid":{"rendered":"https:\/\/onlinetranslators.de\/news\/nachrichten\/madchen-gestanden-mord-zivilprozess-im-fall-luise-beginnt-im-juli\/"},"modified":"2025-05-22T17:06:29","modified_gmt":"2025-05-22T14:06:29","slug":"madchen-gestanden-mord-zivilprozess-im-fall-luise-beginnt-im-juli","status":"publish","type":"post","link":"https:\/\/onlinetranslators.de\/news\/nachrichten\/madchen-gestanden-mord-zivilprozess-im-fall-luise-beginnt-im-juli\/","title":{"rendered":"M\u00e4dchen gestanden Mord: Zivilprozess im Fall Luise beginnt im Juli"},"content":{"rendered":"<p class=\"caps\">Panorama         \t\t                   \t\t               \t\t                    <\/p>\n<figure> \t\t                       \t\t                        <img decoding=\"async\" alt=\"Die Eltern und eine weitere Angeh\u00f6rige der get\u00f6teten Luise fordern 180.000 Euro Schmerzensgeld. \" src=\"https:\/\/www.n-tv.de\/img\/25786529-1747917756000\/16-9\/750\/d07ce2f27aae99703983fefe93c8289e.jpg\"\/><figcaption>\n<p>Die Eltern und eine weitere Angeh\u00f6rige der get\u00f6teten Luise fordern 180.000 Euro Schmerzensgeld.<\/p>\n<\/figcaption><\/figure>\n<p><strong>\u00dcber zwei Jahre ist es her, dass zwei M\u00e4dchen die zw\u00f6lfj\u00e4hrige Luise aus Freudenberg get\u00f6tet haben. Aufgrund ihres Alters zur Tatzeit k\u00f6nnen sie nicht strafrechtlich belangt werden. Luises Angeh\u00f6rige wollen trotzdem vor Gericht ziehen. <\/strong><\/p>\n<p>Mehr als zwei Jahre nach dem gewaltsamen Tod der zw\u00f6lfj\u00e4hrigen Luise im nordrhein-westf\u00e4lischen Freudenberg wird der Fall in einem Zivilverfahren am Landgericht Koblenz verhandelt. Ein erster Termin zur G\u00fcteverhandlung sei auf den 24. Juli gesetzt worden, teilte ein Sprecher mit. <\/p>\n<p>Bei einer sogenannten G\u00fcteverhandlung wird gepr\u00fcft, ob die beiden Konfliktparteien vor einer m\u00fcndlichen Verhandlung zu einer Einigung kommen. Zwei M\u00e4dchen im Alter von damals 12 und 13 Jahren hatten gestanden, Luise am 11. M\u00e4rz 2023 erstochen zu haben. Das M\u00e4dchen wurde einige Kilometer entfernt von ihrem Zuhause in einem Waldst\u00fcck an der Grenze zu NRW in Rheinland-Pfalz gefunden. <\/p>\n<figure> <a href=\"https:\/\/www.n-tv.de\/panorama\/Angehoerige-von-Luise-klagen-auf-Schmerzensgeld-article24784156.html\" rel=\"noreferrer\" target=\"_blank\">      <img decoding=\"async\" alt=\"51760a5b5c96fad189707e76e3c681de.jpg\" src=\"https:\/\/www.n-tv.de\/img\/24784190-1709647229000\/17-6\/1136\/51760a5b5c96fad189707e76e3c681de.jpg\"\/> <\/a> <\/figure>\n<p>   Panorama  05.03.24    M\u00e4dchen erstachen Zw\u00f6lfj\u00e4hrige Angeh\u00f6rige von Luise klagen auf Schmerzensgeld    <\/p>\n<p>Die brutale Tat, das junge Opfer und das kindliche &#8211; damit strafunm\u00fcndige &#8211; Alter der T\u00e4terinnen hatten bundesweit schockiert. Einen Strafprozess gibt es nicht, die Ermittlungen waren im September eingestellt worden. Umso mehr Aufmerksamkeit d\u00fcrfte der Zivilprozess dadurch nun erlangen. Bislang hatte das Gericht noch auf Gutachten gewartet. <\/p>\n<p>Die Eltern und eine weitere Angeh\u00f6rige von Luise wollen durch das Verfahren laut Gericht unter anderem Anspr\u00fcche auf Schmerzensgeld durchsetzen. Der Streitwert liegt laut Gerichtssprecher bei 180.000 Euro. Bislang waren von 160.000 Euro die Rede &#8211; hinzugekommen seien noch Beerdigungskosten. <\/p>\n<p>Quelle: ntv.de, lar\/dpa<\/p>\n","protected":false},"excerpt":{"rendered":"<p>Panorama Die Eltern und eine weitere Angeh\u00f6rige der get\u00f6teten Luise fordern 180.000 Euro Schmerzensgeld. \u00dcber zwei Jahre ist es her, dass zwei M\u00e4dchen die zw\u00f6lfj\u00e4hrige Luise aus Freudenberg get\u00f6tet haben.<\/p>\n","protected":false},"author":1,"featured_media":0,"comment_status":"open","ping_status":"open","sticky":false,"template":"","format":"standard","meta":{"footnotes":""},"categories":[1],"tags":[],"class_list":["post-29822","post","type-post","status-publish","format-standard","hentry","category-nachrichten"],"_links":{"self":[{"href":"https:\/\/onlinetranslators.de\/news\/wp-json\/wp\/v2\/posts\/29822","targetHints":{"allow":["GET"]}}],"collection":[{"href":"https:\/\/onlinetranslators.de\/news\/wp-json\/wp\/v2\/posts"}],"about":[{"href":"https:\/\/onlinetranslators.de\/news\/wp-json\/wp\/v2\/types\/post"}],"author":[{"embeddable":true,"href":"https:\/\/onlinetranslators.de\/news\/wp-json\/wp\/v2\/users\/1"}],"replies":[{"embeddable":true,"href":"https:\/\/onlinetranslators.de\/news\/wp-json\/wp\/v2\/comments?post=29822"}],"version-history":[{"count":0,"href":"https:\/\/onlinetranslators.de\/news\/wp-json\/wp\/v2\/posts\/29822\/revisions"}],"wp:attachment":[{"href":"https:\/\/onlinetranslators.de\/news\/wp-json\/wp\/v2\/media?parent=29822"}],"wp:term":[{"taxonomy":"category","embeddable":true,"href":"https:\/\/onlinetranslators.de\/news\/wp-json\/wp\/v2\/categories?post=29822"},{"taxonomy":"post_tag","embeddable":true,"href":"https:\/\/onlinetranslators.de\/news\/wp-json\/wp\/v2\/tags?post=29822"}],"curies":[{"name":"wp","href":"https:\/\/api.w.org\/{rel}","templated":true}]}}