{"id":29206,"date":"2025-02-15T15:16:58","date_gmt":"2025-02-15T12:16:58","guid":{"rendered":"https:\/\/onlinetranslators.de\/news\/nachrichten\/gewissensfrage-paragraf-218-warum-blockieren-sie-die-legalisierung-von-abtreibungen-christian-lindner\/"},"modified":"2025-02-15T15:16:58","modified_gmt":"2025-02-15T12:16:58","slug":"gewissensfrage-paragraf-218-warum-blockieren-sie-die-legalisierung-von-abtreibungen-christian-lindner","status":"publish","type":"post","link":"https:\/\/onlinetranslators.de\/news\/nachrichten\/gewissensfrage-paragraf-218-warum-blockieren-sie-die-legalisierung-von-abtreibungen-christian-lindner\/","title":{"rendered":"Gewissensfrage &#8220;Paragraf 218&#8221;: Warum blockieren Sie die Legalisierung von Abtreibungen, Christian Lindner?"},"content":{"rendered":"<p>Politik         \t\t                   \t\t               \t\t                    <\/p>\n<figure> \t\t                       \t\t                        <img decoding=\"async\" alt=\"FDP-Chef Lindner im &quot;ntv Salon&quot;: Neben Abtreibungen ging es auch um die AfD, Bildung, Klimaschutz und die Farbe des ersten Kinderzimmers.\" src=\"https:\/\/www.n-tv.de\/img\/25563324-1739528891000\/16-9\/750\/Lindner-B19-14.jpg\"\/><figcaption>\n<p>FDP-Chef Lindner im &quot;ntv Salon&quot;: Neben Abtreibungen ging es auch um die AfD, Bildung, Klimaschutz und die Farbe des ersten Kinderzimmers.<\/p>\n<\/figcaption><\/figure>\n<p>Losgel\u00f6st vom Fraktionszwang streben Hunderte Bundestagsabgeordnete eine Neuregelung von Paragraf 218 des Strafgesetzbuches an. Lediglich Union und AfD stellen sich geschlossen gegen die Entkriminalisierung von Schwangerschaftsabbr\u00fcchen. Doch Anfang der Woche scheitert das Vorhaben am Widerstand der FDP. Im &quot;ntv Salon&quot; erkl\u00e4rt Parteichef Lindner, was osteurop\u00e4ische Mehrheitsverh\u00e4ltnisse damit zu tun haben &#8211; und welches Vorgehen er sich w\u00fcnscht.<\/p>\n<p>ntv.de: Die FDP ist die Freiheitspartei. Der Paragraf 218 ist f\u00fcr viele Frauen ein Freiheitsthema. Viele w\u00fcnschen sich, dass Schwangerschaftsabbr\u00fcche entkriminalisiert werden. Warum wehren Sie sich dagegen?<\/p>\n<p>Christian Lindner: Wir wehren uns \u00fcberhaupt nicht dagegen.<\/p>\n<figure> <a href=\"https:\/\/www.n-tv.de\/politik\/politik_kommentare\/Lasst-die-Kettensaege-fallen-Paragraf-218-muss-weg-article25409446.html\" rel=\"noreferrer\" target=\"_blank\">      <img decoding=\"async\" alt=\"457071964.jpg\" src=\"https:\/\/www.n-tv.de\/img\/25409464-1733314982000\/17-6\/1136\/457071964.jpg\"\/> <\/a> <\/figure>\n<p>   Kommentare  05.12.24    Abtreibungsreform im Bundestag Lasst die Kettens\u00e4ge fallen &#8211; Paragraf 218 muss weg!    <\/p>\n<p>Sie haben gesagt: Es gibt einen Konsens. Den m\u00fcssen wir beibehalten. Wir fassen das nicht an.<\/p>\n<p>Die Lage ist anders. Wir haben Paragraf 219a abgeschafft und damit Medizinern die \u00f6ffentliche Information \u00fcber legalen Schwangerschaftsabbruch erlaubt.<\/p>\n<p>Daf\u00fcr haben Sie sehr viele FDP-Anh\u00e4nger gefeiert.<\/p>\n<p>Richtig. 218 ist aber eine ethische Frage. Ethische Fragen werden im Deutschen Bundestag in der Regel mit einer intensiven, auch fraktions\u00fcbergreifenden Debatte besprochen und gel\u00f6st.<\/p>\n<p>Die gab es \u00fcber Jahre. Es gab eine Expertenkommission, diverse Aussch\u00fcsse \u2026<\/p>\n<p>Es gab die Expertenkommission, aber die Debatte so nicht. Aus dem Grund ist meine Fraktion der Meinung, und ich auch: Man sollte es nicht \u00fcbers Knie brechen. Aber ich mache Ihnen ein Zugest\u00e4ndnis.<\/p>\n<p>Gro\u00dfz\u00fcgig.<\/p>\n<p>Darum geht es mir nicht. Wir sind uns dar\u00fcber im Klaren, dass insbesondere die Union Paragraf 218 nicht abschaffen, sondern am Status quo festhalten m\u00f6chte. Meine Fraktion ist sicherlich wesentlich ver\u00e4nderungsbereiter. Das ist gewiss kein Geheimnis. Deshalb sollte im n\u00e4chsten Koalitionsvertrag eine Bestimmung aufgenommen werden, dass die m\u00f6gliche Abschaffung von Paragraf 218 von der Koalitionsdisziplin ausgenommen wird. Diese Frage sollte man ausdr\u00fccklich als medizinethische Frage und als eine der Emanzipation besprechen &#8211; ohne Fixierung auf Koalitionsbeschl\u00fcsse, im Wege von Gruppeninitiativen. Dann bleibt Raum f\u00fcr eine entsprechende Parlamentsmehrheit.<\/p>\n<figure> <a href=\"https:\/\/www.n-tv.de\/politik\/Christian-Lindner-Die-Farbe-des-Kinderzimmers-laesst-krasseste-Rueckschluesse-auf-das-Geschlecht-unseres-Babys-zu-article25557577.html\" rel=\"noreferrer\" target=\"_blank\">      <img decoding=\"async\" alt=\"Lindner_B19-16.jpg\" src=\"https:\/\/www.n-tv.de\/img\/25557591-1739426142000\/17-6\/1136\/Lindner-B19-16.jpg\"\/> <\/a> <\/figure>\n<p>   Politik  12.02.25    Lindner blockt nur eine Frage ab &quot;Die Farbe des Kinderzimmers l\u00e4sst krasseste R\u00fcckschl\u00fcsse zu&quot;    <\/p>\n<p>Aktuell sieht es aber nicht so aus, als w\u00fcrde es im n\u00e4chsten Bundestag noch eine Mehrheit f\u00fcr die Abschaffung geben. Die Union wird wahrscheinlich deutlich st\u00e4rker werden, die AfD auch. Viele sagen, der aktuelle Bundestag war die letzte Chance f\u00fcr eine \u00c4nderung. Haben Sie nicht eine Chance verpasst, mit dieser Frage auch Stimmen von W\u00e4hlern und vor allem W\u00e4hlerinnen zu gewinnen?<\/p>\n<p>Wenn Ihre Prognose zutrifft und nur der aktuelle Bundestag eine Mehrheit f\u00fcr diese Frage hat, w\u00fcrde doch aber die Gefahr bestehen, dass der n\u00e4chste Bundestag die Einigung einfach wieder zur\u00fcckdreht. Genau das m\u00f6chte ich nicht. Ich m\u00f6chte keine Entscheidungen, die mit einer Zufallsmehrheit im 20. Deutschen Bundestag beschlossen und im n\u00e4chsten Bundestag sofort wieder zur\u00fcckgedreht wird. Deshalb hat es sich bew\u00e4hrt, sehr lange und sehr intensiv fraktions\u00fcbergreifend zu sprechen und einen gesellschaftlichen Konsens herzustellen, den aus Respekt vor der intensiven Debatte niemand mehr wagt, aufzumachen.<\/p>\n<p>Mit diesem Argument l\u00e4sst sich doch aber alles \u00e4ndern.<\/p>\n<p>Gerade bei solchen Fragen darf man die Gesellschaft nicht immer weiter auseinandertreiben, sondern muss einen Konsens herstellen, der l\u00e4ngere Zeit tr\u00e4gt. Wir haben in Osteuropa gesehen, dass eine Ver\u00e4nderung der politischen Mehrheitsverh\u00e4ltnisse dramatische Ver\u00e4nderungen der Gesellschaftspolitik verursachen kann. Bedauerlicherweise ebenso in den USA. Deshalb bin ich bei dieser Frage vorsichtig. Auch wenn ich Ihrer Auffassung zuneigen w\u00fcrde, bin ich beim Verfahren der Meinung: Wir sollten uns Zeit nehmen. Der n\u00e4chste Deutsche Bundestag wird das sicherlich weise voranbringen.<\/p>\n<figure> <a href=\"https:\/\/www.n-tv.de\/mediathek\/videos\/politik\/Dann-gehen-Sie-doch-nach-Venezuela--article25559574.html\" rel=\"noreferrer\" target=\"_blank\">      <img decoding=\"async\" alt=\"LindnerHabeck.jpg\" src=\"https:\/\/www.n-tv.de\/img\/25560922-1739454696000\/16-9\/1136\/LindnerHabeck.jpg\"\/>    02:38 min  <\/a> <\/figure>\n<p>   Politik  12.02.25    Was Christian Lindner triggert &quot;Dann gehen Sie doch nach Venezuela!&quot;    <\/p>\n<p>Sind Sie denn pers\u00f6nlich der Meinung, dass Schwangerschaftsabbr\u00fcche entkriminalisiert werden sollten?<\/p>\n<p>Das w\u00fcrde ich gerne im Zuge so einer Diskussion im n\u00e4chsten Bundestag besprechen. Das Thema ist enorm wichtig. Es betrifft allerdings nicht nur Paragraf 218, sondern auch: Haben wir eigentlich genug Frauen\u00e4rztinnen und Frauen\u00e4rzte \u00fcberall in Deutschland, die einen Schwangerschaftsabbruch vornehmen k\u00f6nnen? Haben wir an vielen Stellen n\u00e4mlich nicht, &#8230;<\/p>\n<p>Die fehlen doch gerade wegen dieses Paragrafen.<\/p>\n<p>\u2026 auch im l\u00e4ndlichen Raum in Bayern beispielsweise. Und wie sieht es mit der Finanzierung des Schwangerschaftsabbruchs aus? Der Kosten\u00fcbernahme? Es gibt viele Fragen, die f\u00fcr die Lebenswirklichkeit von Frauen in dieser Konfliktsituation von gro\u00dfer Bedeutung sind. Das nur eng zu schn\u00fcren auf das Strafgesetzbuch, wird der Frage nicht gerecht. Ich biete Ihnen gerne an: Fortsetzung folgt. Wir werden intensiv an das Thema herangehen. Die n\u00e4chste Legislaturperiode beginnt in wenigen Tagen. Insofern muss sich niemand lange gedulden, bis es wieder aufgenommen wird.<\/p>\n<p>Wir freuen uns auf den Gesetzesvorschlag der FDP dazu.<\/p>\n<p>Es wird ein Gruppenantrag!<\/p>\n<p>Mit Christian Lindner sprachen Clara Pfeffer und Tilman Aretz. Das Gespr\u00e4ch wurde zur besseren Verst\u00e4ndlichkeit gek\u00fcrzt und gegl\u00e4ttet. Das vollst\u00e4ndige Gespr\u00e4ch k\u00f6nnen Sie sich hier als Podcast anh\u00f6ren oder hier anschauen.<\/p>\n<p>Quelle: ntv.de<\/p>\n","protected":false},"excerpt":{"rendered":"<p>Politik FDP-Chef Lindner im &quot;ntv Salon&quot;: Neben Abtreibungen ging es auch um die AfD, Bildung, Klimaschutz und die Farbe des ersten Kinderzimmers. Losgel\u00f6st vom Fraktionszwang streben Hunderte Bundestagsabgeordnete eine Neuregelung von Paragraf 218 des Strafgesetzbuches an. Lediglich Union und AfD stellen sich geschlossen gegen die Entkriminalisierung von Schwangerschaftsabbr\u00fcchen. Doch Anfang der Woche scheitert das Vorhaben [&hellip;]<\/p>\n","protected":false},"author":1,"featured_media":0,"comment_status":"open","ping_status":"open","sticky":false,"template":"","format":"standard","meta":{"footnotes":""},"categories":[1],"tags":[],"class_list":["post-29206","post","type-post","status-publish","format-standard","category-nachrichten"],"_links":{"self":[{"href":"https:\/\/onlinetranslators.de\/news\/wp-json\/wp\/v2\/posts\/29206","targetHints":{"allow":["GET"]}}],"collection":[{"href":"https:\/\/onlinetranslators.de\/news\/wp-json\/wp\/v2\/posts"}],"about":[{"href":"https:\/\/onlinetranslators.de\/news\/wp-json\/wp\/v2\/types\/post"}],"author":[{"embeddable":true,"href":"https:\/\/onlinetranslators.de\/news\/wp-json\/wp\/v2\/users\/1"}],"replies":[{"embeddable":true,"href":"https:\/\/onlinetranslators.de\/news\/wp-json\/wp\/v2\/comments?post=29206"}],"version-history":[{"count":0,"href":"https:\/\/onlinetranslators.de\/news\/wp-json\/wp\/v2\/posts\/29206\/revisions"}],"wp:attachment":[{"href":"https:\/\/onlinetranslators.de\/news\/wp-json\/wp\/v2\/media?parent=29206"}],"wp:term":[{"taxonomy":"category","embeddable":true,"href":"https:\/\/onlinetranslators.de\/news\/wp-json\/wp\/v2\/categories?post=29206"},{"taxonomy":"post_tag","embeddable":true,"href":"https:\/\/onlinetranslators.de\/news\/wp-json\/wp\/v2\/tags?post=29206"}],"curies":[{"name":"wp","href":"https:\/\/api.w.org\/{rel}","templated":true}]}}