{"id":28958,"date":"2025-01-11T14:36:00","date_gmt":"2025-01-11T11:36:00","guid":{"rendered":"https:\/\/onlinetranslators.de\/news\/nachrichten\/aufgeheizte-stimmung-in-sachsen-pyrotechnik-und-blockaden-afd-gegner-zogern-start-des-parteitags-hinaus\/"},"modified":"2025-01-11T14:36:00","modified_gmt":"2025-01-11T11:36:00","slug":"aufgeheizte-stimmung-in-sachsen-pyrotechnik-und-blockaden-afd-gegner-zogern-start-des-parteitags-hinaus","status":"publish","type":"post","link":"https:\/\/onlinetranslators.de\/news\/nachrichten\/aufgeheizte-stimmung-in-sachsen-pyrotechnik-und-blockaden-afd-gegner-zogern-start-des-parteitags-hinaus\/","title":{"rendered":"Aufgeheizte Stimmung in Sachsen: Pyrotechnik und Blockaden &#8211; AfD-Gegner z\u00f6gern Start des Parteitags hinaus"},"content":{"rendered":"<p class=\"caps\">Politik         \t\t                   \t\t               \t\t                    <\/p>\n<figure> \t\t                       \t\t                        <img decoding=\"async\" alt=\"Die Lage war schon am fr\u00fchen Morgen angespannt.\" src=\"https:\/\/www.n-tv.de\/img\/25482111-1736594549000\/16-9\/750\/1083bf94d1649f1c52c2410dfced1c47.jpg\"\/><figcaption>\n<p>Die Lage war schon am fr\u00fchen Morgen angespannt.<\/p>\n<\/figcaption><\/figure>\n<p><strong>In Riesa will die AfD erstmals eine Kanzlerkandidatin k\u00fcren und ihr Wahlprogramm beschlie\u00dfen. Schon vor Beginn des Parteitags ist die Lage angespannt und die Polizei mit einem Gro\u00dfaufgebot vor Ort. Parteichefin Weidel wird trotzdem bei der Anreise behindert.<\/strong><\/p>\n<p>Der Bundesparteitag der AfD im s\u00e4chsischen Riesa hat am Morgen nicht zur vorgesehenen Zeit begonnen. Grund daf\u00fcr sind Proteste von Gegnern der Partei auf mehreren Zufahrtsstra\u00dfen. Um 10 Uhr war erst ein Bruchteil der rund 600 Delegierten am Veranstaltungsort eingetroffen. Nach Angaben aus Parteikreisen wurde auch die Parteivorsitzende Alice Weidel aufgehalten. Das zweit\u00e4gige Treffen startete schlie\u00dflich mit mehr als zwei Stunden Versp\u00e4tung erst um kurz nach 12 Uhr.<\/p>\n<figure> <a href=\"https:\/\/www.n-tv.de\/mediathek\/videos\/politik\/AfD-wird-darauf-hoffen-dass-Proteste-radikal-werden-article25481892.html\" rel=\"noreferrer\" target=\"_blank\">      <img decoding=\"async\" alt=\"lucke.JPG\" src=\"https:\/\/www.n-tv.de\/img\/25481926-1736583885000\/16-9\/1136\/lucke.jpg\"\/>    04:35 min  <\/a> <\/figure>\n<p>   Politik  11.01.25    Von Lucke zu Parteitag in Riesa &quot;AfD wird darauf hoffen, dass Proteste radikal werden&quot;    <\/p>\n<p>Die Lage war zeitweise angespannt. An einer Kreuzung zur Auffahrt der B169 an der Rostocker Stra\u00dfe r\u00e4umte die Polizei eine Sitzblockade teilweise. Auch Reizgas wurde eingesetzt, um eingekesselte Polizeiwagen herauszufahren. Demonstranten hatten die Reifenventile mehrerer Polizeiwagen herausgedreht und die Einsatzwagen nach Reporterangaben mit Aufklebern beklebt. Am Rande eines weiteren Protestzuges flog Pyrotechnik in Richtung der Polizei.<\/p>\n<p>Den Organisatoren zufolge kamen Menschen aus rund 70 St\u00e4dten in mehr als 100 Bussen in die Elbestadt. Die Organisatoren sprachen von 12.000 Demonstranten, die Polizei ging von rund 10.000 im gesamten Stadtgebiet aus. Die Polizei rechnet auch mit gewaltbereiten Demonstranten und hat in der Stadt einen Kontrollbereich eingerichtet. <\/p>\n<figure> <a href=\"https:\/\/www.n-tv.de\/mediathek\/videos\/politik\/Rangeleien-weil-Polizei-sehr-hart-die-Wege-absichert-article25482036.html\" rel=\"noreferrer\" target=\"_blank\">      <img decoding=\"async\" alt=\"graf.JPG\" src=\"https:\/\/www.n-tv.de\/img\/25482094-1736593787000\/16-9\/1136\/graf.jpg\"\/>    04:38 min  <\/a> <\/figure>\n<p>   Politik  11.01.25    Proteste bei AfD-Parteitag in Riesa &quot;Rangeleien, weil Polizei sehr hart die Wege absichert&quot;    <\/p>\n<p>Die Polizei ist mit einem Gro\u00dfaufgebot vor Ort, auch Wasserwerfer sind in Position, \u00fcber der Stadt kreiste ein Helikopter. Nach Angaben der Polizei hatte es bereits bei der Anreise am Morgen vereinzelt Versuche gegeben, Absperrungen zu durchbrechen. Die Demonstranten wollten unter anderem die Zufahrtsstra\u00dfen und die Eing\u00e4nge der Tagungsst\u00e4tte &#8211; der WT Energiesysteme Arena &#8211; versperren. Die Zug\u00e4nge waren durch Absperrgitter und Polizei abgeriegelt.<\/p>\n<h2>Das Programm: Euro-Ausstieg und harte Linie bei Migration<\/h2>\n<p>In der Halle will die AfD Parteichefin Alice Weidel offiziell zur Kanzlerkandidatin k\u00fcren und ihr Wahlprogramm beschlie\u00dfen. Zu dem Antragsentwurf des Vorstands liegen zahlreiche \u00c4nderungsantr\u00e4ge vor, die f\u00fcr hitzige Debatten sorgen d\u00fcrften. Der Entwurf sieht insbesondere einen Ausstieg aus dem Euro und einen harten Kurs in der Migrationspolitik vor.<\/p>\n<p>Migration<\/p>\n<figure> <a href=\"https:\/\/www.n-tv.de\/politik\/Warum-Hoecke-die-Kroenung-von-Weidel-zur-Kanzlerkandidatin-versauen-koennte-article25481670.html\" rel=\"noreferrer\" target=\"_blank\">      <img decoding=\"async\" alt=\"a7ef802ccc3dfba2d0cb8b02d83c434f.jpg\" src=\"https:\/\/www.n-tv.de\/img\/25481669-1736555541000\/17-6\/1136\/a7ef802ccc3dfba2d0cb8b02d83c434f.jpg\"\/> <\/a> <\/figure>\n<p>   Politik  11.01.25    AfD-Parteitag in Riesa Warum H\u00f6cke die Kr\u00f6nung von Weidel zur Kanzlerkandidatin versauen k\u00f6nnte    <\/p>\n<p>Die AfD spricht sich f\u00fcr eine massive Versch\u00e4rfung der Migrationspolitik aus. Fl\u00fcchtlinge sollen an der Grenze in Gewahrsamszentren gestoppt und Asylverfahren ins Ausland verlagert werden. In Aussicht gestellt wird eine &quot;umfassende R\u00fcckf\u00fchrungsoffensive&quot;. Sozialleistungen f\u00fcr Asylbewerber will die AfD in Sachleistungen umwandeln und Leistungen f\u00fcr Ausreisepflichtige &quot;auf ein menschenw\u00fcrdiges Existenzminimum&quot; senken.<\/p>\n<p>Innere Sicherheit<\/p>\n<p>Bei der inneren Sicherheit will die AfD ausl\u00e4ndischen Gewaltt\u00e4tern das Aufenthaltsrecht entziehen. &quot;Gef\u00e4hrder und Terroristen&quot; aus dem Ausland m\u00fcssten in Pr\u00e4ventivhaft kommen. Jugendliche sollen wie in anderen europ\u00e4ischen L\u00e4ndern schon ab zw\u00f6lf Jahren strafm\u00fcndig sein &#8211; derzeit liegt die Grenze bei 14 Jahren.<\/p>\n<p>EU und Euro<\/p>\n<p>Die AfD nennt &quot;ein Europa der Vaterl\u00e4nder&quot; als Ziel und lehnt &quot;die zentralistischen Bestrebungen der Europ\u00e4ischen Union ab&quot;. Die Partei h\u00e4lt daher &quot;einen Austritt Deutschlands aus der Europ\u00e4ischen Union&quot; f\u00fcr notwendig. Die &quot;Gesch\u00e4ftsgrundlage des Euro&quot; wird f\u00fcr gescheitert erkl\u00e4rt. &quot;Deutschland muss aus dem Euro-System austreten&quot;, hei\u00dft es daher. Eine nationale W\u00e4hrung m\u00fcsse wiedereingef\u00fchrt werden &#8211; &quot;gegebenenfalls unter paralleler Beibehaltung des Euro&quot;.<\/p>\n<figure> <a href=\"https:\/\/www.n-tv.de\/politik\/politik_wieduwilts_woche\/Jetzt-habe-ich-keine-Angst-mehr-vor-Alice-Weidel-article25480064.html\" rel=\"noreferrer\" target=\"_blank\">      <img decoding=\"async\" alt=\"501156506.jpg\" src=\"https:\/\/www.n-tv.de\/img\/25480341-1736509230000\/17-6\/1136\/501156506.jpg\"\/> <\/a> <\/figure>\n<p>   Wieduwilts Woche  11.01.25    Thank you, Elon!  Jetzt habe ich keine Angst mehr vor Alice Weidel    <\/p>\n<p>Au\u00dfenpolitik und Ukraine-Krieg<\/p>\n<p>Die AfD will ein &quot;interessengeleitetes Verh\u00e4ltnis mit den gro\u00dfen M\u00e4chten der Welt&quot; und nennt dabei ohne Abstufung die USA, China und Russland. Sie bekennt sich zur NATO-Mitgliedschaft Deutschlands &quot;bis zum Aufbau eines unabh\u00e4ngigen und handlungsf\u00e4higen europ\u00e4ischen Milit\u00e4rb\u00fcndnisses&quot;. Die Stationierung von US-Mittelstreckenraketen in Deutschland wird abgelehnt, ebenso wie Wirtschaftssanktionen gegen Russland. Die Ukraine solle ein &quot;neutraler Staat au\u00dferhalb von NATO und Europ\u00e4ischer Union&quot; sein.<\/p>\n<p>Gesellschaft<\/p>\n<p>Die AfD pl\u00e4diert f\u00fcr ein traditionelles Familienbild und spricht sich gegen &quot;Trans-Gender-Hype&quot;, &quot;Fr\u00fchsexualisierung&quot; und eine &quot;&#039;woke&#039; Gesellschaft&quot; aus. Die M\u00f6glichkeit von Abtreibungen will die AfD deutlich einschr\u00e4nken. Familien sollen unter bestimmten Umst\u00e4nden eine steuerfinanzierte &quot;Willkommenspr\u00e4mie von 20.000 Euro f\u00fcr neugeborene Babys&quot; erhalten.<\/p>\n<figure> <a href=\"https:\/\/www.n-tv.de\/mediathek\/videos\/politik\/Keine-Zusammenarbeit-mit-AfD-dafuer-verbuerge-ich-mich-article25481994.html\" rel=\"noreferrer\" target=\"_blank\">      <img decoding=\"async\" alt=\"merz1.JPG\" src=\"https:\/\/www.n-tv.de\/img\/25482013-1736590075000\/16-9\/1136\/merz1.jpg\"\/>    04:03 min  <\/a> <\/figure>\n<p>   Politik  11.01.25    Merz im RTL-Interview Keine Zusammenarbeit mit AfD &#8211; &quot;daf\u00fcr verb\u00fcrge ich mich&quot;    <\/p>\n<p>Arbeit<\/p>\n<p>Das B\u00fcrgergeld h\u00e4lt die AfD f\u00fcr gescheitert und verspricht, &quot;resolut&quot; gegen Missbrauch vorzugehen. Sie will stattdessen mit einer &quot;aktivierenden Grundsicherung&quot; insgesamt &quot;Hunderttausende arbeitsf\u00e4hige B\u00fcrgergeldempf\u00e4nger in den Arbeitsmarkt zur\u00fcckbringen&quot;. Anspruch auf Arbeitslosengeld soll nicht mehr nach einem, sondern erst nach drei vollen Beitragsjahren gelten. B\u00fcrgergeldbezieher, die arbeiten k\u00f6nnen, sollen nach sechs Monaten zu gemeinn\u00fctziger Arbeit herangezogen werden.<\/p>\n<p>Wirtschaft und Finanzen<\/p>\n<p>Die AfD sieht einen &quot;wirtschaftlichen Niedergang&quot; Deutschlands und spricht sich f\u00fcr weitreichende Entlastungen f\u00fcr Arbeitnehmer und Arbeitgeber aus. So will sie die Einkommens- und Unternehmenssteuern senken, den Solidarit\u00e4tszuschlag abschaffen und den Grundfreibetrag erh\u00f6hen. Mittelstand und Landwirtschaft sollen bei der B\u00fcrokratie entlastet werden. Beim Haushalt verspricht sie &quot;Ausgabendisziplin&quot; und die Einhaltung der Schuldenbremse.<\/p>\n<figure> <a href=\"https:\/\/www.n-tv.de\/politik\/Weidels-Hitler-Behauptung-laut-NS-Historiker-Wirsching-historisch-grundfalsch-article25480236.html\" rel=\"noreferrer\" target=\"_blank\">      <img decoding=\"async\" alt=\"c836fe4539d0266e5b9b2e544cf231ac.jpg\" src=\"https:\/\/www.n-tv.de\/img\/22110379-1603105365000\/17-6\/1136\/c836fe4539d0266e5b9b2e544cf231ac.jpg\"\/> <\/a> <\/figure>\n<p>   Politik  10.01.25    &quot;Infames Propagandaman\u00f6ver&quot; Historiker: Weidels Hitler-Behauptung &quot;historisch grundfalsch&quot;    <\/p>\n<p>Energie- und Klimapolitik<\/p>\n<p>Beim Klimawandel zeigt sich die Partei weiter skeptisch: Der Anteil des Menschen daran sei &quot;wissenschaftlich ungekl\u00e4rt&quot;. Die Partei wolle deshalb &quot;aus dem Pariser Klimaabkommen aussteigen&quot;. In der Energiepolitik fordert die AfD, die zerst\u00f6rten Nord-Stream-Gasleitungen aus Russland wieder instand zu setzen. Zudem m\u00fcsse im Autoverkehr &quot;die einseitige Bevorzugung von Elektromobilit\u00e4t&quot; sofort enden.<\/p>\n<p>Verteidigung<\/p>\n<p>Die Bundeswehr befinde sich &quot;in einem desolaten Zustand&quot; und sei &quot;nicht verteidigungsf\u00e4hig&quot;, schreibt die AfD. Dazu beigetragen habe auch die Abgabe von Waffen an die Ukraine. Die Bundeswehr m\u00fcsse &quot;massiv&quot; gest\u00e4rkt und nicht nur materiell, sondern auch &quot;ideell revitalisiert&quot; werden. &quot;Die Bundeswehr soll deshalb wieder einen starken Korpsgeist, ihre Traditionen und deutsche Werte pflegen.&quot;<\/p>\n<p>Quelle: ntv.de, chl\/dpa\/AFP<\/p>\n","protected":false},"excerpt":{"rendered":"<p>Politik Die Lage war schon am fr\u00fchen Morgen angespannt. In Riesa will die AfD erstmals eine Kanzlerkandidatin k\u00fcren und ihr Wahlprogramm beschlie\u00dfen. Schon vor Beginn des Parteitags ist die Lage<\/p>\n","protected":false},"author":1,"featured_media":0,"comment_status":"open","ping_status":"open","sticky":false,"template":"","format":"standard","meta":{"footnotes":""},"categories":[1],"tags":[],"class_list":["post-28958","post","type-post","status-publish","format-standard","hentry","category-nachrichten"],"_links":{"self":[{"href":"https:\/\/onlinetranslators.de\/news\/wp-json\/wp\/v2\/posts\/28958","targetHints":{"allow":["GET"]}}],"collection":[{"href":"https:\/\/onlinetranslators.de\/news\/wp-json\/wp\/v2\/posts"}],"about":[{"href":"https:\/\/onlinetranslators.de\/news\/wp-json\/wp\/v2\/types\/post"}],"author":[{"embeddable":true,"href":"https:\/\/onlinetranslators.de\/news\/wp-json\/wp\/v2\/users\/1"}],"replies":[{"embeddable":true,"href":"https:\/\/onlinetranslators.de\/news\/wp-json\/wp\/v2\/comments?post=28958"}],"version-history":[{"count":0,"href":"https:\/\/onlinetranslators.de\/news\/wp-json\/wp\/v2\/posts\/28958\/revisions"}],"wp:attachment":[{"href":"https:\/\/onlinetranslators.de\/news\/wp-json\/wp\/v2\/media?parent=28958"}],"wp:term":[{"taxonomy":"category","embeddable":true,"href":"https:\/\/onlinetranslators.de\/news\/wp-json\/wp\/v2\/categories?post=28958"},{"taxonomy":"post_tag","embeddable":true,"href":"https:\/\/onlinetranslators.de\/news\/wp-json\/wp\/v2\/tags?post=28958"}],"curies":[{"name":"wp","href":"https:\/\/api.w.org\/{rel}","templated":true}]}}