{"id":28955,"date":"2025-01-11T02:26:07","date_gmt":"2025-01-10T23:26:07","guid":{"rendered":"https:\/\/onlinetranslators.de\/news\/nachrichten\/wurden-seele-der-cdu-verkaufen-merz-will-lieber-zurucktreten-als-mit-der-afd-zu-koalieren\/"},"modified":"2025-01-11T02:26:07","modified_gmt":"2025-01-10T23:26:07","slug":"wurden-seele-der-cdu-verkaufen-merz-will-lieber-zurucktreten-als-mit-der-afd-zu-koalieren","status":"publish","type":"post","link":"https:\/\/onlinetranslators.de\/news\/nachrichten\/wurden-seele-der-cdu-verkaufen-merz-will-lieber-zurucktreten-als-mit-der-afd-zu-koalieren\/","title":{"rendered":"&#8220;W\u00fcrden Seele der CDU verkaufen&#8221;: Merz will lieber zur\u00fccktreten, als mit der AfD zu koalieren"},"content":{"rendered":"<p class=\"caps\">Politik         \t\t                   \t\t               \t\t                    <\/p>\n<figure> \t\t                       \t\t                        <img decoding=\"async\" alt=\"Die AfD kann sich ein B\u00fcndnis mit der Union gut vorstellen. Friedrich Merz schlie\u00dft das aus.\" src=\"https:\/\/www.n-tv.de\/img\/25481661-1736550811000\/16-9\/750\/a5c4e64c17226d7e8761ac33cef4cb4e.jpg\"\/><figcaption>\n<p>Die AfD kann sich ein B\u00fcndnis mit der Union gut vorstellen. Friedrich Merz schlie\u00dft das aus.<\/p>\n<\/figcaption><\/figure>\n<p><strong>In \u00d6sterreich verhandelt die konservative \u00d6VP mit der rechtsextremen FP\u00d6 \u00fcber eine Koalition, obwohl sie ein solches B\u00fcndnis vorher ausgeschlossen hatte. Kann das so \u00e4hnlich auch in Deutschland passieren? Nicht mit ihm, sagt Unions-Kanzlerkandidat Merz. <\/strong><\/p>\n<p>CDU-Chef und Unionskanzlerkandidat Friedrich Merz schlie\u00dft eine Zusammenarbeit mit der AfD weiter kategorisch aus. &quot;Ich wiederhole es hier zum Mitschreiben. Eine Zusammenarbeit unter meiner F\u00fchrung wird es mit der CDU in Deutschland nicht geben&quot;, sagte Merz in den ARD-&quot;Tagesthemen&quot;. Die Gr\u00fcnde seien klar und offensichtlich. &quot;Wir arbeiten nicht mit einer Partei zusammen, die ausl\u00e4nderfeindlich ist, die antisemitisch ist, die Rechtsradikale in ihren Reihen, die Kriminelle in ihren Reihen h\u00e4lt, eine Partei, die mit Russland lieb\u00e4ugelt und aus der NATO und der Europ\u00e4ischen Union austreten will.&quot; Die CDU w\u00fcrde &quot;ihre Seele verkaufen&quot;, wenn sie mit der AfD zusammenginge. <\/p>\n<p>In \u00d6sterreich ist die konservative \u00d6VP in dieser Woche Koalitionsverhandlungen mit der rechtsextremen FP\u00d6 eingetreten &#8211; obwohl sie das vor den Wahlen ausgeschlossen hatte. Merz schlie\u00dft so eine Kehrtwende f\u00fcr eine CDU unter seiner F\u00fchrung aus. Er werde nicht zulassen, dass in der CDU die &quot;Brandmauer&quot; zur AfD falle. Auf die Nachfrage, ob er dieses Versprechen halten k\u00f6nne, antwortete Merz: &quot;Ich kn\u00fcpfe mein Schicksal als Parteivorsitzender der CDU an diese Antwort.&quot;<\/p>\n<p>  <strong>Mehr zum Thema<\/strong>    RTL\/ntv-Trendbarometer Union startet mit sattem Vorsprung in Wochen der Wahrheit       Person der Woche: der FP\u00d6-Chef Hitler, H\u00f6cke oder harmloser Held? Wer ist Herbert Kickl wirklich?       &quot;Wo ist die Klarheit von Merz?&quot; Klingbeil wirft CDU Mangel an Distanz zur \u00d6VP vor    <\/p>\n<p>\u00d6sterreich zeige, was passiere, &quot;wenn man meint, man m\u00fcsse eine solche Gruppierung, eine solche Partei durch eine solche Regierungsbeteiligung domestizieren oder irgendwo zur Vernunft bringen&quot;, sagte Merz. &quot;Nein, wir bringen sie nicht zur Vernunft, die machen sie immer nur st\u00e4rker.&quot; Merz beschrieb ein denkbares Szenario, wenn eine Zusammenarbeit mit der AfD nicht kategorisch ausgeschlossen werde und verwies auf die Machtergreifung der Nationalsozialisten 1933: &quot;2029 werden sie die st\u00e4rkste Fraktion, 2033 ist die n\u00e4chste Bundestagswahl&quot;, sagte der CDU-Chef. &quot;Einmal 33 reicht in Deutschland.&quot;<\/p>\n<p>Die rechtspopulistische FP\u00d6 war bei der Parlamentswahl im September erstmals st\u00e4rkste Kraft im \u00f6sterreichischen Parlament geworden. Nachdem Koalitionsgespr\u00e4che zwischen der konservativen \u00d6VP, der sozialdemokratischen SP\u00d6 und den liberalen Neos gescheitert waren, wurde mit FP\u00d6-Chef Herbert Kickl erstmals ein Vertreter der Partei mit der Regierungsbildung beauftragt. <\/p>\n<p>Quelle: ntv.de<\/p>\n","protected":false},"excerpt":{"rendered":"<p>Politik Die AfD kann sich ein B\u00fcndnis mit der Union gut vorstellen. Friedrich Merz schlie\u00dft das aus. In \u00d6sterreich verhandelt die konservative \u00d6VP mit der rechtsextremen FP\u00d6 \u00fcber eine Koalition,<\/p>\n","protected":false},"author":1,"featured_media":0,"comment_status":"open","ping_status":"open","sticky":false,"template":"","format":"standard","meta":{"footnotes":""},"categories":[1],"tags":[],"class_list":["post-28955","post","type-post","status-publish","format-standard","hentry","category-nachrichten"],"_links":{"self":[{"href":"https:\/\/onlinetranslators.de\/news\/wp-json\/wp\/v2\/posts\/28955","targetHints":{"allow":["GET"]}}],"collection":[{"href":"https:\/\/onlinetranslators.de\/news\/wp-json\/wp\/v2\/posts"}],"about":[{"href":"https:\/\/onlinetranslators.de\/news\/wp-json\/wp\/v2\/types\/post"}],"author":[{"embeddable":true,"href":"https:\/\/onlinetranslators.de\/news\/wp-json\/wp\/v2\/users\/1"}],"replies":[{"embeddable":true,"href":"https:\/\/onlinetranslators.de\/news\/wp-json\/wp\/v2\/comments?post=28955"}],"version-history":[{"count":0,"href":"https:\/\/onlinetranslators.de\/news\/wp-json\/wp\/v2\/posts\/28955\/revisions"}],"wp:attachment":[{"href":"https:\/\/onlinetranslators.de\/news\/wp-json\/wp\/v2\/media?parent=28955"}],"wp:term":[{"taxonomy":"category","embeddable":true,"href":"https:\/\/onlinetranslators.de\/news\/wp-json\/wp\/v2\/categories?post=28955"},{"taxonomy":"post_tag","embeddable":true,"href":"https:\/\/onlinetranslators.de\/news\/wp-json\/wp\/v2\/tags?post=28955"}],"curies":[{"name":"wp","href":"https:\/\/api.w.org\/{rel}","templated":true}]}}