{"id":28468,"date":"2024-10-27T19:25:58","date_gmt":"2024-10-27T16:25:58","guid":{"rendered":"https:\/\/onlinetranslators.de\/news\/nachrichten\/hort-auf-oder-besinnt-euch-ex-spd-chef-gabriel-bringt-ende-der-ampel-ins-spiel\/"},"modified":"2024-10-27T19:25:58","modified_gmt":"2024-10-27T16:25:58","slug":"hort-auf-oder-besinnt-euch-ex-spd-chef-gabriel-bringt-ende-der-ampel-ins-spiel","status":"publish","type":"post","link":"https:\/\/onlinetranslators.de\/news\/nachrichten\/hort-auf-oder-besinnt-euch-ex-spd-chef-gabriel-bringt-ende-der-ampel-ins-spiel\/","title":{"rendered":"&#8220;H\u00f6rt auf oder besinnt euch!&#8221;: Ex-SPD-Chef Gabriel bringt Ende der Ampel ins Spiel"},"content":{"rendered":"<p class=\"caps\">Politik         \t\t                   \t\t                \t \t\t          \t          \t\t          \t\t\t<img decoding=\"async\" src=\"https:\/\/apps-cloud.n-tv.de\/img\/25315982-1729867657000\/16-9\/1136\/scholz.jpg\" alt=\"scholz.JPG\"\/>          \t\t\t          \t\t          \t           \t                              <\/p>\n<p><strong>Die Ampel streitet, die Union fordert Neuwahlen. H\u00e4lt die Koalition aus SPD, Gr\u00fcnen und FDP bis zur n\u00e4chsten Bundestagswahl in elf Monaten? Der ehemalige SPD-Chef Gabriel fordert eine bessere Politik &#8211; oder ein Ende der Ampel. Alles andere f\u00f6rdere den Extremismus.<\/strong><\/p>\n<p>Der fr\u00fchere SPD-Chef Sigmar Gabriel hat den Ampel-Parteien geraten, ein vorzeitiges Ende der Koalition in Betracht zu ziehen. &quot;Angesichts der j\u00fcngsten Entwicklungen m\u00fcsste man eigentlich sagen: H\u00f6rt auf oder besinnt euch!&quot;, sagte Gabriel der &quot;Augsburger Allgemeinen&quot;. &quot;Was da der \u00d6ffentlichkeit als Koalition verkauft werden soll, wird zu einem zunehmend gef\u00e4hrlichen Prozess, der nur Politikzorn und damit Extremismus bef\u00f6rdert.&quot; Die n\u00e4chste regul\u00e4re Bundestagswahl findet am 28. September 2025 statt.<\/p>\n<figure> <a href=\"https:\/\/www.n-tv.de\/politik\/Merz-schiesst-einen-Ampel-Elfmeter-nach-dem-anderen-article25317106.html\" rel=\"noreferrer noopener\" target=\"_blank\">      <img decoding=\"async\" alt=\"489822461 (1).jpg\" src=\"https:\/\/apps-cloud.n-tv.de\/img\/25317134-1729957408000\/17-6\/1136\/489822461-1-.jpg\"\/> <\/a> <\/figure>\n<p>   Politik  26.10.24    Jubel-Auftritt bei Junger Union Merz schie\u00dft einen Ampel-Elfmeter nach dem anderen    <\/p>\n<p> Bundesminister wie Wirtschaftsminister Robert Habeck von den Gr\u00fcnen oder Finanzminister Christian Lindner von der FDP h\u00e4tten offenbar nur noch Wahlkampf im Kopf und nutzten ihre Ministerien, um ihnen daf\u00fcr die Vorlagen zu erarbeiten, kritisierte Gabriel. Dies sei ein &quot;Missbrauch von Personal und \u00f6ffentlichen Mitteln&quot;. Au\u00dferdem w\u00fcrden so nur Luftblasen produziert, die kurz danach am Widerstand des jeweils anderen Koalitionspartners zerplatzten.<\/p>\n<p>Der 65-J\u00e4hrige, der unter Kanzlerin Angela Merkel mehrere Minister\u00e4mter innehatte, sieht neben den Problemen mit der Migration die lahmende Wirtschaft als das alles entscheidende Thema f\u00fcr die Koalition. &quot;Wir m\u00fcssen unser Unternehmen endlich von den vielen wirklich unertr\u00e4glichen b\u00fcrokratischen Fesseln befreien&quot;, verlangte er. &quot;Ob diese Regierung daf\u00fcr noch die Kurve kriegt? Ich wei\u00df es nicht.&quot;<\/p>\n<h2>Union dr\u00e4ngt auf Neuwahlen<\/h2>\n<p>  <strong>Mehr zum Thema<\/strong>    Ampel zu Neuwahlen dr\u00e4ngen? Union fordert ein Machtwort von Steinmeier       Wirtschaftsstreit in der Ampel M\u00fctzenich nennt Lindners Gipfel &quot;schlicht albern&quot;       &quot;Regierung klinisch tot&quot; CSU ist bereit f\u00fcr Neuwahlen auf Bundesebene    <\/p>\n<p>Die Parteien der Ampel haben trotz Dauerstreits stets betont, die gesamte Legislaturperiode im Amt bleiben zu wollen. Doch die oppositionelle Union dringt mittlerweile vehement auf ein Ende der Koalition und Neuwahlen. &quot;Was ist das eigentlich f\u00fcr ein Erscheinungsbild?&quot;, fragt Kanzlerkandidat und CDU-Chef Friedrich Merz auf dem Deutschlandtag der Jungen Union am Samstag. &quot;Wir haben eine solche Bundesregierung nicht verdient.&quot; CSU-Chef Markus S\u00f6der sagte k\u00fcrzlich, dass sich seine Partei auf Neuwahlen vorbereite.<\/p>\n<p>F\u00fchrende Unionspolitiker forderten angesichts der Streits der Ampelparteien gar ein Eingreifen von Bundespr\u00e4sident Frank-Walter Steinmeier. Dieser m\u00fcsse sich einschalten und bei den Verantwortlichen auf Neuwahlen dr\u00e4ngen, sagte CSU-Landesgruppenchef Alexander Dobrindt der &quot;Bild am Sonntag&quot;. Wenn die Koalitionsparteien nicht selbst in der Lage sein sollten, ihre &quot;gescheiterte Koalition&quot; aufzul\u00f6sen, dann &quot;sollte der Bundespr\u00e4sident den drei Ampelparteien in einem Gespr\u00e4ch die M\u00f6glichkeiten zur Trennung aufzeigen&quot;.<\/p>\n<p>Quelle: ntv.de, mli\/AFP<\/p>\n","protected":false},"excerpt":{"rendered":"<p>Politik Die Ampel streitet, die Union fordert Neuwahlen. H\u00e4lt die Koalition aus SPD, Gr\u00fcnen und FDP bis zur n\u00e4chsten Bundestagswahl in elf Monaten? Der ehemalige SPD-Chef Gabriel fordert eine bessere<\/p>\n","protected":false},"author":1,"featured_media":0,"comment_status":"open","ping_status":"open","sticky":false,"template":"","format":"standard","meta":{"footnotes":""},"categories":[1],"tags":[],"class_list":["post-28468","post","type-post","status-publish","format-standard","hentry","category-nachrichten"],"_links":{"self":[{"href":"https:\/\/onlinetranslators.de\/news\/wp-json\/wp\/v2\/posts\/28468","targetHints":{"allow":["GET"]}}],"collection":[{"href":"https:\/\/onlinetranslators.de\/news\/wp-json\/wp\/v2\/posts"}],"about":[{"href":"https:\/\/onlinetranslators.de\/news\/wp-json\/wp\/v2\/types\/post"}],"author":[{"embeddable":true,"href":"https:\/\/onlinetranslators.de\/news\/wp-json\/wp\/v2\/users\/1"}],"replies":[{"embeddable":true,"href":"https:\/\/onlinetranslators.de\/news\/wp-json\/wp\/v2\/comments?post=28468"}],"version-history":[{"count":0,"href":"https:\/\/onlinetranslators.de\/news\/wp-json\/wp\/v2\/posts\/28468\/revisions"}],"wp:attachment":[{"href":"https:\/\/onlinetranslators.de\/news\/wp-json\/wp\/v2\/media?parent=28468"}],"wp:term":[{"taxonomy":"category","embeddable":true,"href":"https:\/\/onlinetranslators.de\/news\/wp-json\/wp\/v2\/categories?post=28468"},{"taxonomy":"post_tag","embeddable":true,"href":"https:\/\/onlinetranslators.de\/news\/wp-json\/wp\/v2\/tags?post=28468"}],"curies":[{"name":"wp","href":"https:\/\/api.w.org\/{rel}","templated":true}]}}