{"id":26950,"date":"2024-02-27T14:56:13","date_gmt":"2024-02-27T11:56:13","guid":{"rendered":"https:\/\/onlinetranslators.de\/news\/nachrichten\/raf-ehemalige-linksterroristin-daniela-klette-gefasst\/"},"modified":"2024-02-27T14:56:13","modified_gmt":"2024-02-27T11:56:13","slug":"raf-ehemalige-linksterroristin-daniela-klette-gefasst","status":"publish","type":"post","link":"https:\/\/onlinetranslators.de\/news\/nachrichten\/raf-ehemalige-linksterroristin-daniela-klette-gefasst\/","title":{"rendered":"RAF: Ehemalige Linksterroristin Daniela Klette gefasst"},"content":{"rendered":"<p class=\"caps\">Die ehemalige Linksterroristin <a href=\"https:\/\/www.spiegel.de\/thema\/daniela_klette\/\" rel=\"noreferrer noopener\" target=\"_blank\">Daniela Klette<\/a> ist in <a href=\"https:\/\/www.spiegel.de\/thema\/berlin\/\" rel=\"noreferrer noopener\" target=\"_blank\">Berlin<\/a> festgenommen worden. Das hat die Staatsanwaltschaft Verden dem SPIEGEL best\u00e4tigt. Sie habe keinen Widerstand geleistet. Nach ihr wurde ebenso wie nach den anderen sogenannten <a href=\"https:\/\/www.spiegel.de\/thema\/rote_armee_fraktion\/\" rel=\"noreferrer noopener\" target=\"_blank\">RAF<\/a>-Rentnern <a href=\"https:\/\/www.spiegel.de\/thema\/ernst_volker_staub\/\" rel=\"noreferrer noopener\" target=\"_blank\">Ernst-Volker Staub<\/a> und <a href=\"https:\/\/www.spiegel.de\/thema\/burkhard_garweg\/\" rel=\"noreferrer noopener\" target=\"_blank\">Burkhard Garweg<\/a> <a href=\"https:\/\/www.spiegel.de\/panorama\/justiz\/raf-ermittler-starten-neue-grossfahndung-nach-staub-klette-und-garweg-a-2f0145c7-bde6-4396-a817-da6570291e9b\" rel=\"noreferrer noopener\" target=\"_blank\">\u00f6ffentlich gefahndet.                                       <\/a> Zuerst hatte die <a href=\"https:\/\/www.bild.de\/regional\/berlin\/berlin-aktuell\/berlin-raf-terroristin-daniela-klette-65-festgenommen-87316536.bild.html\" rel=\"noreferrer noopener\" target=\"_blank\">\u00bbBild\u00ab            <\/a>-Zeitung \u00fcber die Festnahme berichtet.<\/p>\n<p>Klette wurde nach SPIEGEL-Informationen durch Fingerabdr\u00fccke identifiziert und nutzte offenbar einen italienischen Pass. Zielfahnder aus Niedersachsen nahmen sie demnach Montagabend in einem Mehrfamilienhaus in Kreuzberg fest. Die Berliner Polizei unterst\u00fctzte den Einsatz. In der Wohnung wurde Munition gefunden. Nun wird Klette zur Staatsanwaltschaft Verden gebracht.<\/p>\n<p>Das Trio war seit mehr als 30 Jahren untergetaucht. Den drei ehemaligen Linksterroristen wird versuchter Mord vorgeworfen, au\u00dferdem geht es in zahlreichen F\u00e4llen um Raubstraftaten.<\/p>\n<p>Die RAF ist verantwortlich f\u00fcr 33 Morde, in den Siebzigerjahren bis Anfang der Neunzigerjahre. Im Jahr 1977 t\u00f6tete sie den Generalbundesanwalt <a href=\"https:\/\/www.spiegel.de\/thema\/siegfried_buback\/\" rel=\"noreferrer noopener\" target=\"_blank\">Siegfried Buback<\/a>. Zw\u00f6lf Jahre sp\u00e4ter starb der damalige Deutsche-Bank-Chef <a href=\"https:\/\/www.spiegel.de\/thema\/alfred_herrhausen\/\" rel=\"noreferrer noopener\" target=\"_blank\">Alfred Herrhausen<\/a> bei einem Sprengstoffanschlag. Die Terrorgruppe l\u00f6ste sich 1998 offiziell auf und trat nicht mehr in Erscheinung.<\/p>\n<p>Staub, Klette und Garweg starteten nach \u00dcberzeugung der Ermittler 1999 eine Serie von Raub\u00fcberf\u00e4llen auf Superm\u00e4rkte und Geldtransporter, um ihren Lebensunterhalt im Untergrund zu sichern.<\/p>\n<p>Anfang Februar hatten die Ermittlungsbeh\u00f6rden in Niedersachsen zum dritten Mal nach 2016 und 2020 eine \u00f6ffentliche Fahndung eingeleitet, um die sogenannten RAF-Rentner zu fassen. Die zust\u00e4ndige Staatsanwaltschaft Verden hatte damals mitgeteilt, Anlass f\u00fcr die erneute Aktion seien \u00bbweitere Ermittlungsans\u00e4tze\u00ab, die sich aus \u00bbErmittlungen der letzten Monate\u00ab ergeben h\u00e4tten. Das Amtsgericht Verden habe gegen alle drei Haftbefehle erlassen.<\/p>\n","protected":false},"excerpt":{"rendered":"<p>Die ehemalige Linksterroristin Daniela Klette ist in Berlin festgenommen worden. Das hat die Staatsanwaltschaft Verden dem SPIEGEL best\u00e4tigt. Sie habe keinen Widerstand geleistet. Nach ihr wurde ebenso wie nach den<\/p>\n","protected":false},"author":1,"featured_media":26951,"comment_status":"open","ping_status":"open","sticky":false,"template":"","format":"standard","meta":{"footnotes":""},"categories":[1],"tags":[],"class_list":["post-26950","post","type-post","status-publish","format-standard","has-post-thumbnail","hentry","category-nachrichten"],"_links":{"self":[{"href":"https:\/\/onlinetranslators.de\/news\/wp-json\/wp\/v2\/posts\/26950","targetHints":{"allow":["GET"]}}],"collection":[{"href":"https:\/\/onlinetranslators.de\/news\/wp-json\/wp\/v2\/posts"}],"about":[{"href":"https:\/\/onlinetranslators.de\/news\/wp-json\/wp\/v2\/types\/post"}],"author":[{"embeddable":true,"href":"https:\/\/onlinetranslators.de\/news\/wp-json\/wp\/v2\/users\/1"}],"replies":[{"embeddable":true,"href":"https:\/\/onlinetranslators.de\/news\/wp-json\/wp\/v2\/comments?post=26950"}],"version-history":[{"count":0,"href":"https:\/\/onlinetranslators.de\/news\/wp-json\/wp\/v2\/posts\/26950\/revisions"}],"wp:featuredmedia":[{"embeddable":true,"href":"https:\/\/onlinetranslators.de\/news\/wp-json\/wp\/v2\/media\/26951"}],"wp:attachment":[{"href":"https:\/\/onlinetranslators.de\/news\/wp-json\/wp\/v2\/media?parent=26950"}],"wp:term":[{"taxonomy":"category","embeddable":true,"href":"https:\/\/onlinetranslators.de\/news\/wp-json\/wp\/v2\/categories?post=26950"},{"taxonomy":"post_tag","embeddable":true,"href":"https:\/\/onlinetranslators.de\/news\/wp-json\/wp\/v2\/tags?post=26950"}],"curies":[{"name":"wp","href":"https:\/\/api.w.org\/{rel}","templated":true}]}}