{"id":26920,"date":"2024-02-26T07:46:04","date_gmt":"2024-02-26T04:46:04","guid":{"rendered":"https:\/\/onlinetranslators.de\/news\/nachrichten\/us-kampfpilot-zundet-sich-vor-israelischer-botschaft-in-washington-an\/"},"modified":"2024-02-26T07:46:04","modified_gmt":"2024-02-26T04:46:04","slug":"us-kampfpilot-zundet-sich-vor-israelischer-botschaft-in-washington-an","status":"publish","type":"post","link":"https:\/\/onlinetranslators.de\/news\/nachrichten\/us-kampfpilot-zundet-sich-vor-israelischer-botschaft-in-washington-an\/","title":{"rendered":"US-Kampfpilot z\u00fcndet sich vor israelischer Botschaft in Washington an"},"content":{"rendered":"<p class=\"caps\">Ein Pilot der US-Luftwaffe hat sich vor der israelischen Botschaft in <a href=\"https:\/\/www.spiegel.de\/thema\/washington\/\" rel=\"noreferrer noopener\" target=\"_blank\">Washington<\/a> angez\u00fcndet. Der Mann sei in ein \u00f6rtliches Krankenhaus gebracht worden, nachdem Beamte des US-Secret-Service das Feuer gel\u00f6scht h\u00e4tten, teilte die Feuerwehr mit. Der Zustand des Mannes sei kritisch und die Verletzungen lebensbedrohlich, erkl\u00e4rte ein Polizeisprecher.<\/p>\n<p>Eine Sprecherin der US-Luftwaffe best\u00e4tigte, dass es sich um einen aktiven Piloten im Dienst der Air Force handelt. Bei seiner Aktion trug der Mann <a href=\"https:\/\/www.washingtonpost.com\/dc-md-va\/2024\/02\/25\/dc-israeli-embassy-man-fire\/\" rel=\"noreferrer noopener\" target=\"_blank\">nach Angaben der \u00bbWashington Post\u00ab            <\/a> seine Uniform. Laut Augenzeugen soll der Mann rund eine Minute lang in Flammen gestanden haben, bis Sicherheitskr\u00e4fte zur Stelle waren.<\/p>\n<p>Ein Video, das von den Ermittlern f\u00fcr authentisch gehalten wird, zeigt laut der Zeitung den Mann, der sich selbst als Mitglied der Streitkr\u00e4fte bezeichnet. In dem Clip soll er \u00bbFreiheit f\u00fcr Pal\u00e4stina\u00ab rufen.<\/p>\n<p>Der Vorfall ereignet sich am Sonntag gegen 13 Uhr (Ortszeit) an der Stra\u00dfe International Drive NW. Dort befinden sich zahlreiche Botschaften und andere diplomatische Vertretungen. Entsprechend hoch sind die Sicherheitsvorkehrungen.<\/p>\n<h3>Immer wieder Proteste nach der Botschaft<\/h3>\n<p>Die israelische Botschaft ist seit dem Angriff der radikalislamischen Pal\u00e4stinensergruppe <a href=\"https:\/\/www.spiegel.de\/thema\/hamas\/\" rel=\"noreferrer noopener\" target=\"_blank\">Hamas<\/a> auf <a href=\"https:\/\/www.spiegel.de\/thema\/israel\/\" rel=\"noreferrer noopener\" target=\"_blank\">Israel<\/a> am 7. Oktober und den israelischen Gegenschl\u00e4gen im <a href=\"https:\/\/www.spiegel.de\/thema\/gaza_streifen\/\" rel=\"noreferrer noopener\" target=\"_blank\">Gazastreifen<\/a> Ziel anhaltender Proteste.<\/p>\n<p>Der Krieg war durch den Gro\u00dfangriff der von der EU und den <a href=\"https:\/\/www.spiegel.de\/thema\/usa\/\" rel=\"noreferrer noopener\" target=\"_blank\">USA<\/a> als Terrororganisation eingestuften Hamas auf Israel am 7. Oktober ausgel\u00f6st worden. Islamistische K\u00e4mpfer ver\u00fcbten dabei Gr\u00e4ueltaten \u00fcberwiegend an Zivilisten. Israelischen Angaben zufolge wurden etwa 1160 Menschen get\u00f6tet und rund 250 Geiseln in den Gazastreifen verschleppt.<\/p>\n<p>Als Reaktion auf den Hamas-Angriff geht Israel seither massiv milit\u00e4risch im Gazastreifen vor, erkl\u00e4rtes Ziel ist die Zerst\u00f6rung der Hamas. Nach Angaben der Hamas, die sich nicht unabh\u00e4ngig \u00fcberpr\u00fcfen lassen, wurden in dem Pal\u00e4stinensergebiet seitdem mehr als 29.600 Menschen get\u00f6tet.<\/p>\n","protected":false},"excerpt":{"rendered":"<p>Ein Pilot der US-Luftwaffe hat sich vor der israelischen Botschaft in Washington angez\u00fcndet. Der Mann sei in ein \u00f6rtliches Krankenhaus gebracht worden, nachdem Beamte des US-Secret-Service das Feuer gel\u00f6scht h\u00e4tten,<\/p>\n","protected":false},"author":1,"featured_media":26921,"comment_status":"open","ping_status":"open","sticky":false,"template":"","format":"standard","meta":{"footnotes":""},"categories":[1],"tags":[],"class_list":["post-26920","post","type-post","status-publish","format-standard","has-post-thumbnail","hentry","category-nachrichten"],"_links":{"self":[{"href":"https:\/\/onlinetranslators.de\/news\/wp-json\/wp\/v2\/posts\/26920","targetHints":{"allow":["GET"]}}],"collection":[{"href":"https:\/\/onlinetranslators.de\/news\/wp-json\/wp\/v2\/posts"}],"about":[{"href":"https:\/\/onlinetranslators.de\/news\/wp-json\/wp\/v2\/types\/post"}],"author":[{"embeddable":true,"href":"https:\/\/onlinetranslators.de\/news\/wp-json\/wp\/v2\/users\/1"}],"replies":[{"embeddable":true,"href":"https:\/\/onlinetranslators.de\/news\/wp-json\/wp\/v2\/comments?post=26920"}],"version-history":[{"count":0,"href":"https:\/\/onlinetranslators.de\/news\/wp-json\/wp\/v2\/posts\/26920\/revisions"}],"wp:featuredmedia":[{"embeddable":true,"href":"https:\/\/onlinetranslators.de\/news\/wp-json\/wp\/v2\/media\/26921"}],"wp:attachment":[{"href":"https:\/\/onlinetranslators.de\/news\/wp-json\/wp\/v2\/media?parent=26920"}],"wp:term":[{"taxonomy":"category","embeddable":true,"href":"https:\/\/onlinetranslators.de\/news\/wp-json\/wp\/v2\/categories?post=26920"},{"taxonomy":"post_tag","embeddable":true,"href":"https:\/\/onlinetranslators.de\/news\/wp-json\/wp\/v2\/tags?post=26920"}],"curies":[{"name":"wp","href":"https:\/\/api.w.org\/{rel}","templated":true}]}}