{"id":26898,"date":"2024-02-25T08:46:35","date_gmt":"2024-02-25T05:46:35","guid":{"rendered":"https:\/\/onlinetranslators.de\/news\/nachrichten\/javier-milei-umschmeichelt-donald-trump-sie-waren-ein-grosartiger-prasident\/"},"modified":"2024-02-25T08:46:35","modified_gmt":"2024-02-25T05:46:35","slug":"javier-milei-umschmeichelt-donald-trump-sie-waren-ein-grosartiger-prasident","status":"publish","type":"post","link":"https:\/\/onlinetranslators.de\/news\/nachrichten\/javier-milei-umschmeichelt-donald-trump-sie-waren-ein-grosartiger-prasident\/","title":{"rendered":"Javier Milei umschmeichelt Donald Trump: \u00bbSie waren ein gro\u00dfartiger Pr\u00e4sident\u00ab"},"content":{"rendered":"<p class=\"caps\">Argentiniens ultralibert\u00e4rer Staatschef <a href=\"https:\/\/www.spiegel.de\/thema\/javier-milei\/\" rel=\"noreferrer noopener\" target=\"_blank\">Javier Milei<\/a> hat am Rande einer Tagung der amerikanischen Konservativen in Washington den ehemaligen US-Pr\u00e4sidenten <a href=\"https:\/\/www.spiegel.de\/thema\/donald_trump\/\" rel=\"noreferrer noopener\" target=\"_blank\">Donald Trump<\/a> getroffen. \u00bbLasst uns <a href=\"https:\/\/www.spiegel.de\/thema\/argentinien\/\" rel=\"noreferrer noopener\" target=\"_blank\">Argentinien<\/a> wieder gro\u00df machen\u00ab, sagte Trump hinter der B\u00fchne der CPAC-Konferenz unter Anspielung auf sein politisches Motto und schloss Milei in den Arm. \u00abEs lebe die Freiheit, verdammt nochmal\u00bb, antwortete Milei mit seinem eigenen Wahlkampf-Slogan.<\/p>\n<p>Trump strebt bei der Pr\u00e4sidentenwahl im November eine weitere Amtszeit in den Vereinigten Staaten an. Am Samstag <a href=\"https:\/\/www.spiegel.de\/ausland\/javier-milei-umschmeichelt-donald-trump-sie-waren-ein-grossartiger-praesident-a-2d31de09-522f-4f2e-9399-ff9c773c02e9\" rel=\"noreferrer noopener\" target=\"_blank\">gewann er die Vorwahl <\/a>der Republikaner im Bundesstaat <a href=\"https:\/\/www.spiegel.de\/thema\/south_carolina\/\" rel=\"noreferrer noopener\" target=\"_blank\">South Carolina<\/a> und baute damit seinen Vorsprung gegen\u00fcber seinen parteiinternen Konkurrenten weiter aus. \u00abSie waren ein gro\u00dfartiger Pr\u00e4sident, ich hoffe, das werden Sie erneut sein\u00bb, sagte Milei zu Trump. Der Ex-Pr\u00e4sident antwortete: \u00abDanke, das verspreche ich Ihnen.\u00bb<\/p>\n<p>In seiner Rede bei der CPAC-Konferenz sprach sich Milei gegen staatliche Eingriffe in die Wirtschaft und das Recht auf Abtreibung aus. \u00abEs gibt keinen Platz f\u00fcr Sozialismus\u00bb, sagte er. F\u00fcr seinen recht trockenen Vortrag erhielt der studierte Wirtschaftswissenschaftler bei dem Treffen der Rechtskonservativen im gro\u00dfen Ballsaal eines Konferenz-Hotels in Washington immer wieder Applaus.<\/p>\n<p>Milei bem\u00fcht sich seit seinem Amtsantritt im Dezember um eine \u00d6ffnung der bislang stark regulierten Wirtschaft Argentiniens. Allerdings verf\u00fcgt er \u00fcber keine Mehrheit im Kongress, zuletzt legte er sich im Streit ums Geld auch mit mehreren Gouverneuren des s\u00fcdamerikanischen Landes an.<\/p>\n<p>Argentinien steckt in einer schweren Wirtschaftskrise. Die Inflationsrate liegt bei \u00fcber 250 Prozent, rund 40 Prozent der Menschen in dem einst reichen Land leben unterhalb der Armutsgrenze. Die zweitgr\u00f6\u00dfte Volkswirtschaft S\u00fcdamerikas leidet unter einem aufgebl\u00e4hten Staatsapparat, geringer Produktivit\u00e4t der Industrie und einer gro\u00dfen Schattenwirtschaft, die dem Staat viele Steuereinnahmen entzieht. Die Landesw\u00e4hrung Peso verliert gegen\u00fcber dem US-Dollar immer weiter an Wert, der Schuldenberg w\u00e4chst st\u00e4ndig.<\/p>\n","protected":false},"excerpt":{"rendered":"<p>Argentiniens ultralibert\u00e4rer Staatschef Javier Milei hat am Rande einer Tagung der amerikanischen Konservativen in Washington den ehemaligen US-Pr\u00e4sidenten Donald Trump getroffen. \u00bbLasst uns Argentinien wieder gro\u00df machen\u00ab, sagte Trump hinter<\/p>\n","protected":false},"author":1,"featured_media":26899,"comment_status":"open","ping_status":"open","sticky":false,"template":"","format":"standard","meta":{"footnotes":""},"categories":[1],"tags":[],"class_list":["post-26898","post","type-post","status-publish","format-standard","has-post-thumbnail","hentry","category-nachrichten"],"_links":{"self":[{"href":"https:\/\/onlinetranslators.de\/news\/wp-json\/wp\/v2\/posts\/26898","targetHints":{"allow":["GET"]}}],"collection":[{"href":"https:\/\/onlinetranslators.de\/news\/wp-json\/wp\/v2\/posts"}],"about":[{"href":"https:\/\/onlinetranslators.de\/news\/wp-json\/wp\/v2\/types\/post"}],"author":[{"embeddable":true,"href":"https:\/\/onlinetranslators.de\/news\/wp-json\/wp\/v2\/users\/1"}],"replies":[{"embeddable":true,"href":"https:\/\/onlinetranslators.de\/news\/wp-json\/wp\/v2\/comments?post=26898"}],"version-history":[{"count":0,"href":"https:\/\/onlinetranslators.de\/news\/wp-json\/wp\/v2\/posts\/26898\/revisions"}],"wp:featuredmedia":[{"embeddable":true,"href":"https:\/\/onlinetranslators.de\/news\/wp-json\/wp\/v2\/media\/26899"}],"wp:attachment":[{"href":"https:\/\/onlinetranslators.de\/news\/wp-json\/wp\/v2\/media?parent=26898"}],"wp:term":[{"taxonomy":"category","embeddable":true,"href":"https:\/\/onlinetranslators.de\/news\/wp-json\/wp\/v2\/categories?post=26898"},{"taxonomy":"post_tag","embeddable":true,"href":"https:\/\/onlinetranslators.de\/news\/wp-json\/wp\/v2\/tags?post=26898"}],"curies":[{"name":"wp","href":"https:\/\/api.w.org\/{rel}","templated":true}]}}