{"id":26754,"date":"2024-02-19T01:56:17","date_gmt":"2024-02-18T22:56:17","guid":{"rendered":"https:\/\/onlinetranslators.de\/news\/nachrichten\/danemark-will-gesamte-artilleriemunition-an-ukraine-spenden\/"},"modified":"2024-02-19T01:56:17","modified_gmt":"2024-02-18T22:56:17","slug":"danemark-will-gesamte-artilleriemunition-an-ukraine-spenden","status":"publish","type":"post","link":"https:\/\/onlinetranslators.de\/news\/nachrichten\/danemark-will-gesamte-artilleriemunition-an-ukraine-spenden\/","title":{"rendered":"D\u00e4nemark will gesamte Artilleriemunition an Ukraine spenden"},"content":{"rendered":"<p class=\"caps\"><a href=\"https:\/\/www.spiegel.de\/thema\/daenemark\/\" rel=\"noreferrer noopener\" target=\"_blank\">D\u00e4nemark<\/a> will seinen kompletten Vorrat an Artilleriemunition an die <a href=\"https:\/\/www.spiegel.de\/thema\/ukraine\/\" rel=\"noreferrer noopener\" target=\"_blank\">Ukraine<\/a> spenden. Das gab die d\u00e4nische Premierministerin Mette Frederiksen w\u00e4hrend des Ukraine-Mittagessens auf der M\u00fcnchner Sicherheitskonferenz bekannt. Zuvor hatte der ukrainische Pr\u00e4sident Selenskyj um Waffen und Munition geworben. <\/p>\n<p>\u00bbWenn man die Ukrainer fragt, bitten sie uns jetzt um Munition, jetzt um Artillerie. Von d\u00e4nischer Seite haben wir beschlossen, unsere gesamte Artillerie zu spenden\u00ab, so Frederiksen weiter. Zuvor hatten <a href=\"https:\/\/kyivindependent.com\/denmark-to-donate-all-its-artillery-to-ukraine-says-pm\/\" rel=\"noreferrer noopener\" target=\"_blank\">andere Medien            <\/a> berichtet. <\/p>\n<p>Artilleriegranaten sind ein essenzieller Bestandteil der ukrainischen Verteidigung. Frederiksen wies darauf hin, dass diese in <a href=\"https:\/\/www.spiegel.de\/thema\/europa\/\" rel=\"noreferrer noopener\" target=\"_blank\">Europa<\/a> ausreichend vorhanden seien. \u00bbEs gibt noch Munition in europ\u00e4ischen Best\u00e4nden. Es handelt sich nicht nur um eine Frage der Produktion, denn wir haben die Waffen, wir haben Munition, wir haben Flugabwehr, die wir im Moment selbst nicht verwenden m\u00fcssen, die wir aber an die Ukraine liefern sollten\u00ab, erkl\u00e4rte sie.<\/p>\n<p>Wie viele Geschosse sich derzeit in d\u00e4nischen Best\u00e4nden befinden, ist unbekannt. Zu den d\u00e4nischen Granaten d\u00fcrften allerdings weitere dazukommen. Der tschechische Pr\u00e4sident <a href=\"https:\/\/www.spiegel.de\/thema\/petr-pavel\/\" rel=\"noreferrer noopener\" target=\"_blank\">Petr Pavel<\/a> sagte auf der M\u00fcnchner Sicherheitskonferenz, dass seine Regierung rund 800.000 Geschosse auf dem Weltmarkt identifiziert habe. F\u00fcr die Munition suchen die Tschechen nun nach europ\u00e4ischen Mitk\u00e4ufern, um sie anschlie\u00dfend in die Ukraine zu schicken. <\/p>\n<p>\u00bbWir haben bereits eine halbe Million Geschosse des Kalibers 155 mm und weitere 300.000 Geschosse des Kalibers 122 mm identifiziert, die wir innerhalb weniger Wochen liefern k\u00f6nnen, wenn wir schnell eine Finanzierung daf\u00fcr finden\u00ab, so Pavel weiter. Wer sich an dem Kauf beteiligen will, ist bislang unklar. <\/p>\n<p><a href=\"https:\/\/www.spiegel.de\/thema\/prag\/\" rel=\"noreferrer noopener\" target=\"_blank\">Prag<\/a> wolle sich daf\u00fcr jedoch an <a href=\"https:\/\/www.spiegel.de\/thema\/berlin\/\" rel=\"noreferrer noopener\" target=\"_blank\">Berlin<\/a>, <a href=\"https:\/\/www.spiegel.de\/thema\/washington\/\" rel=\"noreferrer noopener\" target=\"_blank\">Washington<\/a>, Oslo und weitere Partnerl\u00e4nder wenden. Aus <a href=\"https:\/\/www.spiegel.de\/thema\/paris\/\" rel=\"noreferrer noopener\" target=\"_blank\">Paris<\/a> soll jedoch Gegenwind kommen, da man lieber heimische Munition senden wolle, um die franz\u00f6sische R\u00fcstungsindustrie zu st\u00e4rken. Auch <a href=\"https:\/\/www.spiegel.de\/thema\/zypern\/\" rel=\"noreferrer noopener\" target=\"_blank\">Zypern<\/a> und <a href=\"https:\/\/www.spiegel.de\/thema\/griechenland\/\" rel=\"noreferrer noopener\" target=\"_blank\">Griechenland<\/a> h\u00e4tten Bedenken ge\u00e4u\u00dfert, da ein Teil der Granaten offenbar aus t\u00fcrkischen Best\u00e4nden gekauft werden m\u00fcssten. Die diplomatischen Beziehungen zwischen Griechenland, Zypern und der <a href=\"https:\/\/www.spiegel.de\/thema\/tuerkei\/\" rel=\"noreferrer noopener\" target=\"_blank\">T\u00fcrkei<\/a> sind bereits jetzt angespannt \u2013 anscheinend f\u00fcrchtet man eine Verschlechterung der Verh\u00e4ltnisse. <\/p>\n<h3>Frederiksen: H\u00e4tten schon viel fr\u00fcher unterst\u00fctzen sollen<\/h3>\n<p>Laut D\u00e4nemarks Ministerpr\u00e4sidentin Mette Frederiksen hat die internationale Gemeinschaft im Umgang mit <a href=\"https:\/\/www.spiegel.de\/thema\/russland\/\" rel=\"noreferrer noopener\" target=\"_blank\">Russland<\/a> zu viel Zeit verstreichen lassen. \u00bbWir h\u00e4tten die Ukraine schon sehr viel fr\u00fcher besser unterst\u00fctzen sollen\u00ab, sagte sie am Samstag auf der M\u00fcnchner Sicherheitskonferenz.<\/p>\n<p>Mit Blick auf die aktuellen Forderungen nach Waffenlieferungen aus <a href=\"https:\/\/www.spiegel.de\/thema\/kiew\/\" rel=\"noreferrer noopener\" target=\"_blank\">Kiew<\/a> betonte Frederiksen, es m\u00fcsse alles geliefert werden, \u00bbwas n\u00f6tig ist\u00ab. Davon versuche D\u00e4nemark derzeit alle B\u00fcndnispartner zu \u00fcberzeugen. \u00bbUnsere F-16-Jets werden bald in der Ukraine fliegen\u00ab, sagte sie.<\/p>\n<p>Dar\u00fcber hinaus forderte Frederiksen den Aufbau einer europ\u00e4ischen Verteidigungsindustrie. \u00bbEgal, was in den <a href=\"https:\/\/www.spiegel.de\/thema\/usa\/\" rel=\"noreferrer noopener\" target=\"_blank\">USA<\/a> passiert, wir m\u00fcssen es schaffen, uns selbst zu verteidigen und die Ukraine\u00ab, sagte sie. Es sei nun nicht mehr die Zeit f\u00fcr tolle Reden, \u00bbwir brauchen Entscheidungen\u00ab.<\/p>\n<p>Bundeswirtschaftsminister <a href=\"https:\/\/www.spiegel.de\/thema\/robert_habeck\/\" rel=\"noreferrer noopener\" target=\"_blank\">Robert Habeck<\/a> (Gr\u00fcne) unterst\u00fctzte die Position von Frederiksen, unter anderem verhindere aber der Nationalstolz in einigen europ\u00e4ischen L\u00e4ndern den Aufbau einer gemeinsamen Verteidigungsindustrie. In <a href=\"https:\/\/www.spiegel.de\/thema\/deutschland\/\" rel=\"noreferrer noopener\" target=\"_blank\">Deutschland<\/a> sei zudem die geltende Regelung eine H\u00fcrde f\u00fcr schnellere Waffenproduktionen. So m\u00fcsse in Deutschland immer erst eine Bestellung samt gekl\u00e4rter Finanzierung vorliegen, bevor etwa Panzer gebaut w\u00fcrden. Angesichts der fortw\u00e4hrenden Debatten \u00fcber fehlende Waffen betonte er, es d\u00fcrfe nicht passieren, dass die Debatten im kommenden Jahr sich wieder um fehlendes Geld und Waffen drehten.<\/p>\n<p>Der ukrainischer Au\u00dfenminister Dmytro Kuleba erkl\u00e4rte, sein Land brauche \u00bbsehr viel mehr Artilleriemunition\u00ab. Zwar seien Drohnen auch ein wichtiger Faktor in der Kriegsf\u00fchrung geworden, sie w\u00fcrden aber Artilleriemunition nicht ersetzen. Kuleba appellierte an alle Partner der Ukraine, die Waffenproduktion \u00bbso schnell wie m\u00f6glich\u00ab zu steigern. \u00bbDas wird morgen nicht vorbei sein. Es gibt ein Land in Europa, Russland, das nur auf Krieg aus ist.\u00ab Die internationale Allianz gegen Russland bestehe aus 54 L\u00e4ndern, \u00bbwir k\u00f6nnen es schaffen\u00ab.<\/p>\n","protected":false},"excerpt":{"rendered":"<p>D\u00e4nemark will seinen kompletten Vorrat an Artilleriemunition an die Ukraine spenden. Das gab die d\u00e4nische Premierministerin Mette Frederiksen w\u00e4hrend des Ukraine-Mittagessens auf der M\u00fcnchner Sicherheitskonferenz bekannt. Zuvor hatte der ukrainische<\/p>\n","protected":false},"author":1,"featured_media":26755,"comment_status":"open","ping_status":"open","sticky":false,"template":"","format":"standard","meta":{"footnotes":""},"categories":[1],"tags":[],"class_list":["post-26754","post","type-post","status-publish","format-standard","has-post-thumbnail","hentry","category-nachrichten"],"_links":{"self":[{"href":"https:\/\/onlinetranslators.de\/news\/wp-json\/wp\/v2\/posts\/26754","targetHints":{"allow":["GET"]}}],"collection":[{"href":"https:\/\/onlinetranslators.de\/news\/wp-json\/wp\/v2\/posts"}],"about":[{"href":"https:\/\/onlinetranslators.de\/news\/wp-json\/wp\/v2\/types\/post"}],"author":[{"embeddable":true,"href":"https:\/\/onlinetranslators.de\/news\/wp-json\/wp\/v2\/users\/1"}],"replies":[{"embeddable":true,"href":"https:\/\/onlinetranslators.de\/news\/wp-json\/wp\/v2\/comments?post=26754"}],"version-history":[{"count":0,"href":"https:\/\/onlinetranslators.de\/news\/wp-json\/wp\/v2\/posts\/26754\/revisions"}],"wp:featuredmedia":[{"embeddable":true,"href":"https:\/\/onlinetranslators.de\/news\/wp-json\/wp\/v2\/media\/26755"}],"wp:attachment":[{"href":"https:\/\/onlinetranslators.de\/news\/wp-json\/wp\/v2\/media?parent=26754"}],"wp:term":[{"taxonomy":"category","embeddable":true,"href":"https:\/\/onlinetranslators.de\/news\/wp-json\/wp\/v2\/categories?post=26754"},{"taxonomy":"post_tag","embeddable":true,"href":"https:\/\/onlinetranslators.de\/news\/wp-json\/wp\/v2\/tags?post=26754"}],"curies":[{"name":"wp","href":"https:\/\/api.w.org\/{rel}","templated":true}]}}