{"id":26624,"date":"2024-02-13T09:56:53","date_gmt":"2024-02-13T06:56:53","guid":{"rendered":"https:\/\/onlinetranslators.de\/news\/nachrichten\/donald-trump-ex-us-prasident-reklamiert-starkung-der-nato-fur-sich\/"},"modified":"2024-02-13T09:56:53","modified_gmt":"2024-02-13T06:56:53","slug":"donald-trump-ex-us-prasident-reklamiert-starkung-der-nato-fur-sich","status":"publish","type":"post","link":"https:\/\/onlinetranslators.de\/news\/nachrichten\/donald-trump-ex-us-prasident-reklamiert-starkung-der-nato-fur-sich\/","title":{"rendered":"Donald Trump: Ex-US-Pr\u00e4sident reklamiert St\u00e4rkung der Nato f\u00fcr sich"},"content":{"rendered":"<p class=\"caps\">Nachdem <a href=\"https:\/\/www.spiegel.de\/thema\/donald_trump\/\" rel=\"noreferrer noopener\" target=\"_blank\">Donald Trump<\/a> erst mit der Wahlkampfaussage f\u00fcr Aufregung gesorgt hatte, s\u00e4umige <a href=\"https:\/\/www.spiegel.de\/thema\/nato\/\" rel=\"noreferrer noopener\" target=\"_blank\">Nato<\/a>-Partner im Ernstfall nicht vor <a href=\"https:\/\/www.spiegel.de\/thema\/russland\/\" rel=\"noreferrer noopener\" target=\"_blank\">Russland<\/a> sch\u00fctzen zu wollen, reklamiert der ehemalige US-Pr\u00e4sident nun gar f\u00fcr sich, das Verteidigungsb\u00fcndnis gest\u00e4rkt zu haben. \u00bbIch habe die Nato stark gemacht\u00ab, schrieb der Republikaner am Montagabend in Gro\u00dfbuchstaben in seinem sozialen Netzwerk Truth Social. Als er den L\u00e4ndern, die ihren gerechten Anteil nicht gezahlt h\u00e4tten, gesagt habe, sie m\u00fcssten zahlen, \u00bbda sie sonst keinen milit\u00e4rischen Schutz durch die <a href=\"https:\/\/www.spiegel.de\/thema\/usa\/\" rel=\"noreferrer noopener\" target=\"_blank\">USA<\/a> erhalten w\u00fcrden\u00ab, sei das Geld hereingekommen.<\/p>\n<p>\u00bbNach so vielen Jahren, in denen die Vereinigten Staaten die Rechnung bezahlt haben, war das ein sch\u00f6ner Anblick\u00ab, schrieb Trump weiter. Doch nachdem er nicht mehr da sei, um die Partner zum Zahlen aufzufordern, lasse deren Bereitschaft wieder nach.<\/p>\n<p>Der Republikaner hatte am Samstag bei einer Wahlkampfveranstaltung im US-Bundesstaat South Carolina gesagt, der \u00bbPr\u00e4sident eines gro\u00dfen Landes\u00ab habe ihn einmal gefragt, ob die USA das Land auch vor Russland besch\u00fctzen w\u00fcrden, wenn es die Verteidigungsausgaben nicht zahle. Er habe geantwortet: \u00bbNein, ich w\u00fcrde euch nicht besch\u00fctzen.\u00ab Vielmehr noch: Er w\u00fcrde Russland \u00bbsogar dazu ermutigen zu tun, was auch immer zur H\u00f6lle sie wollen\u00ab. Es war dabei unklar, ob es jemals so ein Gespr\u00e4ch zwischen Trump und einem Staatschef gegeben hat, denn der Republikaner sagte auch: \u00bbNehmen wir an, das ist passiert.\u00ab<\/p>\n<h3>Emp\u00f6rung bei Nato und EU<\/h3>\n<p>Die Infragestellung der Nato-Beistandspflicht durch Trump hatte eine Welle der Emp\u00f6rung von Washington \u00fcber Br\u00fcssel bis nach Berlin ausgel\u00f6st. Jede Andeutung, dass die Staaten der Allianz sich nicht gegenseitig verteidigen w\u00fcrden, untergrabe die Sicherheit aller Mitglieder, hatte <a href=\"https:\/\/www.spiegel.de\/ausland\/nato-generalsekretaer-stoltenberg-zu-trump-aussagen-untergraebt-unsere-gesamte-sicherheit-a-d7906dfc-1749-4bfd-932c-a045a66ab0a7\" rel=\"noreferrer noopener\" target=\"_blank\">Nato-Chef Jens Stoltenberg gewarnt<\/a>.<\/p>\n<p>Und auch der EU-Au\u00dfenbeauftragte <a href=\"https:\/\/www.spiegel.de\/ausland\/donald-trump-eu-beauftragter-josep-borrell-nennt-nato-aussagen-erschreckend-und-gefaehrlich-a-4e5a0abc-a21e-4da5-84a4-9307d4f77023\" rel=\"noreferrer noopener\" target=\"_blank\">Josep Borrell kritisierte Trump<\/a>: Das westliche Verteidigungsb\u00fcndnis k\u00f6nne \u00bbkein Milit\u00e4rb\u00fcndnis \u203a\u00e0 la carte\u2039 sein, das von der Laune des US-Pr\u00e4sidenten abh\u00e4ngt\u00ab, sagte Borrell. Trumps Aussagen seien \u00bberschreckend und gef\u00e4hrlich\u00ab.<\/p>\n<p>Trump will bei der US-Pr\u00e4sidentschaftswahl im November erneut f\u00fcr die Republikaner antreten und liegt in den parteiinternen Vorwahlen weit vor seiner Konkurrentin <a href=\"https:\/\/www.spiegel.de\/thema\/nikki-haley\/\" rel=\"noreferrer noopener\" target=\"_blank\">Nikki Haley<\/a>. Die republikanische Kandidatur ist ihm kaum noch zu nehmen. In seiner Amtszeit von 2017 bis 2021 hatte er die Nato-Staaten immer wieder zum Erreichen des Verteidigungsziels in H\u00f6he von zwei Prozent des Bruttoinlandsprodukts (BIP) aufgefordert und mit dem R\u00fcckzug der USA aus dem Verteidigungsb\u00fcndnis gedroht.<\/p>\n","protected":false},"excerpt":{"rendered":"<p>Nachdem Donald Trump erst mit der Wahlkampfaussage f\u00fcr Aufregung gesorgt hatte, s\u00e4umige Nato-Partner im Ernstfall nicht vor Russland sch\u00fctzen zu wollen, reklamiert der ehemalige US-Pr\u00e4sident nun gar f\u00fcr sich, das<\/p>\n","protected":false},"author":1,"featured_media":26625,"comment_status":"open","ping_status":"open","sticky":false,"template":"","format":"standard","meta":{"footnotes":""},"categories":[1],"tags":[],"class_list":["post-26624","post","type-post","status-publish","format-standard","has-post-thumbnail","hentry","category-nachrichten"],"_links":{"self":[{"href":"https:\/\/onlinetranslators.de\/news\/wp-json\/wp\/v2\/posts\/26624","targetHints":{"allow":["GET"]}}],"collection":[{"href":"https:\/\/onlinetranslators.de\/news\/wp-json\/wp\/v2\/posts"}],"about":[{"href":"https:\/\/onlinetranslators.de\/news\/wp-json\/wp\/v2\/types\/post"}],"author":[{"embeddable":true,"href":"https:\/\/onlinetranslators.de\/news\/wp-json\/wp\/v2\/users\/1"}],"replies":[{"embeddable":true,"href":"https:\/\/onlinetranslators.de\/news\/wp-json\/wp\/v2\/comments?post=26624"}],"version-history":[{"count":0,"href":"https:\/\/onlinetranslators.de\/news\/wp-json\/wp\/v2\/posts\/26624\/revisions"}],"wp:featuredmedia":[{"embeddable":true,"href":"https:\/\/onlinetranslators.de\/news\/wp-json\/wp\/v2\/media\/26625"}],"wp:attachment":[{"href":"https:\/\/onlinetranslators.de\/news\/wp-json\/wp\/v2\/media?parent=26624"}],"wp:term":[{"taxonomy":"category","embeddable":true,"href":"https:\/\/onlinetranslators.de\/news\/wp-json\/wp\/v2\/categories?post=26624"},{"taxonomy":"post_tag","embeddable":true,"href":"https:\/\/onlinetranslators.de\/news\/wp-json\/wp\/v2\/tags?post=26624"}],"curies":[{"name":"wp","href":"https:\/\/api.w.org\/{rel}","templated":true}]}}