{"id":26622,"date":"2024-02-13T07:56:09","date_gmt":"2024-02-13T04:56:09","guid":{"rendered":"https:\/\/onlinetranslators.de\/news\/nachrichten\/geplante-militaroffensive-israel-schlagt-zeltstadte-fur-bevolkerung-von-rafah-vor\/"},"modified":"2024-02-13T07:56:09","modified_gmt":"2024-02-13T04:56:09","slug":"geplante-militaroffensive-israel-schlagt-zeltstadte-fur-bevolkerung-von-rafah-vor","status":"publish","type":"post","link":"https:\/\/onlinetranslators.de\/news\/nachrichten\/geplante-militaroffensive-israel-schlagt-zeltstadte-fur-bevolkerung-von-rafah-vor\/","title":{"rendered":"Geplante Milit\u00e4roffensive: Israel schl\u00e4gt Zeltst\u00e4dte f\u00fcr Bev\u00f6lkerung von Rafah vor"},"content":{"rendered":"<p class=\"caps\">Israel hat vor der geplanten Milit\u00e4roffensive auf Rafah im S\u00fcden des Gazastreifens einem Medienbericht zufolge die Errichtung ausgedehnter Zeltst\u00e4dte f\u00fcr die zu evakuierende Bev\u00f6lkerung der Stadt vorgeschlagen. Wie die Zeitung \u00bbWall Street Journal\u00ab am Montag (Ortszeit) unter Berufung auf \u00e4gyptische Beamte berichtete, sieht Israels Vorschlag zur Evakuierung die Einrichtung von 15 Lagern mit jeweils rund 25.000 Zelten im s\u00fcdwestlichen Teil des abgeriegelten K\u00fcstengebietes vor.<\/p>\n<p>Das an Rafah grenzende \u00c4gypten w\u00e4re f\u00fcr die Einrichtung der Lager und der Feldlazarette zust\u00e4ndig, hie\u00df es. Die Stadt ist \u00fcberf\u00fcllt mit Hunderttausenden pal\u00e4stinensischen Binnenfl\u00fcchtlingen, die dort auf engstem Raum Schutz suchen. Im<a href=\"https:\/\/www.spiegel.de\/thema\/angriff-auf-israel-2023\/\" rel=\"noreferrer noopener\" target=\"_blank\"> Krieg gegen die Terrororganisation Hamas<\/a> bereitet sich Israel derzeit auf eine Milit\u00e4roffensive auf die Stadt vor, die es als die letzte Bastion der <a href=\"https:\/\/www.spiegel.de\/thema\/hamas\/\" rel=\"noreferrer noopener\" target=\"_blank\">Hamas <\/a>in Gaza sieht.<\/p>\n<p>Der Vorschlag zur Evakuierung der Bev\u00f6lkerung sei <a href=\"https:\/\/www.spiegel.de\/thema\/aegypten\/\" rel=\"noreferrer noopener\" target=\"_blank\">\u00c4gypten <\/a>in den vergangenen Tagen unterbreitet worden, berichtete die Zeitung. Er kommt zu einem Zeitpunkt, da Israels geplante Milit\u00e4roffensive auf Rafah international auf starke Kritik st\u00f6\u00dft.<\/p>\n<h3>Biden mahnt Schutz der Bev\u00f6lkerung an<\/h3>\n<p>Israels Regierung hat die in der Region t\u00e4tigen Uno-Organisationen dazu aufgefordert, bei der Evakuierung von Zivilisten aus Rafah zu helfen. Alles, was im s\u00fcdlichen Teil der Region an der Grenze zu \u00c4gypten passiere, m\u00fcsse unter voller Achtung des Schutzes der Zivilbev\u00f6lkerung stattfinden, sagte dazu Uno-Sprecher St\u00e9phane Dujarric am Montag in New York. \u00bbWir werden uns nicht an der Vertreibung von Menschen beteiligen\u00ab. Zudem stellte er infrage, dass es in anderen Gebieten Gazas sichere Zufluchtsst\u00e4tten gebe, auch angesichts der vielen Blindg\u00e4nger.<\/p>\n<p>US-Pr\u00e4sident <a href=\"https:\/\/www.spiegel.de\/thema\/joe_biden\/\" rel=\"noreferrer noopener\" target=\"_blank\">Joe Biden<\/a> mahnte mit Blick auf die geplante israelische Milit\u00e4roffensive in Rafah erneut mit eindringlichen Worten den Schutz der Zivilbev\u00f6lkerung an. Nach einem Treffen mit Jordaniens K\u00f6nig Abdullah II. im Wei\u00dfen Haus sagte Biden am Montag (Ortszeit): Eine Milit\u00e4roperation in Rafah d\u00fcrfe \u00bbnicht ohne einen glaubw\u00fcrdigen Plan zur Gew\u00e4hrleistung der Sicherheit und Unterst\u00fctzung von mehr als einer Million Menschen, die dort Schutz suchen, stattfinden\u00ab. Viele Menschen dort seien von anderen Orten vertrieben worden, mehrfach vertrieben, auf der Flucht vor Gewalt im Norden. Jetzt seien sie in Rafah \u00bbzusammengepfercht, ungesch\u00fctzt und wehrlos\u00ab. \u00bbSie m\u00fcssen gesch\u00fctzt werden\u00ab, forderte Biden. Die US-Regierung habe zudem von Anfang an deutlich gemacht, dass sie gegen jede Zwangsvertreibung von Pal\u00e4stinensern aus dem Gazastreifen sei.<\/p>\n<p>Jordaniens K\u00f6nig Abdullah II. warnte mit deutlichen Worten vor einer Offensive. \u00bbWir k\u00f6nnen uns einen israelischen Angriff auf Rafah nicht leisten. Er wird mit Sicherheit zu einer weiteren humanit\u00e4ren Katastrophe f\u00fchren\u00ab, sagte er. Die Situation sei bereits unertr\u00e4glich f\u00fcr mehr als eine Million Menschen, die seit Beginn des Krieges dorthin vertrieben worden seien. Er forderte einen sofortigen, dauerhaften Waffenstillstand. \u00bbDieser Krieg muss aufh\u00f6ren.\u00ab<\/p>\n","protected":false},"excerpt":{"rendered":"<p>Israel hat vor der geplanten Milit\u00e4roffensive auf Rafah im S\u00fcden des Gazastreifens einem Medienbericht zufolge die Errichtung ausgedehnter Zeltst\u00e4dte f\u00fcr die zu evakuierende Bev\u00f6lkerung der Stadt vorgeschlagen. Wie die Zeitung<\/p>\n","protected":false},"author":1,"featured_media":26623,"comment_status":"open","ping_status":"open","sticky":false,"template":"","format":"standard","meta":{"footnotes":""},"categories":[1],"tags":[],"class_list":["post-26622","post","type-post","status-publish","format-standard","has-post-thumbnail","hentry","category-nachrichten"],"_links":{"self":[{"href":"https:\/\/onlinetranslators.de\/news\/wp-json\/wp\/v2\/posts\/26622","targetHints":{"allow":["GET"]}}],"collection":[{"href":"https:\/\/onlinetranslators.de\/news\/wp-json\/wp\/v2\/posts"}],"about":[{"href":"https:\/\/onlinetranslators.de\/news\/wp-json\/wp\/v2\/types\/post"}],"author":[{"embeddable":true,"href":"https:\/\/onlinetranslators.de\/news\/wp-json\/wp\/v2\/users\/1"}],"replies":[{"embeddable":true,"href":"https:\/\/onlinetranslators.de\/news\/wp-json\/wp\/v2\/comments?post=26622"}],"version-history":[{"count":0,"href":"https:\/\/onlinetranslators.de\/news\/wp-json\/wp\/v2\/posts\/26622\/revisions"}],"wp:featuredmedia":[{"embeddable":true,"href":"https:\/\/onlinetranslators.de\/news\/wp-json\/wp\/v2\/media\/26623"}],"wp:attachment":[{"href":"https:\/\/onlinetranslators.de\/news\/wp-json\/wp\/v2\/media?parent=26622"}],"wp:term":[{"taxonomy":"category","embeddable":true,"href":"https:\/\/onlinetranslators.de\/news\/wp-json\/wp\/v2\/categories?post=26622"},{"taxonomy":"post_tag","embeddable":true,"href":"https:\/\/onlinetranslators.de\/news\/wp-json\/wp\/v2\/tags?post=26622"}],"curies":[{"name":"wp","href":"https:\/\/api.w.org\/{rel}","templated":true}]}}