{"id":26594,"date":"2024-02-12T02:17:57","date_gmt":"2024-02-11T23:17:57","guid":{"rendered":"https:\/\/onlinetranslators.de\/news\/nachrichten\/afd-birgit-malsack-winkemann-terrorverdachtige-kandidatin-in-u-haft-legt-bei-wiederholungswahl-zu\/"},"modified":"2024-02-12T02:17:57","modified_gmt":"2024-02-11T23:17:57","slug":"afd-birgit-malsack-winkemann-terrorverdachtige-kandidatin-in-u-haft-legt-bei-wiederholungswahl-zu","status":"publish","type":"post","link":"https:\/\/onlinetranslators.de\/news\/nachrichten\/afd-birgit-malsack-winkemann-terrorverdachtige-kandidatin-in-u-haft-legt-bei-wiederholungswahl-zu\/","title":{"rendered":"AfD: Birgit Malsack-Winkemann \u2013 terrorverd\u00e4chtige Kandidatin in U-Haft legt bei Wiederholungswahl zu"},"content":{"rendered":"<p class=\"caps\">Die Ex-Bundestagsabgeordnete\u202fBirgit Malsack-Winkemann sitzt <a href=\"https:\/\/www.spiegel.de\/panorama\/justiz\/birgit-malsack-winkemann-inhaftierte-richterin-aus-reichsbuerger-szene-des-dienstes-enthoben-a-bb5262e5-e435-4947-8cac-154ccaf9143e\" rel=\"noreferrer noopener\" target=\"_blank\">als mutma\u00dflicher Teil einer \u00bbReichsb\u00fcrger\u00ab-Gruppe<\/a> wegen Terrorverdachts in Untersuchungshaft. Dennoch konnte sie bei der teilweisen Wiederholung der Bundestagswahl einen minimalen Zuwachs ihres Stimmenanteils verbuchen.<\/p>\n<p>Malsack-Winkemann kam in ihrem Wahlkreis Steglitz-Zehlendorf nach Angaben der Landeswahlleitung am Sonntag auf 5,5 Prozent der Erststimmen. Das sind 0,2 Prozentpunkte mehr als bei der urspr\u00fcnglichen Bundestagswahl vor rund zweieinhalb Jahren. Dass sie \u00fcberhaupt gew\u00e4hlt werden kann, ist dem Wahlsystem geschuldet: Die Parteien d\u00fcrfen bei einer Wiederholungswahl keine neuen Kandidaten aufstellen. Entsprechend steht Malsack-Winkemann auch aus der Untersuchungshaft heraus wieder auf dem Wahlzettel wie schon 2021.<\/p>\n<p>Sie erhielt bei der Teilwiederholungswahl insgesamt 9277 Stimmen. Das Ergebnis setzt sich zusammen aus den am Sonntag abgegebenen Wiederholungswahl-Stimmen und denen der urspr\u00fcnglichen Wahl am 26. September 2021 in Wahlbezirken mit weiter g\u00fcltigem Ergebnis. Damals war Malsack-Winkemann nicht wieder in den <a href=\"https:\/\/www.spiegel.de\/thema\/bundestag\/\" rel=\"noreferrer noopener\" target=\"_blank\">Bundestag<\/a> gekommen.<\/p>\n<h3>Zuwachs f\u00fcr die AfD<\/h3>\n<p>Im Dezember 2022 war sie wie zahlreiche andere Verd\u00e4chtigte bei einer Gro\u00dfrazzia festgenommen worden. Die Bundesanwaltschaft wirft ihr Mitgliedschaft und Unterst\u00fctzung einer rechtsterroristischen Vereinigung vor. Sie hat einen Teil der Vorw\u00fcrfe zugegeben, bestreitet aber eine terroristische Zielsetzung der Gruppe.<\/p>\n<p>Auch die AfD als Partei legte in Steglitz-Zehlendorf leicht zu. Sie erhielt 10.036 Zweitstimmen. Das entspricht 5,9 Prozent und ist ebenfalls ein Plus von 0,2 Prozentpunkten. Das Direktmandat des Wahlkreises gewann erneut der CDU-Politiker Thomas Heilmann. Er legte beim Gesamtergebnis der Erststimmen im Vergleich zu 2021 um 0,6 Punkte auf 28,6 Prozent zu, wie aus der Internetseite der Landeswahlleitung hervorgeht.<\/p>\n","protected":false},"excerpt":{"rendered":"<p>Die Ex-Bundestagsabgeordnete\u202fBirgit Malsack-Winkemann sitzt als mutma\u00dflicher Teil einer \u00bbReichsb\u00fcrger\u00ab-Gruppe wegen Terrorverdachts in Untersuchungshaft. Dennoch konnte sie bei der teilweisen Wiederholung der Bundestagswahl einen minimalen Zuwachs ihres Stimmenanteils verbuchen. Malsack-Winkemann kam<\/p>\n","protected":false},"author":1,"featured_media":26595,"comment_status":"open","ping_status":"open","sticky":false,"template":"","format":"standard","meta":{"footnotes":""},"categories":[1],"tags":[],"class_list":["post-26594","post","type-post","status-publish","format-standard","has-post-thumbnail","hentry","category-nachrichten"],"_links":{"self":[{"href":"https:\/\/onlinetranslators.de\/news\/wp-json\/wp\/v2\/posts\/26594","targetHints":{"allow":["GET"]}}],"collection":[{"href":"https:\/\/onlinetranslators.de\/news\/wp-json\/wp\/v2\/posts"}],"about":[{"href":"https:\/\/onlinetranslators.de\/news\/wp-json\/wp\/v2\/types\/post"}],"author":[{"embeddable":true,"href":"https:\/\/onlinetranslators.de\/news\/wp-json\/wp\/v2\/users\/1"}],"replies":[{"embeddable":true,"href":"https:\/\/onlinetranslators.de\/news\/wp-json\/wp\/v2\/comments?post=26594"}],"version-history":[{"count":0,"href":"https:\/\/onlinetranslators.de\/news\/wp-json\/wp\/v2\/posts\/26594\/revisions"}],"wp:featuredmedia":[{"embeddable":true,"href":"https:\/\/onlinetranslators.de\/news\/wp-json\/wp\/v2\/media\/26595"}],"wp:attachment":[{"href":"https:\/\/onlinetranslators.de\/news\/wp-json\/wp\/v2\/media?parent=26594"}],"wp:term":[{"taxonomy":"category","embeddable":true,"href":"https:\/\/onlinetranslators.de\/news\/wp-json\/wp\/v2\/categories?post=26594"},{"taxonomy":"post_tag","embeddable":true,"href":"https:\/\/onlinetranslators.de\/news\/wp-json\/wp\/v2\/tags?post=26594"}],"curies":[{"name":"wp","href":"https:\/\/api.w.org\/{rel}","templated":true}]}}