{"id":26520,"date":"2024-02-08T20:36:58","date_gmt":"2024-02-08T17:36:58","guid":{"rendered":"https:\/\/onlinetranslators.de\/news\/nachrichten\/ukraine-wolodymyr-selenskyj-tauscht-armeespitze-aus\/"},"modified":"2024-02-08T20:36:58","modified_gmt":"2024-02-08T17:36:58","slug":"ukraine-wolodymyr-selenskyj-tauscht-armeespitze-aus","status":"publish","type":"post","link":"https:\/\/onlinetranslators.de\/news\/nachrichten\/ukraine-wolodymyr-selenskyj-tauscht-armeespitze-aus\/","title":{"rendered":"Ukraine: Wolodymyr Selenskyj tauscht Armeespitze aus"},"content":{"rendered":"<p class=\"caps\">Die <a href=\"https:\/\/www.spiegel.de\/thema\/ukraine\/\" rel=\"noreferrer noopener\" target=\"_blank\">Ukraine<\/a> ordnet laut Pr\u00e4sident <a href=\"https:\/\/www.spiegel.de\/thema\/wolodymyr_selensky\/\" rel=\"noreferrer noopener\" target=\"_blank\">Wolodymyr Selenskyj<\/a> die F\u00fchrung ihrer Armee neu. Er habe sich mit Generalstabschef Walerij Saluschny getroffen und ihm gesagt, es sei an der Zeit, dass jemand Neues die Armee anf\u00fchre.<\/p>\n<p>Er habe Saluschny aber gebeten, im \u00bbTeam\u00ab zu bleiben, schrieb Selenskyj auf X, vormals Twitter. Saluschny selbst sagt, es seien Entscheidungen getroffen worden, um Taktik und Strategie zu \u00e4ndern. Die Aufgaben in diesem Jahr seien andere als im Jahr 2022. Jedermann sollte sich den neuen Realit\u00e4ten anpassen.<\/p>\n<p>Auch die Nachfolge ist bereits geregelt. Neuer Armeechef wird Olexsandr Syrskyj. Der 58-J\u00e4hrige war bislang Kommandeur der Landstreitkr\u00e4fte. Er machte sich bei der Verteidigung von Kiew im Fr\u00fchjahr 2022 und der R\u00fcckeroberung des Charkiwer Gebiets im Herbst 2022 verdient.<\/p>\n<p>Nato-Generalsekret\u00e4r Jens Stoltenberg teilte mit, es handle sich selbstverst\u00e4ndlich um eine Entscheidung der Ukraine. Er begr\u00fc\u00dfe die Aussage von Au\u00dfenminister Kuleba, dass Wechsel nichts an der Beziehung der Ukraine zu Partnerl\u00e4ndern und der Nato \u00e4nderten. Man werde die Unterst\u00fctzung der Ukraine fortsetzen.<\/p>\n<h3>Zerw\u00fcrfnis zwischen Selenskyj und Saluschny<\/h3>\n<p>In den vergangenen Wochen hatte es immer wieder Berichte \u00fcber ein Zerw\u00fcrfnis zwischen Selenskyj und Saluschny gegeben. In mehreren Punkten soll es Differenzen zwischen den beiden gegeben haben.<\/p>\n<p>Das Pr\u00e4sidentenb\u00fcro verd\u00e4chtigte Saluschny oder zumindest dessen Umfeld, politische Ambitionen zu hegen. Das Vertrauensverh\u00e4ltnis der beiden galt sp\u00e4testens als belastet, nachdem Saluschny im November in der britischen Zeitschrift \u00bbEconomist\u00ab einen ausf\u00fchrlichen Artikel zum Kriegsverlauf samt Interview ver\u00f6ffentlicht hatte. Dies geschah laut Pr\u00e4sidentenb\u00fcro ohne Absprache. Der Armeechef zeichnete ein d\u00fcsteres Bild von einem Patt, \u00e4hnlich dem Stellungskrieg im Ersten Weltkrieg \u2013 Selenskyj verbreitete auf der Suche nach westlichen Waffen zu der Zeit noch Optimismus. Er widersprach Saluschny.<\/p>\n<p>Ein weiterer Streitpunkt waren unterschiedliche Auffassungen zum weiteren milit\u00e4rischen Vorgehen. Selenskyj fehlen Erfolge an der Front im vergangenen Jahr und offenbar auch konkrete Pl\u00e4ne, wie besetzte Territorien zu befreien sind.<\/p>\n<p>Einen Konflikt gab es auch wegen des Personalbedarfs des Milit\u00e4rs. Saluschny hatte Selenskyj unter anderem aufgefordert, rund eine halbe Millionen mehr Menschen f\u00fcr das Milit\u00e4r einzuziehen, um die ersch\u00f6pften Soldaten an der Front zu entlasten. Selenskyj sagte im Dezember bei einer Pressekonferenz, daf\u00fcr brauche er Argumente. Im Januar lehnte das Parlament in Kiew ein entsprechendes Gesetz ab.<\/p>\n<p>Kiews B\u00fcrgermeister <a href=\"https:\/\/www.spiegel.de\/thema\/vitali_klitschko\/\" rel=\"noreferrer noopener\" target=\"_blank\">Vitali Klitschko<\/a> hatte sich erst vor wenigen Tagen f\u00fcr Saluschny eingesetzt. \u00bbIn vielerlei Hinsicht ist es Saluschny zu verdanken, dass die Ukrainer wirklich an unsere Streitkr\u00e4fte geglaubt haben\u00ab, schrieb Klitschko im Messengerdienst Telegram. Der General habe dabei w\u00e4hrend des Krieges mehrfach schwierige Situationen \u00fcberstanden.<\/p>\n<p>Die <a href=\"https:\/\/www.spiegel.de\/thema\/ukraine\/\" rel=\"noreferrer noopener\" target=\"_blank\">Ukraine<\/a> wehrt seit fast zwei Jahren eine russische Invasion ab. Saluschny werden hohe Verdienste bei der Verteidigung von Kiew und der R\u00fcckeroberung von Gebieten in der Ost- und S\u00fcdukraine zugeschrieben. In Umfragen ist der General beliebter als Pr\u00e4sident Selenskyj.<\/p>\n","protected":false},"excerpt":{"rendered":"<p>Die Ukraine ordnet laut Pr\u00e4sident Wolodymyr Selenskyj die F\u00fchrung ihrer Armee neu. Er habe sich mit Generalstabschef Walerij Saluschny getroffen und ihm gesagt, es sei an der Zeit, dass jemand<\/p>\n","protected":false},"author":1,"featured_media":26521,"comment_status":"open","ping_status":"open","sticky":false,"template":"","format":"standard","meta":{"footnotes":""},"categories":[1],"tags":[],"class_list":["post-26520","post","type-post","status-publish","format-standard","has-post-thumbnail","hentry","category-nachrichten"],"_links":{"self":[{"href":"https:\/\/onlinetranslators.de\/news\/wp-json\/wp\/v2\/posts\/26520","targetHints":{"allow":["GET"]}}],"collection":[{"href":"https:\/\/onlinetranslators.de\/news\/wp-json\/wp\/v2\/posts"}],"about":[{"href":"https:\/\/onlinetranslators.de\/news\/wp-json\/wp\/v2\/types\/post"}],"author":[{"embeddable":true,"href":"https:\/\/onlinetranslators.de\/news\/wp-json\/wp\/v2\/users\/1"}],"replies":[{"embeddable":true,"href":"https:\/\/onlinetranslators.de\/news\/wp-json\/wp\/v2\/comments?post=26520"}],"version-history":[{"count":0,"href":"https:\/\/onlinetranslators.de\/news\/wp-json\/wp\/v2\/posts\/26520\/revisions"}],"wp:featuredmedia":[{"embeddable":true,"href":"https:\/\/onlinetranslators.de\/news\/wp-json\/wp\/v2\/media\/26521"}],"wp:attachment":[{"href":"https:\/\/onlinetranslators.de\/news\/wp-json\/wp\/v2\/media?parent=26520"}],"wp:term":[{"taxonomy":"category","embeddable":true,"href":"https:\/\/onlinetranslators.de\/news\/wp-json\/wp\/v2\/categories?post=26520"},{"taxonomy":"post_tag","embeddable":true,"href":"https:\/\/onlinetranslators.de\/news\/wp-json\/wp\/v2\/tags?post=26520"}],"curies":[{"name":"wp","href":"https:\/\/api.w.org\/{rel}","templated":true}]}}