{"id":26506,"date":"2024-02-08T05:46:20","date_gmt":"2024-02-08T02:46:20","guid":{"rendered":"https:\/\/onlinetranslators.de\/news\/nachrichten\/antony-blinken-verscharft-ton-gegenuber-israel\/"},"modified":"2024-02-08T05:46:20","modified_gmt":"2024-02-08T02:46:20","slug":"antony-blinken-verscharft-ton-gegenuber-israel","status":"publish","type":"post","link":"https:\/\/onlinetranslators.de\/news\/nachrichten\/antony-blinken-verscharft-ton-gegenuber-israel\/","title":{"rendered":"Antony Blinken versch\u00e4rft Ton gegen\u00fcber Israel"},"content":{"rendered":"<p class=\"caps\">US-Au\u00dfenminister<a href=\"https:\/\/www.spiegel.de\/thema\/antony-blinken\/\" rel=\"noreferrer noopener\" target=\"_blank\"> Antony Blinken<\/a> hat die israelische F\u00fchrung bei einem Besuch in <a href=\"https:\/\/www.spiegel.de\/thema\/israel\/\" rel=\"noreferrer noopener\" target=\"_blank\">Israel <\/a>in versch\u00e4rfter Tonlage ermahnt, im Krieg gegen die Terrororganisation <a href=\"https:\/\/www.spiegel.de\/thema\/hamas\/\" rel=\"noreferrer noopener\" target=\"_blank\">Hamas <\/a>mehr f\u00fcr den Schutz von Zivilisten zu tun.<\/p>\n<p>\u00bbDie Israelis wurden am 7. Oktober auf grausamste Weise entmenschlicht\u00ab, betonte Blinken mit Blick auf das Massaker von Hamas-Terroristen in Israel vor vier Monaten. Die damals verschleppten Geiseln seien seitdem jeden Tag entmenschlicht worden. \u00bbAber das kann kein Freibrief daf\u00fcr sein, selbst andere zu entmenschlichen.\u00ab Die \u00fcberw\u00e4ltigende Mehrheit der Menschen in Gaza habe nichts mit dem Angriff der Hamas vom Oktober zu tun. Die Familien in Gaza, deren \u00dcberleben von israelischen Hilfslieferungen abh\u00e4ngig sei, seien wie Familien \u00fcberall auf der Welt, die ein normales Leben leben und ihre Kinder zur Schule schicken wollten.<\/p>\n<h3>Gespr\u00e4che mit Netanyahu<\/h3>\n<p>Die USA dr\u00e4ngten Israel schon l\u00e4nger, den Schutz der Zivilbev\u00f6lkerung zu verst\u00e4rken und mehr Hilfe f\u00fcr die Bev\u00f6lkerung in Gaza zu erm\u00f6glichen, betonte er. \u00bbUnd in den vergangenen vier Monaten hat Israel wichtige Schritte unternommen, um genau das zu tun.\u00ab Doch die t\u00e4glichen Opfer, die die Milit\u00e4roperationen der unschuldigen Zivilbev\u00f6lkerung abverlangten, seien \u00bbimmer noch zu hoch\u00ab. Das habe er auch dem israelischen Premierminister Benjamin Netanyahu und anderen Regierungsmitgliedern bei seinen Gespr\u00e4chen gesagt. Er habe auch mehrere wesentliche Schritte genannt, die Israel unternehmen sollte \u2013 unter anderem, um mehr humanit\u00e4re Hilfe f\u00fcr den Gazastreifen zuzulassen.<\/p>\n<p>Terroristen hatten am 7. Oktober im Auftrag der Hamas in Israel ein verheerendes Massaker an Zivilisten angerichtet. Seitdem f\u00fchrt Israel Krieg gegen die Hamas im Gazastreifen. Bei dem \u00dcberfall auf Israel waren damals auch mehr als 200 Menschen gewaltsam verschleppt worden. Einige davon wurden inzwischen freigelassen.<\/p>\n<p>Die hohe Zahl ziviler Opfer im Israel-Gaza-Krieg und die humanit\u00e4re Katastrophe f\u00fcr die pal\u00e4stinensische Zivilbev\u00f6lkerung durch den Konflikt haben international scharfe Kritik am Vorgehen Israels ausgel\u00f6st.<\/p>\n","protected":false},"excerpt":{"rendered":"<p>US-Au\u00dfenminister Antony Blinken hat die israelische F\u00fchrung bei einem Besuch in Israel in versch\u00e4rfter Tonlage ermahnt, im Krieg gegen die Terrororganisation Hamas mehr f\u00fcr den Schutz von Zivilisten zu tun.<\/p>\n","protected":false},"author":1,"featured_media":26507,"comment_status":"open","ping_status":"open","sticky":false,"template":"","format":"standard","meta":{"footnotes":""},"categories":[1],"tags":[],"class_list":["post-26506","post","type-post","status-publish","format-standard","has-post-thumbnail","hentry","category-nachrichten"],"_links":{"self":[{"href":"https:\/\/onlinetranslators.de\/news\/wp-json\/wp\/v2\/posts\/26506","targetHints":{"allow":["GET"]}}],"collection":[{"href":"https:\/\/onlinetranslators.de\/news\/wp-json\/wp\/v2\/posts"}],"about":[{"href":"https:\/\/onlinetranslators.de\/news\/wp-json\/wp\/v2\/types\/post"}],"author":[{"embeddable":true,"href":"https:\/\/onlinetranslators.de\/news\/wp-json\/wp\/v2\/users\/1"}],"replies":[{"embeddable":true,"href":"https:\/\/onlinetranslators.de\/news\/wp-json\/wp\/v2\/comments?post=26506"}],"version-history":[{"count":0,"href":"https:\/\/onlinetranslators.de\/news\/wp-json\/wp\/v2\/posts\/26506\/revisions"}],"wp:featuredmedia":[{"embeddable":true,"href":"https:\/\/onlinetranslators.de\/news\/wp-json\/wp\/v2\/media\/26507"}],"wp:attachment":[{"href":"https:\/\/onlinetranslators.de\/news\/wp-json\/wp\/v2\/media?parent=26506"}],"wp:term":[{"taxonomy":"category","embeddable":true,"href":"https:\/\/onlinetranslators.de\/news\/wp-json\/wp\/v2\/categories?post=26506"},{"taxonomy":"post_tag","embeddable":true,"href":"https:\/\/onlinetranslators.de\/news\/wp-json\/wp\/v2\/tags?post=26506"}],"curies":[{"name":"wp","href":"https:\/\/api.w.org\/{rel}","templated":true}]}}