{"id":26436,"date":"2024-02-05T04:19:05","date_gmt":"2024-02-05T01:19:05","guid":{"rendered":"https:\/\/onlinetranslators.de\/news\/nachrichten\/ukraine-wolodymyr-selenskyj-spricht-uber-austausch-mehrerer-fuhrender-vertreter\/"},"modified":"2024-02-05T04:19:05","modified_gmt":"2024-02-05T01:19:05","slug":"ukraine-wolodymyr-selenskyj-spricht-uber-austausch-mehrerer-fuhrender-vertreter","status":"publish","type":"post","link":"https:\/\/onlinetranslators.de\/news\/nachrichten\/ukraine-wolodymyr-selenskyj-spricht-uber-austausch-mehrerer-fuhrender-vertreter\/","title":{"rendered":"Ukraine: Wolodymyr Selenskyj spricht \u00fcber Austausch mehrerer f\u00fchrender Vertreter"},"content":{"rendered":"<p class=\"caps\">Der ukrainische Pr\u00e4sident <a href=\"https:\/\/www.spiegel.de\/thema\/wolodymyr_selensky\/\" rel=\"noreferrer noopener\" target=\"_blank\">Wolodymyr Selenskyj<\/a> erw\u00e4gt nach eigenen Angaben eine Abl\u00f6sung mehrerer f\u00fchrender Vertreter der <a href=\"https:\/\/www.spiegel.de\/thema\/ukraine\/\" rel=\"noreferrer noopener\" target=\"_blank\">Ukraine<\/a>. Dem italienischen Fernsehsender RAI sagte er in einem Interview auf die Frage nach einer m\u00f6glichen Abl\u00f6sung des milit\u00e4rischen Oberbefehlshabers Walerij Saluschny, es gehe um die F\u00fchrung der Ukraine. Ein Neuanfang sei n\u00f6tig. Eine Abl\u00f6sung einer Anzahl f\u00fchrender Repr\u00e4sentanten des Staats, nicht nur im Bereich der Armee, w\u00fcrde demnach abgewogen.<\/p>\n<p>\u00bbIch spreche davon, dass eine Reihe von Staatsf\u00fchrern ausgetauscht werden m\u00fcssen, nicht nur im Armeesektor. Ich denke \u00fcber diese Abl\u00f6sung nach. Das ist eine Frage f\u00fcr die gesamte F\u00fchrung des Landes\u00ab, so Selenskyj im Interview.<\/p>\n<p>Nach SPIEGEL-Informationen hatte Selenskyj vergangene Woche bereits versucht, Saluschny in einem pers\u00f6nlichen Gespr\u00e4ch <a href=\"https:\/\/www.spiegel.de\/ausland\/walerij-saluschnyj-der-gescheiterte-rausschmiss-des-ukrainischen-armeechefs-a-d848d78e-ecd2-42b7-b6e6-941069a09fa0\" rel=\"noreferrer noopener\" target=\"_blank\">zum R\u00fccktritt zu bewegen<\/a>. Doch Saluschny lehnte ab.<\/p>\n<p>Dass das Verh\u00e4ltnis zwischen Pr\u00e4sident und Armeechef belastet ist, ist seit Langem bekannt. Zum einen verd\u00e4chtigt das Pr\u00e4sidentenb\u00fcro Saluschny oder zumindest dessen Umfeld, <a href=\"https:\/\/www.spiegel.de\/ausland\/walerij-saluschny-selenskyjs-angst-vor-dem-ukrainischen-eisenhower-a-e31e95f5-1fc9-47ae-8bf3-c14ac483fb30\" rel=\"noreferrer noopener\" target=\"_blank\">politische Ambitionen zu hegen<\/a>. Der Milit\u00e4r ist in der Bev\u00f6lkerung au\u00dferordentlich beliebt. Zudem ist das Vertrauensverh\u00e4ltnis belastet, seit Saluschny im November <a href=\"https:\/\/www.spiegel.de\/ausland\/russland-ukraine-krieg-kiew-warnt-vor-stellungskampf-a-75aae204-00b6-42f4-b226-65457a8a8a0b\" rel=\"noreferrer noopener\" target=\"_blank\">in der britischen Zeitschrift \u00bbEconomist\u00ab<\/a> einen ausf\u00fchrlichen Artikel zum Kriegsverlauf samt Interview ver\u00f6ffentlichte \u2013 ohne Absprache, wie man im Pr\u00e4sidentenb\u00fcro klagte.<\/p>\n<p>Im November vergangenen Jahres hatte Selenskyj Saluschny in einem <a href=\"https:\/\/www.thesun.co.uk\/news\/24799411\/zelensky-ukraine-generals-politics-row\/\" rel=\"noreferrer noopener\" target=\"_blank\">Interview mit dem britischen Boulevardblatt \u00bbThe Sun\u00ab            <\/a> gewarnt, politische Ambitionen zu hegen. \u00bbBei allem Respekt f\u00fcr General Saluschny und alle Kommandeure, die auf dem Schlachtfeld sind, gibt es ein absolutes Verst\u00e4ndnis der Hierarchie, es kann nicht zwei, drei, vier, f\u00fcnf geben\u00ab, sagte der ukrainische Staatschef. Er warnte die Milit\u00e4rf\u00fchrung seines Landes vor einem Einstieg in die Politik. \u00bbWenn man den Krieg mit dem Gedanken f\u00fchrt, dass man morgen Politik oder Wahlen macht, dann verh\u00e4lt man sich in seinen Worten und an der Front wie ein Politiker und nicht wie ein Milit\u00e4r\u00ab, sagte er in dem Interview. Das, so Selenskyj, w\u00e4re ein gro\u00dfer Fehler.<\/p>\n","protected":false},"excerpt":{"rendered":"<p>Der ukrainische Pr\u00e4sident Wolodymyr Selenskyj erw\u00e4gt nach eigenen Angaben eine Abl\u00f6sung mehrerer f\u00fchrender Vertreter der Ukraine. Dem italienischen Fernsehsender RAI sagte er in einem Interview auf die Frage nach einer<\/p>\n","protected":false},"author":1,"featured_media":26437,"comment_status":"open","ping_status":"open","sticky":false,"template":"","format":"standard","meta":{"footnotes":""},"categories":[1],"tags":[],"class_list":["post-26436","post","type-post","status-publish","format-standard","has-post-thumbnail","hentry","category-nachrichten"],"_links":{"self":[{"href":"https:\/\/onlinetranslators.de\/news\/wp-json\/wp\/v2\/posts\/26436","targetHints":{"allow":["GET"]}}],"collection":[{"href":"https:\/\/onlinetranslators.de\/news\/wp-json\/wp\/v2\/posts"}],"about":[{"href":"https:\/\/onlinetranslators.de\/news\/wp-json\/wp\/v2\/types\/post"}],"author":[{"embeddable":true,"href":"https:\/\/onlinetranslators.de\/news\/wp-json\/wp\/v2\/users\/1"}],"replies":[{"embeddable":true,"href":"https:\/\/onlinetranslators.de\/news\/wp-json\/wp\/v2\/comments?post=26436"}],"version-history":[{"count":0,"href":"https:\/\/onlinetranslators.de\/news\/wp-json\/wp\/v2\/posts\/26436\/revisions"}],"wp:featuredmedia":[{"embeddable":true,"href":"https:\/\/onlinetranslators.de\/news\/wp-json\/wp\/v2\/media\/26437"}],"wp:attachment":[{"href":"https:\/\/onlinetranslators.de\/news\/wp-json\/wp\/v2\/media?parent=26436"}],"wp:term":[{"taxonomy":"category","embeddable":true,"href":"https:\/\/onlinetranslators.de\/news\/wp-json\/wp\/v2\/categories?post=26436"},{"taxonomy":"post_tag","embeddable":true,"href":"https:\/\/onlinetranslators.de\/news\/wp-json\/wp\/v2\/tags?post=26436"}],"curies":[{"name":"wp","href":"https:\/\/api.w.org\/{rel}","templated":true}]}}