{"id":26414,"date":"2024-02-04T05:35:55","date_gmt":"2024-02-04T02:35:55","guid":{"rendered":"https:\/\/onlinetranslators.de\/news\/nachrichten\/andrzej-duda-polnischer-prasident-sorgt-mit-krim-auserung-fur-kritik\/"},"modified":"2024-02-04T05:35:55","modified_gmt":"2024-02-04T02:35:55","slug":"andrzej-duda-polnischer-prasident-sorgt-mit-krim-auserung-fur-kritik","status":"publish","type":"post","link":"https:\/\/onlinetranslators.de\/news\/nachrichten\/andrzej-duda-polnischer-prasident-sorgt-mit-krim-auserung-fur-kritik\/","title":{"rendered":"Andrzej Duda: Polnischer Pr\u00e4sident sorgt mit Krim-\u00c4u\u00dferung f\u00fcr Kritik"},"content":{"rendered":"<p class=\"caps\">Der polnische Pr\u00e4sident <a href=\"https:\/\/www.spiegel.de\/thema\/andrzej_duda\/\" rel=\"noreferrer noopener\" target=\"_blank\">Andrzej Duda<\/a>, 51, hat Zweifel an einer R\u00fcckeroberung der Krim durch die <a href=\"https:\/\/www.spiegel.de\/thema\/ukraine\/\" rel=\"noreferrer noopener\" target=\"_blank\">Ukraine<\/a> ge\u00e4u\u00dfert und damit f\u00fcr Kritik gesorgt. In einem Interview mit dem Youtube-Projekt \u00bbKanal Zero\u00ab wurde der nationalkonservative Politiker gefragt, ob die Ukraine die Schwarzmeerhalbinsel zur\u00fcckerlangen werde. Antwort Duda: Er wisse es nicht. Anders als bei den Regionen Luhansk und <a href=\"https:\/\/www.spiegel.de\/thema\/donezk\/\" rel=\"noreferrer noopener\" target=\"_blank\">Donezk<\/a> handele sich um ein besonderes Gebiet. \u00bbDenn historisch betrachtet war es f\u00fcr mehr Zeit in der Hand Russlands.\u00ab<\/p>\n<p>Der ukrainische Botschafter in <a href=\"https:\/\/www.spiegel.de\/thema\/polen\/\" rel=\"noreferrer noopener\" target=\"_blank\">Polen<\/a>, Wasyl Zwarycz, zeigte sich irritiert. \u00bbDie Krim ist (Teil der) Ukraine: Sie ist es und bleibt es\u00ab, schrieb er auf der Plattform X. Die Befreiung der Krim von der russischen Okkupation sei die gemeinsame Aufgabe und Pflicht der freien Welt.<\/p>\n<p>Duda selbst stellte sp\u00e4ter auch die polnische Position klar: \u00bbDer russische Angriff auf die Ukraine und die Besetzung international anerkannter Gebiete der Ukraine, einschlie\u00dflich der Krim, ist ein Verbrechen\u00ab, lie\u00df er mitteilen.<\/p>\n<p>Der polnische Au\u00dfenminister Radoslaw Sikorski betonte, dass Polen die Unabh\u00e4ngigkeit der Ukraine in ihren international etablierten Grenzen anerkenne, wie sie unter anderem im Budapester Memorandum von 1994 festgehalten wurden. <a href=\"https:\/\/www.spiegel.de\/thema\/russland\/\" rel=\"noreferrer noopener\" target=\"_blank\">Russland<\/a> hatte die Krim 2014 annektiert, was international Proteste und Sanktionen zur Folge hatte. Seit Februar 2022 f\u00fchrt Russland einen umfassenden Angriffskrieg gegen die Ukraine.<\/p>\n","protected":false},"excerpt":{"rendered":"<p>Der polnische Pr\u00e4sident Andrzej Duda, 51, hat Zweifel an einer R\u00fcckeroberung der Krim durch die Ukraine ge\u00e4u\u00dfert und damit f\u00fcr Kritik gesorgt. In einem Interview mit dem Youtube-Projekt \u00bbKanal Zero\u00ab<\/p>\n","protected":false},"author":1,"featured_media":26415,"comment_status":"open","ping_status":"open","sticky":false,"template":"","format":"standard","meta":{"footnotes":""},"categories":[1],"tags":[],"class_list":["post-26414","post","type-post","status-publish","format-standard","has-post-thumbnail","hentry","category-nachrichten"],"_links":{"self":[{"href":"https:\/\/onlinetranslators.de\/news\/wp-json\/wp\/v2\/posts\/26414","targetHints":{"allow":["GET"]}}],"collection":[{"href":"https:\/\/onlinetranslators.de\/news\/wp-json\/wp\/v2\/posts"}],"about":[{"href":"https:\/\/onlinetranslators.de\/news\/wp-json\/wp\/v2\/types\/post"}],"author":[{"embeddable":true,"href":"https:\/\/onlinetranslators.de\/news\/wp-json\/wp\/v2\/users\/1"}],"replies":[{"embeddable":true,"href":"https:\/\/onlinetranslators.de\/news\/wp-json\/wp\/v2\/comments?post=26414"}],"version-history":[{"count":0,"href":"https:\/\/onlinetranslators.de\/news\/wp-json\/wp\/v2\/posts\/26414\/revisions"}],"wp:featuredmedia":[{"embeddable":true,"href":"https:\/\/onlinetranslators.de\/news\/wp-json\/wp\/v2\/media\/26415"}],"wp:attachment":[{"href":"https:\/\/onlinetranslators.de\/news\/wp-json\/wp\/v2\/media?parent=26414"}],"wp:term":[{"taxonomy":"category","embeddable":true,"href":"https:\/\/onlinetranslators.de\/news\/wp-json\/wp\/v2\/categories?post=26414"},{"taxonomy":"post_tag","embeddable":true,"href":"https:\/\/onlinetranslators.de\/news\/wp-json\/wp\/v2\/tags?post=26414"}],"curies":[{"name":"wp","href":"https:\/\/api.w.org\/{rel}","templated":true}]}}