{"id":26368,"date":"2024-02-02T05:45:54","date_gmt":"2024-02-02T02:45:54","guid":{"rendered":"https:\/\/onlinetranslators.de\/news\/nachrichten\/jordanien-usa-kundigen-vergeltungsschlage-gegen-proiranische-milizen-an\/"},"modified":"2024-02-02T05:45:54","modified_gmt":"2024-02-02T02:45:54","slug":"jordanien-usa-kundigen-vergeltungsschlage-gegen-proiranische-milizen-an","status":"publish","type":"post","link":"https:\/\/onlinetranslators.de\/news\/nachrichten\/jordanien-usa-kundigen-vergeltungsschlage-gegen-proiranische-milizen-an\/","title":{"rendered":"Jordanien: USA k\u00fcndigen Vergeltungsschl\u00e4ge gegen proiranische Milizen an"},"content":{"rendered":"<p class=\"caps\">Lloyd Austin hat harte Wochen hinter sich: eine Krebsdiagnose im vergangenen Dezember, ein erster Eingriff mit Komplikationen, anschlie\u00dfend die Einlieferung ins Walter-Reed-Milit\u00e4rkrankenhaus.<\/p>\n<p>Dann bescherte ihm auch noch sein pers\u00f6nlicher Umgang mit der Erkrankung erheblichen \u00c4rger: Weil Austin zun\u00e4chst weder US-Pr\u00e4sident <a href=\"https:\/\/www.spiegel.de\/thema\/joe_biden\/\" rel=\"noreferrer noopener\" target=\"_blank\">Joe Biden<\/a> noch den Kongress \u00fcber seine Erkrankung und den Klinikaufenthalt informierte und erst mit tagelanger Verz\u00f6gerung f\u00fcr Transparenz sorgte, stand der Minister auch in der eigenen Partei in der Kritik.<\/p>\n<p>Austin nutzte deshalb eine Pressekonferenz an diesem Donnerstag<a href=\"https:\/\/www.spiegel.de\/ausland\/llyod-austin-us-verteidigungsminister-entschuldigt-sich-fuer-verheimlichte-krebserkrankung-a-73413cc6-d12d-4ce0-a269-42287ac85d09\" rel=\"noreferrer noopener\" target=\"_blank\"> f\u00fcr eine umfassende \u00f6ffentliche Entschuldigung<\/a>. \u00bbIch h\u00e4tte den Pr\u00e4sidenten \u00fcber meine Krebsdiagnose informieren m\u00fcssen. Ich h\u00e4tte es auch meinem Team und der amerikanischen \u00d6ffentlichkeit sagen sollen und \u00fcbernehme die volle Verantwortung. Ich entschuldige mich bei meinem Team und beim amerikanischen Volk\u00ab, sagte Austin reum\u00fctig.<\/p>\n<h3>\u00bbWir werden mehrstufig reagieren\u00ab<\/h3>\n<p>Seine Pressekonferenz war aber nicht allein ein Termin in eigener Sache. Es ging dem Verteidigungsminister auch um konkrete Politik und um ein Zeichen der Entschlossenheit. \u00bbDas ist ein gef\u00e4hrlicher Moment im Nahen Osten\u00ab, sagte Austin, als er \u00fcber den <a href=\"https:\/\/www.spiegel.de\/ausland\/nahostkonflikt-neue-erkenntnisse-zum-toedlichen-drohnenangriff-in-jordanien-a-fe01968e-d1b2-4a86-8329-f47141efb1f2\" rel=\"noreferrer noopener\" target=\"_blank\">t\u00f6dlichen Angriff proiranischer Milizen auf US-Soldaten in Jordanien redete<\/a>.<\/p>\n<p>\u00bbDer Pr\u00e4sident wird Angriffe auf amerikanische Truppen nicht dulden, und ich werde das auch nicht tun\u00ab, fuhr Austin im Pentagon fort. Man wolle einen gr\u00f6\u00dferen Konflikt in der Region vermeiden. \u00bbAber wir wollen die Leute, die daf\u00fcr verantwortlich sind, zur Rechenschaft ziehen\u00ab, warnte Austin.<\/p>\n<p>Die USA h\u00e4tten deshalb eine Reihe von Vergeltungsschl\u00e4gen angeordnet, die sich \u00fcber mehr als einen Tag erstrecken sollen, so Austin. \u00bbWir werden mehrstufig reagieren und sind in der Lage, je nach Situation mehrmals zu reagieren.\u00ab<\/p>\n<h3>USA betonen, dass sie sich nicht im Krieg mit Iran befinden<\/h3>\n<p>Bei dem Drohnenangriff in der N\u00e4he der syrischen Grenze waren am Sonntag zwei US-Soldatinnen und ein US-Soldat get\u00f6tet worden. Zahlreiche weitere Soldaten wurden verletzt. Die US-Regierung machte die Gruppe \u00bbIslamischer Widerstand im Irak\u00ab f\u00fcr den Anschlag verantwortlich, die sich zuvor auch dazu bekannt hatte. Es handelt sich um eine Art Dachgruppe f\u00fcr proiranische Milizen im Irak, die seit dem 7. Oktober gemeinsam unter diesem allgemeinen Namen auftreten.<\/p>\n<p>W\u00e4hrend Teheran eine Beteiligung bestritten hat, sagte Austin am Donnerstag: \u00bbWir wissen nicht, wie viel Iran wusste oder nicht wusste. Aber es spielt keine Rolle\u00ab, weil Iran diese Gruppen finanziere und teils auch ausbilde. Und ohne diese Art der Unterst\u00fctzung gebe es derartige Angriffe auf US-St\u00fctzpunkte nicht. Austin macht gleichzeitig klar: \u00bbWir befinden uns nicht im Krieg mit Iran.\u00ab<\/p>\n<p>Austin sagte, dass das Pentagon immer noch die Drohne untersuche, die Tower 22 getroffen hat. Tower 22 ist eine US-Milit\u00e4rbasis im Nordosten Jordaniens, die f\u00fcr die US-Pr\u00e4senz im benachbarten Syrien von entscheidender Bedeutung ist. Er glaube nicht, dass es den Gegnern um eine einmalige Aktion gegangen sei, betonte Austin. \u00bbSie haben also eine Menge F\u00e4higkeiten. Ich habe viel mehr\u00ab, sagte der US-Verteidigungsminister. \u00bbWir werden tun, was n\u00f6tig ist, um unsere Truppen zu sch\u00fctzen.\u00ab<\/p>\n<p>Seit Beginn des<a href=\"https:\/\/www.spiegel.de\/thema\/angriff-auf-israel-2023\/\" rel=\"noreferrer noopener\" target=\"_blank\"> Israel-Gaza-Kriegs<\/a> zwischen <a href=\"https:\/\/www.spiegel.de\/thema\/israel\/\" rel=\"noreferrer noopener\" target=\"_blank\">Israel <\/a>und der Terrororganisation <a href=\"https:\/\/www.spiegel.de\/thema\/hamas\/\" rel=\"noreferrer noopener\" target=\"_blank\">Hamas <\/a>im Oktober haben proiranische Milizen fast t\u00e4glich Angriffe auf US-Milit\u00e4rst\u00fctzpunkte im Irak und in Syrien ver\u00fcbt. Die US-Regierung hat darauf mit Luftschl\u00e4gen in beiden L\u00e4ndern reagiert. Au\u00dferdem greifen die jemenitischen Huthi \u2013 aus Solidarit\u00e4t mit der Hamas \u2013 immer wieder Frachter im Roten Meer an. Als Reaktion darauf hatten die USA und Gro\u00dfbritannien mit der Unterst\u00fctzung Verb\u00fcndeter Milit\u00e4rschl\u00e4ge gegen die von <a href=\"https:\/\/www.spiegel.de\/thema\/iran\/\" rel=\"noreferrer noopener\" target=\"_blank\">Iran<\/a> unterst\u00fctzte Miliz im Jemen ausgef\u00fchrt.<\/p>\n","protected":false},"excerpt":{"rendered":"<p>Lloyd Austin hat harte Wochen hinter sich: eine Krebsdiagnose im vergangenen Dezember, ein erster Eingriff mit Komplikationen, anschlie\u00dfend die Einlieferung ins Walter-Reed-Milit\u00e4rkrankenhaus. Dann bescherte ihm auch noch sein pers\u00f6nlicher Umgang<\/p>\n","protected":false},"author":1,"featured_media":26369,"comment_status":"open","ping_status":"open","sticky":false,"template":"","format":"standard","meta":{"footnotes":""},"categories":[1],"tags":[],"class_list":["post-26368","post","type-post","status-publish","format-standard","has-post-thumbnail","hentry","category-nachrichten"],"_links":{"self":[{"href":"https:\/\/onlinetranslators.de\/news\/wp-json\/wp\/v2\/posts\/26368","targetHints":{"allow":["GET"]}}],"collection":[{"href":"https:\/\/onlinetranslators.de\/news\/wp-json\/wp\/v2\/posts"}],"about":[{"href":"https:\/\/onlinetranslators.de\/news\/wp-json\/wp\/v2\/types\/post"}],"author":[{"embeddable":true,"href":"https:\/\/onlinetranslators.de\/news\/wp-json\/wp\/v2\/users\/1"}],"replies":[{"embeddable":true,"href":"https:\/\/onlinetranslators.de\/news\/wp-json\/wp\/v2\/comments?post=26368"}],"version-history":[{"count":0,"href":"https:\/\/onlinetranslators.de\/news\/wp-json\/wp\/v2\/posts\/26368\/revisions"}],"wp:featuredmedia":[{"embeddable":true,"href":"https:\/\/onlinetranslators.de\/news\/wp-json\/wp\/v2\/media\/26369"}],"wp:attachment":[{"href":"https:\/\/onlinetranslators.de\/news\/wp-json\/wp\/v2\/media?parent=26368"}],"wp:term":[{"taxonomy":"category","embeddable":true,"href":"https:\/\/onlinetranslators.de\/news\/wp-json\/wp\/v2\/categories?post=26368"},{"taxonomy":"post_tag","embeddable":true,"href":"https:\/\/onlinetranslators.de\/news\/wp-json\/wp\/v2\/tags?post=26368"}],"curies":[{"name":"wp","href":"https:\/\/api.w.org\/{rel}","templated":true}]}}