{"id":26344,"date":"2024-02-01T04:57:51","date_gmt":"2024-02-01T01:57:51","guid":{"rendered":"https:\/\/onlinetranslators.de\/news\/nachrichten\/usa-beschuldigen-proiranische-miliz-als-drahtzieher-von-drohnenattacke\/"},"modified":"2024-02-01T04:57:51","modified_gmt":"2024-02-01T01:57:51","slug":"usa-beschuldigen-proiranische-miliz-als-drahtzieher-von-drohnenattacke","status":"publish","type":"post","link":"https:\/\/onlinetranslators.de\/news\/nachrichten\/usa-beschuldigen-proiranische-miliz-als-drahtzieher-von-drohnenattacke\/","title":{"rendered":"USA beschuldigen proiranische Miliz als Drahtzieher von Drohnenattacke"},"content":{"rendered":"<p class=\"caps\">Seit dem t\u00f6dlichen Angriff auf amerikanische Soldaten in <a href=\"https:\/\/www.spiegel.de\/thema\/jordanien\/\" rel=\"noreferrer noopener\" target=\"_blank\">Jordanien<\/a> sind zahlreiche Fragen offen. Wann werden die <a href=\"https:\/\/www.spiegel.de\/thema\/usa\/\" rel=\"noreferrer noopener\" target=\"_blank\">USA<\/a> reagieren? Wie genau? Und vor allem: gegen wen? Zumindest letztere Frage ist nun beantwortet, die US-Regierung hat eine Gruppe als verantwortlich identifiziert.<\/p>\n<p>\u00bbWir glauben, dass der Anschlag von einer Dachorganisation namens \u203aIslamischer Widerstand im Irak\u2039 geplant, finanziert und durchgef\u00fchrt wurde\u00ab, sagte der Kommunikationsdirektor des Nationalen Sicherheitsrats, John Kirby, am Mittwoch in <a href=\"https:\/\/www.spiegel.de\/thema\/washington\/\" rel=\"noreferrer noopener\" target=\"_blank\">Washington<\/a>. Die Organisation umfasse mehrere Gruppen, unter anderem die proiranische Miliz Kataib <a href=\"https:\/\/www.spiegel.de\/thema\/hisbollah\/\" rel=\"noreferrer noopener\" target=\"_blank\">Hisbollah<\/a>.<\/p>\n<p>Bei dem Drohnenangriff auf den abgelegenen St\u00fctzpunkt Tower 22 in der N\u00e4he der syrischen Grenze <a href=\"https:\/\/www.spiegel.de\/ausland\/bei-drohnenangriff-in-jordanien-drei-us-soldaten-getoetet-a-4c316114-ae8d-466a-bc36-ea273358eee9\" rel=\"noreferrer noopener\" target=\"_blank\">waren am Sonntag drei US-Soldaten get\u00f6tet worden<\/a>. Zahlreiche weitere Soldaten wurden verletzt. Biden machte \u00bbradikale, von <a href=\"https:\/\/www.spiegel.de\/thema\/iran\/\" rel=\"noreferrer noopener\" target=\"_blank\">Iran<\/a> unterst\u00fctzten militanten Gruppen\u00ab f\u00fcr den Angriff verantwortlich <a href=\"https:\/\/www.spiegel.de\/ausland\/jordanien-usa-drohen-nach-toedlicher-drohnenattacke-mit-vergeltung-a-4b747113-5e57-46c8-b814-e063980ce068\" rel=\"noreferrer noopener\" target=\"_blank\">und drohte mit Vergeltung<\/a>.<\/p>\n<p>\u00bbWir werden zum angemessenen Zeitpunkt und auf eine unserer Ansicht nach angemessene Weise reagieren\u00ab, sagte auch Kirby. \u00bbNur weil Sie in den letzten 48 Stunden nichts gesehen haben, hei\u00dft das nicht, dass Sie nichts sehen werden\u00ab, f\u00fcgte er hinzu.<\/p>\n<p>Der \u00bbIslamische Widerstand im Irak\u00ab bekannte sich zu dem Angriff. Es handelt sich um eine Art Dachgruppe f\u00fcr proiranische Milizen im <a href=\"https:\/\/www.spiegel.de\/thema\/irak\/\" rel=\"noreferrer noopener\" target=\"_blank\">Irak<\/a>, die seit dem 7. Oktober gemeinsam unter diesem allgemeinen Namen auftreten. Die von Iran unterst\u00fctzte Kataib Hisbollah z\u00e4hlt zu den st\u00e4rksten Milizen im Irak. Sie fordert den Abzug der US-Truppen aus dem Land.<\/p>\n<p>Kataib Hisbollah hatte sich schon kurz nach der Attacke ge\u00e4u\u00dfert <a href=\"https:\/\/www.spiegel.de\/ausland\/irak-proiranische-miliz-kuendigt-aussetzung-aller-angriffe-auf-us-truppen-an-a-3c9e6a6d-c85f-4d84-a9cb-bfa077dabe1c\" rel=\"noreferrer noopener\" target=\"_blank\">und eine Aussetzung aller Angriffe auf amerikanische Truppen angek\u00fcndigt<\/a>. Man wolle die Regierung in <a href=\"https:\/\/www.spiegel.de\/thema\/bagdad\/\" rel=\"noreferrer noopener\" target=\"_blank\">Bagdad<\/a> nicht in Verlegenheit bringen, teilte die Gruppe am Dienstag mit.<\/p>\n<p>Nach Angaben der irakischen Regierung gingen der Ank\u00fcndigung von Kataib Hisbollah Verhandlungen von Ministerpr\u00e4sident Mohammed Schia Al-Sudani mit dem Ziel voraus, eine Eskalation zu verhindern. Aus Regierungskreisen in Bagdad hie\u00df es, der Angriff sei \u00bboffensichtlich ein Schritt zu viel\u00ab gewesen. Nun st\u00fcnden alle am Scheideweg.<\/p>\n<p>Seit Beginn des Gazakrieges zwischen <a href=\"https:\/\/www.spiegel.de\/thema\/israel\/\" rel=\"noreferrer noopener\" target=\"_blank\">Israel<\/a> und der islamistischen <a href=\"https:\/\/www.spiegel.de\/thema\/hamas\/\" rel=\"noreferrer noopener\" target=\"_blank\">Hamas<\/a> im Oktober haben proiranische Milizen fast t\u00e4glich Angriffe auf US-Milit\u00e4rst\u00fctzpunkte im Irak und in <a href=\"https:\/\/www.spiegel.de\/thema\/syrien\/\" rel=\"noreferrer noopener\" target=\"_blank\">Syrien<\/a> ver\u00fcbt. Die US-Regierung hat darauf mit Luftschl\u00e4gen in beiden L\u00e4ndern reagiert. Au\u00dferdem greifen die jemenitischen Huthi \u2013 aus Solidarit\u00e4t mit der Hamas \u2013 immer wieder Frachter im Roten Meer an. Als Reaktion darauf hatten die USA und <a href=\"https:\/\/www.spiegel.de\/thema\/grossbritannien\/\" rel=\"noreferrer noopener\" target=\"_blank\">Gro\u00dfbritannien<\/a> mit der Unterst\u00fctzung Verb\u00fcndeter Milit\u00e4rschl\u00e4ge gegen die von Iran unterst\u00fctzte Miliz im <a href=\"https:\/\/www.spiegel.de\/thema\/jemen\/\" rel=\"noreferrer noopener\" target=\"_blank\">Jemen<\/a> ausgef\u00fchrt.<\/p>\n<h3>Druck auf Biden w\u00e4chst \u2013 und Fragen zur Flugabwehr offen<\/h3>\n<p>US-Pr\u00e4sident <a href=\"https:\/\/www.spiegel.de\/thema\/joe_biden\/\" rel=\"noreferrer noopener\" target=\"_blank\">Joe Biden<\/a> ist im Wahljahr durch den Angriff innenpolitisch unter Druck geraten: Die Republikaner haben ihm Unt\u00e4tigkeit vorgeworfen. Biden beschuldigte Iran, die Waffen f\u00fcr den t\u00f6dlichen Drohnenangriff beschafft zu haben. \u00bbIch mache sie insofern verantwortlich, als dass sie den Leuten, die das getan haben, die Waffen zur Verf\u00fcgung gestellt haben\u00ab, sagte Biden. <a href=\"https:\/\/www.spiegel.de\/thema\/teheran\/\" rel=\"noreferrer noopener\" target=\"_blank\">Teheran<\/a> hatte jegliche Verbindung zu dem Angriff von sich gewiesen.<\/p>\n<p>Auch zum Ablauf des Angriffs sind noch Fragen offen: Unter anderem das <a href=\"https:\/\/www.wsj.com\/world\/middle-east\/iranian-allies-brace-for-u-s-response-to-deadly-drone-strike-99378749?mod=hp_lead_pos1\" rel=\"noreferrer noopener\" target=\"_blank\">\u00bbWall Street Journal\u00ab             <\/a>, die <a href=\"https:\/\/www.nytimes.com\/live\/2024\/01\/29\/world\/israel-hamas-war-gaza-jordan-updates\" rel=\"noreferrer noopener\" target=\"_blank\">\u00bbNew York Times\u00ab  <\/a>und der Sender <a href=\"https:\/\/www.foxnews.com\/politics\/drone-iran-proxy-evaded-us-defenses-mistaken-us-drone-official\" rel=\"noreferrer noopener\" target=\"_blank\">\u00bbFox News\u00ab  <\/a>berichteten am Montag unter Berufung auf US-Regierungsvertreter, die feindliche Drohne der Attacke habe sich zeitgleich mit einer US-\u00dcberwachungsdrohne dem St\u00fctzpunkt gen\u00e4hert. Deshalb sei zun\u00e4chst unklar gewesen, ob es sich <a href=\"https:\/\/www.spiegel.de\/ausland\/nahostkonflikt-neue-erkenntnisse-zum-toedlichen-drohnenangriff-in-jordanien-a-fe01968e-d1b2-4a86-8329-f47141efb1f2\" rel=\"noreferrer noopener\" target=\"_blank\">um eine eigene oder feindliche Drohne gehandelt habe<\/a>. In der Folge sei die Luftabwehr nicht sofort zum Einsatz gekommen, hie\u00df es.<\/p>\n<p>Zwei weitere Drohnen an Orten in der N\u00e4he wurden den Berichten zufolge hingegen abgeschossen. Das <a href=\"https:\/\/www.spiegel.de\/thema\/pentagon\/\" rel=\"noreferrer noopener\" target=\"_blank\">Pentagon<\/a> hatte am Montag auf Nachfrage erkl\u00e4rt, der Vorfall werde derzeit noch untersucht.<\/p>\n","protected":false},"excerpt":{"rendered":"<p>Seit dem t\u00f6dlichen Angriff auf amerikanische Soldaten in Jordanien sind zahlreiche Fragen offen. Wann werden die USA reagieren? Wie genau? Und vor allem: gegen wen? Zumindest letztere Frage ist nun<\/p>\n","protected":false},"author":1,"featured_media":26345,"comment_status":"open","ping_status":"open","sticky":false,"template":"","format":"standard","meta":{"footnotes":""},"categories":[1],"tags":[],"class_list":["post-26344","post","type-post","status-publish","format-standard","has-post-thumbnail","hentry","category-nachrichten"],"_links":{"self":[{"href":"https:\/\/onlinetranslators.de\/news\/wp-json\/wp\/v2\/posts\/26344","targetHints":{"allow":["GET"]}}],"collection":[{"href":"https:\/\/onlinetranslators.de\/news\/wp-json\/wp\/v2\/posts"}],"about":[{"href":"https:\/\/onlinetranslators.de\/news\/wp-json\/wp\/v2\/types\/post"}],"author":[{"embeddable":true,"href":"https:\/\/onlinetranslators.de\/news\/wp-json\/wp\/v2\/users\/1"}],"replies":[{"embeddable":true,"href":"https:\/\/onlinetranslators.de\/news\/wp-json\/wp\/v2\/comments?post=26344"}],"version-history":[{"count":0,"href":"https:\/\/onlinetranslators.de\/news\/wp-json\/wp\/v2\/posts\/26344\/revisions"}],"wp:featuredmedia":[{"embeddable":true,"href":"https:\/\/onlinetranslators.de\/news\/wp-json\/wp\/v2\/media\/26345"}],"wp:attachment":[{"href":"https:\/\/onlinetranslators.de\/news\/wp-json\/wp\/v2\/media?parent=26344"}],"wp:term":[{"taxonomy":"category","embeddable":true,"href":"https:\/\/onlinetranslators.de\/news\/wp-json\/wp\/v2\/categories?post=26344"},{"taxonomy":"post_tag","embeddable":true,"href":"https:\/\/onlinetranslators.de\/news\/wp-json\/wp\/v2\/tags?post=26344"}],"curies":[{"name":"wp","href":"https:\/\/api.w.org\/{rel}","templated":true}]}}