{"id":26310,"date":"2024-01-30T17:05:59","date_gmt":"2024-01-30T14:05:59","guid":{"rendered":"https:\/\/onlinetranslators.de\/news\/nachrichten\/ver-di-plant-offenbar-bundesweiten-streik-der-sicherheitskrafte-an-flughafen\/"},"modified":"2024-01-30T17:05:59","modified_gmt":"2024-01-30T14:05:59","slug":"ver-di-plant-offenbar-bundesweiten-streik-der-sicherheitskrafte-an-flughafen","status":"publish","type":"post","link":"https:\/\/onlinetranslators.de\/news\/nachrichten\/ver-di-plant-offenbar-bundesweiten-streik-der-sicherheitskrafte-an-flughafen\/","title":{"rendered":"Ver.di plant offenbar bundesweiten Streik der Sicherheitskr\u00e4fte an Flugh\u00e4fen"},"content":{"rendered":"<p class=\"caps\">Flugpassagiere m\u00fcssen sich an diesem Donnerstag auf Flugausf\u00e4lle und Versp\u00e4tungen gefasst machen. Grund ist ein bundesweiter Warnstreik der Luftsicherheitskr\u00e4fte am 1. Februar, zu dem die Gewerkschaft Ver.di aufgerufen hat, wie die Nachrichtenagentur dpa und der Hessische Rundfunk (HR) berichten. Ver.di selbst war zun\u00e4chst nicht f\u00fcr eine Stellungnahme zu erreichen.<\/p>\n<p>Laut HR-Informationen hat die Gewerkschaft die rund 25.000 Besch\u00e4ftigten der Luftsicherheitsbranche aufgerufen, die Arbeit ab dem fr\u00fchen Donnerstagmorgen niederzulegen. Gestreikt werden soll dann bis Mitternacht. Die Besch\u00e4ftigten sind an den Kontrollen f\u00fcr Passagiere, Gep\u00e4ck und Personal t\u00e4tig. Ohne sie ist kein Betrieb der Sicherheitsbereiche an den Flugh\u00e4fen m\u00f6glich. Daher d\u00fcrfte der Flugverkehr in weiten Teilen Deutschlands lahmgelegt werden.<\/p>\n<p>Die Gewerkschaft fordert unter anderem mehr Gehalt f\u00fcr die Besch\u00e4ftigten. Bisher gab es in drei Verhandlungsrunden keine Einigung. Weitere Gespr\u00e4che sind f\u00fcr die kommende Woche geplant.<\/p>\n<p>Der Streik der Luftsicherheitskr\u00e4fte reicht sich damit in zwei weitere Tarifk\u00e4mpfe ein, die den Verkehr in Deutschland empfindlich st\u00f6ren: Am Freitag will Ver.di Besch\u00e4ftigte <a href=\"https:\/\/www.spiegel.de\/wirtschaft\/oepnv-wo-die-ver-di-bahner-am-freitag-streiken-werden-a-a5ea430d-0608-4f3e-8a5c-b952f4ceb9a4\" rel=\"noreferrer noopener\" target=\"_blank\">im \u00f6ffentlichen Personennahverkehr (\u00d6PNV) <\/a>in allen Bundesl\u00e4ndern mit Ausnahme von Bayern auf. Erst am Montagmorgen <a href=\"https:\/\/www.spiegel.de\/wirtschaft\/bahnstreik-endet-vorzeitig-ab-montag-wird-zwischen-gdl-und-deutscher-bahn-wieder-verhandelt-a-4e6a7e09-62f1-4357-a0f5-a5ee489cb779\" rel=\"noreferrer noopener\" target=\"_blank\">endete ein f\u00fcnft\u00e4giger Streik der Lokf\u00fchrergewerkschaft GDL<\/a> bei der Deutschen Bahn, die den Fern- und Regionalverkehr erheblich traf. Nun will die GDL erst einmal weiter mit der Bahn verhandelt, bis Anfang M\u00e4rz sind weitere Arbeitsniederlegungen ausgeschlossen. <\/p>\n<p>Zuletzt war es im M\u00e4rz vergangenen Jahres zu Warnstreiks auch in der Luftsicherheit gekommen. Damals ging es um die Arbeitsbedingungen der Besch\u00e4ftigten, die in den vergangenen Jahren deutliche Lohnsteigerungen durchgesetzt hatten.<\/p>\n","protected":false},"excerpt":{"rendered":"<p>Flugpassagiere m\u00fcssen sich an diesem Donnerstag auf Flugausf\u00e4lle und Versp\u00e4tungen gefasst machen. Grund ist ein bundesweiter Warnstreik der Luftsicherheitskr\u00e4fte am 1. Februar, zu dem die Gewerkschaft Ver.di aufgerufen hat, wie<\/p>\n","protected":false},"author":1,"featured_media":26311,"comment_status":"open","ping_status":"open","sticky":false,"template":"","format":"standard","meta":{"footnotes":""},"categories":[1],"tags":[],"class_list":["post-26310","post","type-post","status-publish","format-standard","has-post-thumbnail","hentry","category-nachrichten"],"_links":{"self":[{"href":"https:\/\/onlinetranslators.de\/news\/wp-json\/wp\/v2\/posts\/26310","targetHints":{"allow":["GET"]}}],"collection":[{"href":"https:\/\/onlinetranslators.de\/news\/wp-json\/wp\/v2\/posts"}],"about":[{"href":"https:\/\/onlinetranslators.de\/news\/wp-json\/wp\/v2\/types\/post"}],"author":[{"embeddable":true,"href":"https:\/\/onlinetranslators.de\/news\/wp-json\/wp\/v2\/users\/1"}],"replies":[{"embeddable":true,"href":"https:\/\/onlinetranslators.de\/news\/wp-json\/wp\/v2\/comments?post=26310"}],"version-history":[{"count":0,"href":"https:\/\/onlinetranslators.de\/news\/wp-json\/wp\/v2\/posts\/26310\/revisions"}],"wp:featuredmedia":[{"embeddable":true,"href":"https:\/\/onlinetranslators.de\/news\/wp-json\/wp\/v2\/media\/26311"}],"wp:attachment":[{"href":"https:\/\/onlinetranslators.de\/news\/wp-json\/wp\/v2\/media?parent=26310"}],"wp:term":[{"taxonomy":"category","embeddable":true,"href":"https:\/\/onlinetranslators.de\/news\/wp-json\/wp\/v2\/categories?post=26310"},{"taxonomy":"post_tag","embeddable":true,"href":"https:\/\/onlinetranslators.de\/news\/wp-json\/wp\/v2\/tags?post=26310"}],"curies":[{"name":"wp","href":"https:\/\/api.w.org\/{rel}","templated":true}]}}